{"id":90954,"date":"2025-06-24T18:32:02","date_gmt":"2025-06-24T21:32:02","guid":{"rendered":"https:\/\/noticiasbahia360.com.br\/?p=90954"},"modified":"2025-06-24T18:32:02","modified_gmt":"2025-06-24T21:32:02","slug":"explosao-em-fabrica-clandestina-de-fogos-deixa-dois-feridos-em-maragogipe","status":"publish","type":"post","link":"https:\/\/noticiasbahia360.com.br\/?p=90954","title":{"rendered":"Explos\u00e3o em f\u00e1brica clandestina de fogos deixa dois feridos em Maragogipe"},"content":{"rendered":"<div>\n<div>\n<figure><img decoding=\"async\" src=\"http:\/\/noticiasbahia360.com.br\/wp-content\/uploads\/2025\/06\/fabrica-clandestina-de-fogos-em-cruz-das-almas.jpg\" alt=\"Explos\u00e3o em f\u00e1brica clandestina de fogos de artif\u00edcio deixa dois feridos em Maragogipe\"><figcaption>Foto: Reprodu\u00e7\u00e3o<\/figcaption><\/figure>\n<\/div>\n<p>Uma explos\u00e3o em uma f\u00e1brica clandestina de fogos de artif\u00edcio deixou duas pessoas feridas na tarde desta ter\u00e7a-feira (24), na zona rural do munic\u00edpio de Maragogipe, no Rec\u00f4ncavo Baiano.<strong> As v\u00edtimas s\u00e3o dois irm\u00e3os que atuavam na fabrica\u00e7\u00e3o de espadas juninas, artefatos t\u00edpicos utilizados em festejos de S\u00e3o Jo\u00e3o.<\/strong><\/p>\n<p>De acordo com informa\u00e7\u00f5es do Corpo de Bombeiros, um dos homens sofreu queimaduras em cerca de 80% do corpo e foi socorrido em estado grave. Ele foi transferido de helic\u00f3ptero para o Hospital Geral do Estado (HGE), em Salvador. O outro irm\u00e3o tamb\u00e9m ficou ferido, mas com les\u00f5es de menor gravidade.<\/p>\n<p>Equipes da Pol\u00edcia Civil e do Corpo de Bombeiros est\u00e3o investigando as circunst\u00e2ncias do acidente e a origem do material utilizado.<\/p>\n<p>Segundo informa\u00e7\u00f5es preliminares obtidas pelo Blog do Valente, parceiro do Acorda Cidade, a explos\u00e3o teria ocorrido no momento em que uma furadeira estava sendo usada. Um poss\u00edvel curto-circuito gerou uma fa\u00edsca, que iniciou a combust\u00e3o dos materiais inflam\u00e1veis presentes no local, resultando na explos\u00e3o.<\/p>\n<p>As investiga\u00e7\u00f5es seguem em andamento para apurar responsabilidades e esclarecer se havia outras pessoas envolvidas na opera\u00e7\u00e3o do espa\u00e7o clandestino.<\/p>\n<h2 class=\"wp-block-heading\" id=\"h-guerra-de-espadas\"><strong>Guerra de Espadas<\/strong><\/h2>\n<p>As guerras de espada foram proibidas em Cruz das Almas em 2011, com base no Estatuto do Desarmamento, institu\u00eddo em 2003. A decis\u00e3o se deu diante dos riscos associados \u00e0 pr\u00e1tica, que j\u00e1 causou in\u00fameros acidentes na cidade e em outras regi\u00f5es onde as espadas juninas s\u00e3o utilizadas.<\/p>\n<p>A fabrica\u00e7\u00e3o, comercializa\u00e7\u00e3o e uso de espadas juninas s\u00e3o considerados crimes previstos em lei, sendo proibidos na Bahia e v\u00e1rias cidades do Brasil. A \u201cguerra de espadas\u201d pode causar acidentes graves, queimaduras e inc\u00eandios, al\u00e9m de colocar em risco a vida de quem participa e de pessoas pr\u00f3ximas. Apesar da proibi\u00e7\u00e3o, a pr\u00e1tica persiste em algumas localidades, com espadeiros que defendem a tradi\u00e7\u00e3o cultural, mas enfrentam a resist\u00eancia das autoridades e o enquadramento legal.<\/p>\n<p><em>Siga o Acorda Cidade no<\/em><a href=\"https:\/\/news.google.com\/search?q=acorda%20cidade&amp;hl=pt-BR&amp;gl=BR&amp;ceid=BR%3Apt-419\"><strong><em>\u00a0Google Not\u00edcias<\/em><\/strong><\/a><em>\u00a0e receba os principais destaques do dia. Participe tamb\u00e9m dos nossos canais no\u00a0<\/em><a href=\"https:\/\/www.whatsapp.com\/channel\/0029Va6Rb4v3WHTNnsh8WI3N\"><strong><em>WhatsApp<\/em><\/strong><\/a><em>\u00a0e\u00a0<\/em><a href=\"https:\/\/www.youtube.com\/@acordacidadenoticias\/videos\"><strong>YouTube<\/strong><\/a><em>\u00a0e grupo de\u00a0<\/em><a href=\"https:\/\/t.me\/+sSz0khrgARA0ZmRh\"><strong><em>Telegram<\/em><\/strong><\/a><em>.<\/em><\/p>\n<\/div>\n","protected":false},"excerpt":{"rendered":"<div>\n<div>\n<figure><img decoding=\"async\" src=\"https:\/\/uploads.acordacidade.com.br\/2025\/06\/fabrica-clandestina-de-fogos-em-cruz-das-almas.jpg\" alt=\"Explos\u00e3o em f\u00e1brica clandestina de fogos de artif\u00edcio deixa dois feridos em Maragogipe\"><figcaption>Foto: Reprodu\u00e7\u00e3o<\/figcaption><\/figure>\n<\/div>\n<p>Uma explos\u00e3o em uma f\u00e1brica clandestina de fogos de artif\u00edcio deixou duas pessoas feridas na tarde desta ter\u00e7a-feira (24), na zona rural do munic\u00edpio de Maragogipe, no Rec\u00f4ncavo Baiano. As v\u00edtimas s\u00e3o dois irm\u00e3os que atuavam na fabrica\u00e7\u00e3o de espadas juninas, artefatos t\u00edpicos utilizados em festejos de S\u00e3o Jo\u00e3o. De acordo com informa\u00e7\u00f5es do Corpo [\u2026]<\/p><\/div>\n","protected":false},"author":1,"featured_media":90955,"comment_status":"closed","ping_status":"closed","sticky":false,"template":"","format":"gallery","meta":{"footnotes":""},"categories":[8,9,6,57,56,10],"tags":[],"class_list":["post-90954","post","type-post","status-publish","format-gallery","has-post-thumbnail","hentry","category-bahia","category-brasil","category-feira-de-santana","category-mundo","category-policia","category-politica","post_format-post-format-gallery"],"featured_image_urls":{"full":["https:\/\/noticiasbahia360.com.br\/wp-content\/uploads\/2025\/06\/fabrica-clandestina-de-fogos-em-cruz-das-almas.jpg",1200,828,false],"thumbnail":["https:\/\/noticiasbahia360.com.br\/wp-content\/uploads\/2025\/06\/fabrica-clandestina-de-fogos-em-cruz-das-almas-150x150.jpg",150,150,true],"medium":["https:\/\/noticiasbahia360.com.br\/wp-content\/uploads\/2025\/06\/fabrica-clandestina-de-fogos-em-cruz-das-almas-300x207.jpg",300,207,true],"medium_large":["https:\/\/noticiasbahia360.com.br\/wp-content\/uploads\/2025\/06\/fabrica-clandestina-de-fogos-em-cruz-das-almas-768x530.jpg",640,442,true],"large":["https:\/\/noticiasbahia360.com.br\/wp-content\/uploads\/2025\/06\/fabrica-clandestina-de-fogos-em-cruz-das-almas-1024x707.jpg",640,442,true],"1536x1536":["https:\/\/noticiasbahia360.com.br\/wp-content\/uploads\/2025\/06\/fabrica-clandestina-de-fogos-em-cruz-das-almas.jpg",1200,828,false],"2048x2048":["https:\/\/noticiasbahia360.com.br\/wp-content\/uploads\/2025\/06\/fabrica-clandestina-de-fogos-em-cruz-das-almas.jpg",1200,828,false],"chromenews-featured":["https:\/\/noticiasbahia360.com.br\/wp-content\/uploads\/2025\/06\/fabrica-clandestina-de-fogos-em-cruz-das-almas-1024x707.jpg",1024,707,true],"chromenews-large":["https:\/\/noticiasbahia360.com.br\/wp-content\/uploads\/2025\/06\/fabrica-clandestina-de-fogos-em-cruz-das-almas-825x575.jpg",825,575,true],"chromenews-medium":["https:\/\/noticiasbahia360.com.br\/wp-content\/uploads\/2025\/06\/fabrica-clandestina-de-fogos-em-cruz-das-almas-590x410.jpg",590,410,true]},"author_info":{"display_name":"noticiasbahia360.com.br","author_link":"https:\/\/noticiasbahia360.com.br\/?author=1"},"category_info":"<a href=\"https:\/\/noticiasbahia360.com.br\/?cat=8\" rel=\"category\">Bahia<\/a> <a href=\"https:\/\/noticiasbahia360.com.br\/?cat=9\" rel=\"category\">Brasil<\/a> <a href=\"https:\/\/noticiasbahia360.com.br\/?cat=6\" rel=\"category\">Feira de Santana<\/a> <a href=\"https:\/\/noticiasbahia360.com.br\/?cat=57\" rel=\"category\">Mundo<\/a> <a href=\"https:\/\/noticiasbahia360.com.br\/?cat=56\" rel=\"category\">Pol\u00edcia<\/a> <a href=\"https:\/\/noticiasbahia360.com.br\/?cat=10\" rel=\"category\">Pol\u00edtica<\/a>","tag_info":"Pol\u00edtica","comment_count":"0","_links":{"self":[{"href":"https:\/\/noticiasbahia360.com.br\/index.php?rest_route=\/wp\/v2\/posts\/90954","targetHints":{"allow":["GET"]}}],"collection":[{"href":"https:\/\/noticiasbahia360.com.br\/index.php?rest_route=\/wp\/v2\/posts"}],"about":[{"href":"https:\/\/noticiasbahia360.com.br\/index.php?rest_route=\/wp\/v2\/types\/post"}],"author":[{"embeddable":true,"href":"https:\/\/noticiasbahia360.com.br\/index.php?rest_route=\/wp\/v2\/users\/1"}],"replies":[{"embeddable":true,"href":"https:\/\/noticiasbahia360.com.br\/index.php?rest_route=%2Fwp%2Fv2%2Fcomments&post=90954"}],"version-history":[{"count":0,"href":"https:\/\/noticiasbahia360.com.br\/index.php?rest_route=\/wp\/v2\/posts\/90954\/revisions"}],"wp:featuredmedia":[{"embeddable":true,"href":"https:\/\/noticiasbahia360.com.br\/index.php?rest_route=\/wp\/v2\/media\/90955"}],"wp:attachment":[{"href":"https:\/\/noticiasbahia360.com.br\/index.php?rest_route=%2Fwp%2Fv2%2Fmedia&parent=90954"}],"wp:term":[{"taxonomy":"category","embeddable":true,"href":"https:\/\/noticiasbahia360.com.br\/index.php?rest_route=%2Fwp%2Fv2%2Fcategories&post=90954"},{"taxonomy":"post_tag","embeddable":true,"href":"https:\/\/noticiasbahia360.com.br\/index.php?rest_route=%2Fwp%2Fv2%2Ftags&post=90954"}],"curies":[{"name":"wp","href":"https:\/\/api.w.org\/{rel}","templated":true}]}}