{"id":90958,"date":"2025-06-24T19:11:34","date_gmt":"2025-06-24T22:11:34","guid":{"rendered":"https:\/\/noticiasbahia360.com.br\/?p=90958"},"modified":"2025-06-24T19:11:34","modified_gmt":"2025-06-24T22:11:34","slug":"bahia-se-consolida-como-principal-palco-do-sao-joao-no-brasil-afirma-deputado-robinson-almeida","status":"publish","type":"post","link":"https:\/\/noticiasbahia360.com.br\/?p=90958","title":{"rendered":"Bahia se consolida como principal palco do S\u00e3o Jo\u00e3o no Brasil, afirma deputado Robinson Almeida"},"content":{"rendered":"<div>\n<div>\n<figure><img decoding=\"async\" src=\"http:\/\/noticiasbahia360.com.br\/wp-content\/uploads\/2025\/06\/publico-em-Cruz-das-Almas-Foto-Tatiana-Azeviche-Ascom-SeturBA.png\" alt=\"p\u00fablico em Cruz das Almas no S\u00e3o Jo\u00e3o 2025\"><figcaption>Foto: Tatiana Azeviche\/Ascom SeturBA<\/figcaption><\/figure>\n<\/div>\n<p>O deputado estadual Robinson Almeida (PT) avaliou, nesta ter\u00e7a-feira (24), que a Bahia se \u201cconsolidou como principal palco do S\u00e3o Jo\u00e3o no Brasil\u201d. Na opini\u00e3o do parlamentar do PT, isso teve importante contribui\u00e7\u00e3o do governo do estado, sob a lideran\u00e7a do governador Jer\u00f4nimo Rodrigues (PT), ao garantir investimentos para uma extensa programa\u00e7\u00e3o em todos os territ\u00f3rios, incluindo a capital, Salvador, contribuindo com a economia, o turismo e a gera\u00e7\u00e3o de emprego e renda no interior do estado.<\/p>\n<p>\u201c\u00c9 impressionante o quanto o S\u00e3o Jo\u00e3o movimenta o com\u00e9rcio, a rede de hospedagem, o setor cultural e toda a cadeia produtiva local. O investimento do governo Jer\u00f4nimo tem sido importante para fortalecer essa festa t\u00e3o importante para o nosso povo\u201d, afirmou Robinson, que percorreu cinco munic\u00edpios neste S\u00e3o Jo\u00e3o \u2014 Anguera, Capim Grosso, Muritiba, Cruz das Almas e Dom Macedo Costa.<\/p>\n<figure class=\"wp-block-image size-full\"><img fetchpriority=\"high\" data-dominant-color=\"977685\" data-has-transparency=\"false\" style=\"--dominant-color: #977685;\" fetchpriority=\"high\" decoding=\"async\" width=\"1200\" height=\"734\" sizes=\"(max-width: 1200px) 100vw, 1200px\" src=\"http:\/\/noticiasbahia360.com.br\/wp-content\/uploads\/2025\/06\/QDnSK0TG-Jeronimo-Rodrigues-e-Robinson-Almeida.webp\" alt=\"Jer\u00f4nimo Rodrigues e Robinson Almeida\" class=\"wp-image-568780 not-transparent\" srcset=\"https:\/\/uploads.acordacidade.com.br\/2025\/06\/QDnSK0TG-Jeronimo-Rodrigues-e-Robinson-Almeida-597x365.webp 597w, https:\/\/uploads.acordacidade.com.br\/2025\/06\/QDnSK0TG-Jeronimo-Rodrigues-e-Robinson-Almeida-904x553.webp 904w, https:\/\/uploads.acordacidade.com.br\/2025\/06\/QDnSK0TG-Jeronimo-Rodrigues-e-Robinson-Almeida-150x92.webp 150w, http:\/\/noticiasbahia360.com.br\/wp-content\/uploads\/2025\/06\/QDnSK0TG-Jeronimo-Rodrigues-e-Robinson-Almeida.webp 1200w\"><figcaption class=\"wp-element-caption\">Foto: Ascom<\/figcaption><\/figure>\n<p>Segundo o deputado, o governo estadual investiu na contrata\u00e7\u00e3o de artistas de proje\u00e7\u00e3o nacional e regional, al\u00e9m de garantir estrutura e refor\u00e7o nas \u00e1reas de seguran\u00e7a e sa\u00fade p\u00fablicas em todas as regi\u00f5es.<\/p>\n<p>\u201cEm Salvador, os festejos se concentraram em tr\u00eas grandes polos: o tradicional S\u00e3o Jo\u00e3o do Pelourinho, as comemora\u00e7\u00f5es no Sub\u00farbio Ferrovi\u00e1rio e no Parque de Exposi\u00e7\u00f5es, que contou com mais de 10 dias de festas, atraindo turistas e ajudando a fomentar a economia tamb\u00e9m na capital\u201d, frisou.<\/p>\n<p>O parlamentar tamb\u00e9m defendeu o fortalecimento do forr\u00f3 como elemento importante dos festejos para 2026. Para ele, a valoriza\u00e7\u00e3o da cultura popular nordestina, dos festejos juninos, com m\u00fasica tradicional que sempre foi s\u00edmbolo da festa consolida a Bahia como principal vitrine nacional tamb\u00e9m no per\u00edodo.<\/p>\n<p>\u201cA Bahia hoje \u00e9 refer\u00eancia. Al\u00e9m de manter viva a tradi\u00e7\u00e3o do S\u00e3o Jo\u00e3o, conseguimos transformar a festa em uma potente ferramenta de desenvolvimento socioecon\u00f4mico. Precisamos, cada vez mais, valorizar o forr\u00f3, o forr\u00f3 p\u00e9 de serra, os artistas regionais e as ra\u00edzes da nossa cultura. Para o pr\u00f3ximo ano, acho importante criar esse movimento, com os artistas, o poder p\u00fablico, de fortalecimento do g\u00eanero que ganhou o Brasil atrav\u00e9s de Luiz Gonzaga e deve, no S\u00e3o Jo\u00e3o, ser o anfitri\u00e3o dos festejos\u201d, refor\u00e7ou.<\/p>\n<p>O fator econ\u00f4mico tamb\u00e9m \u00e9 observado por Robinson Almeida como importante para a economia do interior.<\/p>\n<p>\u201cO S\u00e3o Jo\u00e3o \u00e9 a festa mais democr\u00e1tica e popular. \u00c9 o carnaval do interior, que recebe turistas e percebe o poder dos festejos tamb\u00e9m na economia, com a gera\u00e7\u00e3o de postos de trabalho e distribui\u00e7\u00e3o de renda. O governador Jer\u00f4nimo tem feito um trabalho firme para interiorizar os investimentos e garantir que os festejos juninos continue a gerar oportunidades para quem mais precisa. \u00c9 um ciclo virtuoso de cultura, economia e inclus\u00e3o social\u201d, concluiu.<\/p>\n<\/div>\n","protected":false},"excerpt":{"rendered":"<div>\n<div>\n<figure><img decoding=\"async\" src=\"https:\/\/uploads.acordacidade.com.br\/2025\/06\/publico-em-Cruz-das-Almas-Foto-Tatiana-Azeviche-Ascom-SeturBA.png\" alt=\"p\u00fablico em Cruz das Almas no S\u00e3o Jo\u00e3o 2025\"><figcaption>Foto: Tatiana Azeviche\/Ascom SeturBA<\/figcaption><\/figure>\n<\/div>\n<p>O parlamentar tamb\u00e9m defendeu o fortalecimento do forr\u00f3 como elemento importante dos festejos para 2026<\/p><\/div>\n","protected":false},"author":1,"featured_media":90959,"comment_status":"closed","ping_status":"closed","sticky":false,"template":"","format":"gallery","meta":{"footnotes":""},"categories":[8,9,6,57,56,10],"tags":[],"class_list":["post-90958","post","type-post","status-publish","format-gallery","has-post-thumbnail","hentry","category-bahia","category-brasil","category-feira-de-santana","category-mundo","category-policia","category-politica","post_format-post-format-gallery"],"featured_image_urls":{"full":["https:\/\/noticiasbahia360.com.br\/wp-content\/uploads\/2025\/06\/publico-em-Cruz-das-Almas-Foto-Tatiana-Azeviche-Ascom-SeturBA.png",1200,799,false],"thumbnail":["https:\/\/noticiasbahia360.com.br\/wp-content\/uploads\/2025\/06\/publico-em-Cruz-das-Almas-Foto-Tatiana-Azeviche-Ascom-SeturBA-150x150.png",150,150,true],"medium":["https:\/\/noticiasbahia360.com.br\/wp-content\/uploads\/2025\/06\/publico-em-Cruz-das-Almas-Foto-Tatiana-Azeviche-Ascom-SeturBA-300x200.png",300,200,true],"medium_large":["https:\/\/noticiasbahia360.com.br\/wp-content\/uploads\/2025\/06\/publico-em-Cruz-das-Almas-Foto-Tatiana-Azeviche-Ascom-SeturBA-768x511.png",640,426,true],"large":["https:\/\/noticiasbahia360.com.br\/wp-content\/uploads\/2025\/06\/publico-em-Cruz-das-Almas-Foto-Tatiana-Azeviche-Ascom-SeturBA-1024x682.png",640,426,true],"1536x1536":["https:\/\/noticiasbahia360.com.br\/wp-content\/uploads\/2025\/06\/publico-em-Cruz-das-Almas-Foto-Tatiana-Azeviche-Ascom-SeturBA.png",1200,799,false],"2048x2048":["https:\/\/noticiasbahia360.com.br\/wp-content\/uploads\/2025\/06\/publico-em-Cruz-das-Almas-Foto-Tatiana-Azeviche-Ascom-SeturBA.png",1200,799,false],"chromenews-featured":["https:\/\/noticiasbahia360.com.br\/wp-content\/uploads\/2025\/06\/publico-em-Cruz-das-Almas-Foto-Tatiana-Azeviche-Ascom-SeturBA-1024x682.png",1024,682,true],"chromenews-large":["https:\/\/noticiasbahia360.com.br\/wp-content\/uploads\/2025\/06\/publico-em-Cruz-das-Almas-Foto-Tatiana-Azeviche-Ascom-SeturBA-825x575.png",825,575,true],"chromenews-medium":["https:\/\/noticiasbahia360.com.br\/wp-content\/uploads\/2025\/06\/publico-em-Cruz-das-Almas-Foto-Tatiana-Azeviche-Ascom-SeturBA-590x410.png",590,410,true]},"author_info":{"display_name":"noticiasbahia360.com.br","author_link":"https:\/\/noticiasbahia360.com.br\/?author=1"},"category_info":"<a href=\"https:\/\/noticiasbahia360.com.br\/?cat=8\" rel=\"category\">Bahia<\/a> <a href=\"https:\/\/noticiasbahia360.com.br\/?cat=9\" rel=\"category\">Brasil<\/a> <a href=\"https:\/\/noticiasbahia360.com.br\/?cat=6\" rel=\"category\">Feira de Santana<\/a> <a href=\"https:\/\/noticiasbahia360.com.br\/?cat=57\" rel=\"category\">Mundo<\/a> <a href=\"https:\/\/noticiasbahia360.com.br\/?cat=56\" rel=\"category\">Pol\u00edcia<\/a> <a href=\"https:\/\/noticiasbahia360.com.br\/?cat=10\" rel=\"category\">Pol\u00edtica<\/a>","tag_info":"Pol\u00edtica","comment_count":"0","_links":{"self":[{"href":"https:\/\/noticiasbahia360.com.br\/index.php?rest_route=\/wp\/v2\/posts\/90958","targetHints":{"allow":["GET"]}}],"collection":[{"href":"https:\/\/noticiasbahia360.com.br\/index.php?rest_route=\/wp\/v2\/posts"}],"about":[{"href":"https:\/\/noticiasbahia360.com.br\/index.php?rest_route=\/wp\/v2\/types\/post"}],"author":[{"embeddable":true,"href":"https:\/\/noticiasbahia360.com.br\/index.php?rest_route=\/wp\/v2\/users\/1"}],"replies":[{"embeddable":true,"href":"https:\/\/noticiasbahia360.com.br\/index.php?rest_route=%2Fwp%2Fv2%2Fcomments&post=90958"}],"version-history":[{"count":0,"href":"https:\/\/noticiasbahia360.com.br\/index.php?rest_route=\/wp\/v2\/posts\/90958\/revisions"}],"wp:featuredmedia":[{"embeddable":true,"href":"https:\/\/noticiasbahia360.com.br\/index.php?rest_route=\/wp\/v2\/media\/90959"}],"wp:attachment":[{"href":"https:\/\/noticiasbahia360.com.br\/index.php?rest_route=%2Fwp%2Fv2%2Fmedia&parent=90958"}],"wp:term":[{"taxonomy":"category","embeddable":true,"href":"https:\/\/noticiasbahia360.com.br\/index.php?rest_route=%2Fwp%2Fv2%2Fcategories&post=90958"},{"taxonomy":"post_tag","embeddable":true,"href":"https:\/\/noticiasbahia360.com.br\/index.php?rest_route=%2Fwp%2Fv2%2Ftags&post=90958"}],"curies":[{"name":"wp","href":"https:\/\/api.w.org\/{rel}","templated":true}]}}