{"id":90961,"date":"2025-06-24T19:11:54","date_gmt":"2025-06-24T22:11:54","guid":{"rendered":"https:\/\/noticiasbahia360.com.br\/?p=90961"},"modified":"2025-06-24T19:11:54","modified_gmt":"2025-06-24T22:11:54","slug":"secretario-de-justica-da-bahia-comemora-a-nomeacao-julio-pinheiro-para-a-secretaria-de-assuntos-federativos-da-presidencia-da-republica","status":"publish","type":"post","link":"https:\/\/noticiasbahia360.com.br\/?p=90961","title":{"rendered":"Secret\u00e1rio de Justi\u00e7a da Bahia comemora a nomea\u00e7\u00e3o J\u00falio Pinheiro para a secretaria de Assuntos Federativos da Presid\u00eancia da Rep\u00fablica"},"content":{"rendered":"<div>\n<div>\n<figure><img decoding=\"async\" src=\"http:\/\/noticiasbahia360.com.br\/wp-content\/uploads\/2025\/06\/Felipe-Freitas-e-julio-pinheiro.jpg\" alt=\"Felipe Freitas e J\u00falio Pinheiro\"><figcaption>Felipe Freitas e J\u00falio Pinheiro  | Foto: Ascom<\/figcaption><\/figure>\n<\/div>\n<p>O ex-prefeito de Amargosa (BA), J\u00falio Pinheiro, foi nomeado, nesta ter\u00e7a-feira (24), Secret\u00e1rio Especial de Assuntos Federativos da Secretaria de Rela\u00e7\u00f5es Institucionais da Presid\u00eancia da Rep\u00fablica (SRI). Ele passa a integrar a equipe liderada pela ministra Gleisi Hoffmann.<\/p>\n<p>J\u00falio Pinheiro ser\u00e1 respons\u00e1vel pela articula\u00e7\u00e3o entre o governo federal, os estados e os munic\u00edpios, fortalecendo o di\u00e1logo federativo. O novo secret\u00e1rio suceder\u00e1 Il\u00e1rio Marques \u2013 que ocupa o cargo interinamente \u2013 e Andr\u00e9 Ceciliano, atualmente \u00e0 frente da Secretaria de Assuntos Parlamentares da SRI.<\/p>\n<p>Por meio de suas redes sociais, o secret\u00e1rio de Justi\u00e7a e Direitos Humanos da Bahia, Felipe Freitas, que esteve em Amargosa no dia 19 participando da abertura do Plant\u00e3o Integrado de Direitos Humanos em festas populares, destacou a nova fun\u00e7\u00e3o de J\u00falio Pinheiro, e afirmou que a sua nomea\u00e7\u00e3o representa o prest\u00edgio da Bahia no cen\u00e1rio pol\u00edtico nacional.<\/p>\n<p>\u201c\u00c9 mais um baiano no Pal\u00e1cio do Planalto, que se soma ao senador Jaques Wagner, l\u00edder do governo, para dialogar com prefeitos e prefeitas de todo o Brasil. Estou certo de que J\u00falio far\u00e1 um excelente trabalho e ajudar\u00e1 muito ao governador Jer\u00f4nimo Rodrigues na defesa dos interesses dos munic\u00edpios da Bahia\u201d afirmou o secret\u00e1rio Felipe Freitas.<\/p>\n<\/div>\n","protected":false},"excerpt":{"rendered":"<div>\n<div>\n<figure><img decoding=\"async\" src=\"https:\/\/uploads.acordacidade.com.br\/2025\/06\/Felipe-Freitas-e-julio-pinheiro.jpg\" alt=\"Felipe Freitas e J\u00falio Pinheiro\"><figcaption>Felipe Freitas e J\u00falio Pinheiro  | Foto: Ascom<\/figcaption><\/figure>\n<\/div>\n<p>O ex-prefeito de Amargosa (BA), J\u00falio Pinheiro, foi nomeado, nesta ter\u00e7a-feira (24), Secret\u00e1rio Especial de Assuntos Federativos da Secretaria de Rela\u00e7\u00f5es Institucionais da Presid\u00eancia da Rep\u00fablica (SRI). Ele passa a integrar a equipe liderada pela ministra Gleisi Hoffmann. J\u00falio Pinheiro ser\u00e1 respons\u00e1vel pela articula\u00e7\u00e3o entre o governo federal, os estados e os munic\u00edpios, fortalecendo o [\u2026]<\/p><\/div>\n","protected":false},"author":1,"featured_media":90962,"comment_status":"closed","ping_status":"closed","sticky":false,"template":"","format":"gallery","meta":{"footnotes":""},"categories":[8,9,6,57,56,10],"tags":[],"class_list":["post-90961","post","type-post","status-publish","format-gallery","has-post-thumbnail","hentry","category-bahia","category-brasil","category-feira-de-santana","category-mundo","category-policia","category-politica","post_format-post-format-gallery"],"featured_image_urls":{"full":["https:\/\/noticiasbahia360.com.br\/wp-content\/uploads\/2025\/06\/Felipe-Freitas-e-julio-pinheiro.jpg",1200,800,false],"thumbnail":["https:\/\/noticiasbahia360.com.br\/wp-content\/uploads\/2025\/06\/Felipe-Freitas-e-julio-pinheiro-150x150.jpg",150,150,true],"medium":["https:\/\/noticiasbahia360.com.br\/wp-content\/uploads\/2025\/06\/Felipe-Freitas-e-julio-pinheiro-300x200.jpg",300,200,true],"medium_large":["https:\/\/noticiasbahia360.com.br\/wp-content\/uploads\/2025\/06\/Felipe-Freitas-e-julio-pinheiro-768x512.jpg",640,427,true],"large":["https:\/\/noticiasbahia360.com.br\/wp-content\/uploads\/2025\/06\/Felipe-Freitas-e-julio-pinheiro-1024x683.jpg",640,427,true],"1536x1536":["https:\/\/noticiasbahia360.com.br\/wp-content\/uploads\/2025\/06\/Felipe-Freitas-e-julio-pinheiro.jpg",1200,800,false],"2048x2048":["https:\/\/noticiasbahia360.com.br\/wp-content\/uploads\/2025\/06\/Felipe-Freitas-e-julio-pinheiro.jpg",1200,800,false],"chromenews-featured":["https:\/\/noticiasbahia360.com.br\/wp-content\/uploads\/2025\/06\/Felipe-Freitas-e-julio-pinheiro-1024x683.jpg",1024,683,true],"chromenews-large":["https:\/\/noticiasbahia360.com.br\/wp-content\/uploads\/2025\/06\/Felipe-Freitas-e-julio-pinheiro-825x575.jpg",825,575,true],"chromenews-medium":["https:\/\/noticiasbahia360.com.br\/wp-content\/uploads\/2025\/06\/Felipe-Freitas-e-julio-pinheiro-590x410.jpg",590,410,true]},"author_info":{"display_name":"noticiasbahia360.com.br","author_link":"https:\/\/noticiasbahia360.com.br\/?author=1"},"category_info":"<a href=\"https:\/\/noticiasbahia360.com.br\/?cat=8\" rel=\"category\">Bahia<\/a> <a href=\"https:\/\/noticiasbahia360.com.br\/?cat=9\" rel=\"category\">Brasil<\/a> <a href=\"https:\/\/noticiasbahia360.com.br\/?cat=6\" rel=\"category\">Feira de Santana<\/a> <a href=\"https:\/\/noticiasbahia360.com.br\/?cat=57\" rel=\"category\">Mundo<\/a> <a href=\"https:\/\/noticiasbahia360.com.br\/?cat=56\" rel=\"category\">Pol\u00edcia<\/a> <a href=\"https:\/\/noticiasbahia360.com.br\/?cat=10\" rel=\"category\">Pol\u00edtica<\/a>","tag_info":"Pol\u00edtica","comment_count":"0","_links":{"self":[{"href":"https:\/\/noticiasbahia360.com.br\/index.php?rest_route=\/wp\/v2\/posts\/90961","targetHints":{"allow":["GET"]}}],"collection":[{"href":"https:\/\/noticiasbahia360.com.br\/index.php?rest_route=\/wp\/v2\/posts"}],"about":[{"href":"https:\/\/noticiasbahia360.com.br\/index.php?rest_route=\/wp\/v2\/types\/post"}],"author":[{"embeddable":true,"href":"https:\/\/noticiasbahia360.com.br\/index.php?rest_route=\/wp\/v2\/users\/1"}],"replies":[{"embeddable":true,"href":"https:\/\/noticiasbahia360.com.br\/index.php?rest_route=%2Fwp%2Fv2%2Fcomments&post=90961"}],"version-history":[{"count":0,"href":"https:\/\/noticiasbahia360.com.br\/index.php?rest_route=\/wp\/v2\/posts\/90961\/revisions"}],"wp:featuredmedia":[{"embeddable":true,"href":"https:\/\/noticiasbahia360.com.br\/index.php?rest_route=\/wp\/v2\/media\/90962"}],"wp:attachment":[{"href":"https:\/\/noticiasbahia360.com.br\/index.php?rest_route=%2Fwp%2Fv2%2Fmedia&parent=90961"}],"wp:term":[{"taxonomy":"category","embeddable":true,"href":"https:\/\/noticiasbahia360.com.br\/index.php?rest_route=%2Fwp%2Fv2%2Fcategories&post=90961"},{"taxonomy":"post_tag","embeddable":true,"href":"https:\/\/noticiasbahia360.com.br\/index.php?rest_route=%2Fwp%2Fv2%2Ftags&post=90961"}],"curies":[{"name":"wp","href":"https:\/\/api.w.org\/{rel}","templated":true}]}}