{"id":90965,"date":"2025-06-24T20:32:10","date_gmt":"2025-06-24T23:32:10","guid":{"rendered":"https:\/\/noticiasbahia360.com.br\/?p=90965"},"modified":"2025-06-24T20:32:10","modified_gmt":"2025-06-24T23:32:10","slug":"inss-estima-iniciar-ressarcimento-de-aposentados-no-dia-24-de-julho","status":"publish","type":"post","link":"https:\/\/noticiasbahia360.com.br\/?p=90965","title":{"rendered":"INSS estima iniciar ressarcimento de aposentados no dia 24 de julho"},"content":{"rendered":"<div>\n<div>\n<figure><img decoding=\"async\" src=\"http:\/\/noticiasbahia360.com.br\/wp-content\/uploads\/2025\/06\/INSS-ofot-marcello-casal-jr-agencia-brasil.jpg\" alt=\"INSS\"><figcaption>Foto: Marcelo Casal Jr.\/Ag\u00eancia Brasil <\/figcaption><\/figure>\n<\/div>\n<p>Ag\u00eancia Brasil \u2013 O Instituto Nacional do Seguro Social (INSS) informou nesta ter\u00e7a-feira (24) ao <a href=\"https:\/\/www.acordacidade.com.br\/tag\/stf\/\">Supremo Tribunal Federal (STF) <\/a>que o \u00f3rg\u00e3o pode iniciar o ressarcimento dos descontos irregulares nos benef\u00edcios de aposentados e pensionistas no dia 24 de julho. A proposta foi apresentada durante audi\u00eancia de concilia\u00e7\u00e3o convocada pela Corte para tratar do assunto.<\/p>\n<p>De acordo com a proposta, os pagamentos seriam feitos de 15 em 15 dias, a partir da data inicial. Cada lote deve contar com o ressarcimento de 1,5 milh\u00e3o de benefici\u00e1rios. Os valores ser\u00e3o corrigidos pelo \u00cdndice Nacional de Pre\u00e7os ao Consumidor Amplo (IPCA), indicador oficial da infla\u00e7\u00e3o.<\/p>\n<p>De acordo com o presidente do INSS, Gilberto Waller, o calend\u00e1rio de pagamento depender\u00e1 da valida\u00e7\u00e3o do ministro Dias Toffoli, relator da a\u00e7\u00e3o que trata dos descontos no STF.<\/p>\n<p>\u201cA gente tem v\u00e1rias situa\u00e7\u00f5es que poderiam gerar d\u00favidas em uma judicializa\u00e7\u00e3o, como \u00edndices de corre\u00e7\u00e3o, prazo prescricional, responsabiliza\u00e7\u00e3o por dano moral do INSS. A gente precisava de uma pe\u00e7a que pudesse ter um grande acordo, para ter uma solu\u00e7\u00e3o definitiva para os aposentados e pensionistas\u201d, afirmou. <\/p>\n<p>O presidente do instituto tamb\u00e9m garantiu que o INSS vai fazer a devolu\u00e7\u00e3o integral dos valores descontados. \u201cA nossa ideia \u00e9 que, de maneira r\u00e1pida e c\u00e9lere, venha a fazer o ressarcimento de todos de maneira integral\u201d, completou.<\/p>\n<p>Segundo o INSS, cerca de 3,4 milh\u00f5es de aposentados reconheceram os descontos irregulares ap\u00f3s serem notificados pelo instituto para se manifestarem sobre as irregularidades.<\/p>\n<h2 class=\"wp-block-heading\" id=\"h-conciliacao\"><strong>Concilia\u00e7\u00e3o<\/strong><\/h2>\n<p>A audi\u00eancia de concilia\u00e7\u00e3o foi convocada no \u00e2mbito da a\u00e7\u00e3o protocolada pela Advocacia-Geral da Uni\u00e3o (AGU) para solicitar que o ressarcimento seja avaliado pelo Supremo.<\/p>\n<p>Na semana passada, Dias Toffoli determinou a suspens\u00e3o da prescri\u00e7\u00e3o das a\u00e7\u00f5es protocoladas na Justi\u00e7a em busca do ressarcimento. A decis\u00e3o vale para todas pretens\u00f5es indenizat\u00f3rias de aposentados e pensionistas que foram lesados pelos descontos indevidos.<\/p>\n<p>Contudo, o ministro deixou de analisar os pedidos da AGU para abertura de cr\u00e9dito extraordin\u00e1rio no or\u00e7amento para viabilizar o ressarcimento e a exclus\u00e3o dos valores do teto de gastos da Uni\u00e3o para os anos de 2025 e 2026. A suspens\u00e3o nacional das a\u00e7\u00f5es que tratam do pagamento tamb\u00e9m n\u00e3o foi analisada.<\/p>\n<p>Segundo Toffoli, os requerimentos ser\u00e3o analisados no decorrer da tramita\u00e7\u00e3o da a\u00e7\u00e3o que trata da quest\u00e3o no Supremo.<\/p>\n<h2 class=\"wp-block-heading\" id=\"h-bloqueios\"><strong>Bloqueios<\/strong><\/h2>\n<p>At\u00e9 o momento, a Justi\u00e7a Federal j\u00e1 bloqueou R$ 2,8 bilh\u00f5es em bens de empresas e investigados envolvidos nas fraudes em descontos irregulares nos benef\u00edcios.<\/p>\n<p>As fraudes s\u00e3o investigadas na Opera\u00e7\u00e3o Sem Desconto, da Pol\u00edcia Federal, que apura um esquema nacional de descontos de mensalidades associativas n\u00e3o autorizadas. Estima-se que cerca de R$ 6,3 bilh\u00f5es foram descontados de aposentados e pensionistas entre 2019 e 2024.<\/p>\n<p><em>Siga o Acorda Cidade no<\/em><a href=\"https:\/\/news.google.com\/search?q=acorda%20cidade&amp;hl=pt-BR&amp;gl=BR&amp;ceid=BR%3Apt-419\"><strong><em>\u00a0Google Not\u00edcias<\/em><\/strong><\/a><em>\u00a0e receba os principais destaques do dia. Participe tamb\u00e9m dos nossos canais no\u00a0<\/em><a href=\"https:\/\/www.whatsapp.com\/channel\/0029Va6Rb4v3WHTNnsh8WI3N\"><strong><em>WhatsApp<\/em><\/strong><\/a><em>\u00a0e\u00a0<\/em><a href=\"https:\/\/www.youtube.com\/@acordacidadenoticias\/videos\"><strong>YouTube<\/strong><\/a><em>\u00a0e grupo de\u00a0<\/em><a href=\"https:\/\/t.me\/+sSz0khrgARA0ZmRh\"><strong><em>Telegram<\/em><\/strong><\/a><em>.<\/em><\/p>\n<\/div>\n","protected":false},"excerpt":{"rendered":"<div>\n<div>\n<figure><img decoding=\"async\" src=\"https:\/\/uploads.acordacidade.com.br\/wp-content\/uploads\/2022\/06\/14201043\/INSS-ofot-marcello-casal-jr-agencia-brasil.jpg\" alt=\"INSS\"><figcaption>Foto: Marcelo Casal Jr.\/Ag\u00eancia Brasil <\/figcaption><\/figure>\n<\/div>\n<p>Cerca de 3,4 milh\u00f5es de aposentados reconheceram os descontos irregulares ap\u00f3s serem notificados pelo instituto para se manifestarem sobre as irregularidades.<\/p><\/div>\n","protected":false},"author":1,"featured_media":90966,"comment_status":"closed","ping_status":"closed","sticky":false,"template":"","format":"gallery","meta":{"footnotes":""},"categories":[8,9,6,57,56,10],"tags":[],"class_list":["post-90965","post","type-post","status-publish","format-gallery","has-post-thumbnail","hentry","category-bahia","category-brasil","category-feira-de-santana","category-mundo","category-policia","category-politica","post_format-post-format-gallery"],"featured_image_urls":{"full":["https:\/\/noticiasbahia360.com.br\/wp-content\/uploads\/2025\/06\/INSS-ofot-marcello-casal-jr-agencia-brasil.jpg",714,339,false],"thumbnail":["https:\/\/noticiasbahia360.com.br\/wp-content\/uploads\/2025\/06\/INSS-ofot-marcello-casal-jr-agencia-brasil-150x150.jpg",150,150,true],"medium":["https:\/\/noticiasbahia360.com.br\/wp-content\/uploads\/2025\/06\/INSS-ofot-marcello-casal-jr-agencia-brasil-300x142.jpg",300,142,true],"medium_large":["https:\/\/noticiasbahia360.com.br\/wp-content\/uploads\/2025\/06\/INSS-ofot-marcello-casal-jr-agencia-brasil.jpg",640,304,false],"large":["https:\/\/noticiasbahia360.com.br\/wp-content\/uploads\/2025\/06\/INSS-ofot-marcello-casal-jr-agencia-brasil.jpg",640,304,false],"1536x1536":["https:\/\/noticiasbahia360.com.br\/wp-content\/uploads\/2025\/06\/INSS-ofot-marcello-casal-jr-agencia-brasil.jpg",714,339,false],"2048x2048":["https:\/\/noticiasbahia360.com.br\/wp-content\/uploads\/2025\/06\/INSS-ofot-marcello-casal-jr-agencia-brasil.jpg",714,339,false],"chromenews-featured":["https:\/\/noticiasbahia360.com.br\/wp-content\/uploads\/2025\/06\/INSS-ofot-marcello-casal-jr-agencia-brasil.jpg",714,339,false],"chromenews-large":["https:\/\/noticiasbahia360.com.br\/wp-content\/uploads\/2025\/06\/INSS-ofot-marcello-casal-jr-agencia-brasil.jpg",714,339,false],"chromenews-medium":["https:\/\/noticiasbahia360.com.br\/wp-content\/uploads\/2025\/06\/INSS-ofot-marcello-casal-jr-agencia-brasil-590x339.jpg",590,339,true]},"author_info":{"display_name":"noticiasbahia360.com.br","author_link":"https:\/\/noticiasbahia360.com.br\/?author=1"},"category_info":"<a href=\"https:\/\/noticiasbahia360.com.br\/?cat=8\" rel=\"category\">Bahia<\/a> <a href=\"https:\/\/noticiasbahia360.com.br\/?cat=9\" rel=\"category\">Brasil<\/a> <a href=\"https:\/\/noticiasbahia360.com.br\/?cat=6\" rel=\"category\">Feira de Santana<\/a> <a href=\"https:\/\/noticiasbahia360.com.br\/?cat=57\" rel=\"category\">Mundo<\/a> <a href=\"https:\/\/noticiasbahia360.com.br\/?cat=56\" rel=\"category\">Pol\u00edcia<\/a> <a href=\"https:\/\/noticiasbahia360.com.br\/?cat=10\" rel=\"category\">Pol\u00edtica<\/a>","tag_info":"Pol\u00edtica","comment_count":"0","_links":{"self":[{"href":"https:\/\/noticiasbahia360.com.br\/index.php?rest_route=\/wp\/v2\/posts\/90965","targetHints":{"allow":["GET"]}}],"collection":[{"href":"https:\/\/noticiasbahia360.com.br\/index.php?rest_route=\/wp\/v2\/posts"}],"about":[{"href":"https:\/\/noticiasbahia360.com.br\/index.php?rest_route=\/wp\/v2\/types\/post"}],"author":[{"embeddable":true,"href":"https:\/\/noticiasbahia360.com.br\/index.php?rest_route=\/wp\/v2\/users\/1"}],"replies":[{"embeddable":true,"href":"https:\/\/noticiasbahia360.com.br\/index.php?rest_route=%2Fwp%2Fv2%2Fcomments&post=90965"}],"version-history":[{"count":0,"href":"https:\/\/noticiasbahia360.com.br\/index.php?rest_route=\/wp\/v2\/posts\/90965\/revisions"}],"wp:featuredmedia":[{"embeddable":true,"href":"https:\/\/noticiasbahia360.com.br\/index.php?rest_route=\/wp\/v2\/media\/90966"}],"wp:attachment":[{"href":"https:\/\/noticiasbahia360.com.br\/index.php?rest_route=%2Fwp%2Fv2%2Fmedia&parent=90965"}],"wp:term":[{"taxonomy":"category","embeddable":true,"href":"https:\/\/noticiasbahia360.com.br\/index.php?rest_route=%2Fwp%2Fv2%2Fcategories&post=90965"},{"taxonomy":"post_tag","embeddable":true,"href":"https:\/\/noticiasbahia360.com.br\/index.php?rest_route=%2Fwp%2Fv2%2Ftags&post=90965"}],"curies":[{"name":"wp","href":"https:\/\/api.w.org\/{rel}","templated":true}]}}