{"id":90969,"date":"2025-06-25T06:24:56","date_gmt":"2025-06-25T09:24:56","guid":{"rendered":"https:\/\/noticiasbahia360.com.br\/?p=90969"},"modified":"2025-06-25T06:24:56","modified_gmt":"2025-06-25T09:24:56","slug":"prefeita-de-conceicao-do-jacuipe-beija-belo-na-ultima-noite-do-arraia-do-berimbau-2025","status":"publish","type":"post","link":"https:\/\/noticiasbahia360.com.br\/?p=90969","title":{"rendered":"Prefeita de Concei\u00e7\u00e3o do Jacu\u00edpe beija Belo na \u00faltima noite do Arrai\u00e1 do Berimbau 2025"},"content":{"rendered":"<div>\n<div>\n<figure><img decoding=\"async\" src=\"http:\/\/noticiasbahia360.com.br\/wp-content\/uploads\/2025\/06\/cantor-belo-prefeita-conceicao-do-jacuipe-tania-yoshidaarraia-do-breimbau-foto-reproducao-redes-soaciais.jpg\" alt=\"T\u00e2nia Yoshida, prefeita de Concei\u00e7\u00e3o do Jacu\u00edpe, beija cantor Bel\"><figcaption>T\u00e2nia Yoshida, prefeita de Concei\u00e7\u00e3o do Jacu\u00edpe, beija cantor Belo | Foto: Reprodu\u00e7\u00e3o \/ Instagram <\/figcaption><\/figure>\n<\/div>\n<div class=\"wp-block-group\">\n<div class=\"wp-block-group__inner-container is-layout-constrained wp-block-group-is-layout-constrained\">\n<p>A prefeita de <a href=\"https:\/\/www.acordacidade.com.br\/tag\/conceicao-do-jacuipe\/\">Concei\u00e7\u00e3o do Jacu\u00edpe<\/a>, T\u00e2nia Yoshida (PSD), deu um beijo no cantor Belo. O gesto de carinho aconteceu na ter\u00e7a-feira, dia 24 de junho, \u00faltimo dia do Arrai\u00e1 do Berimbau. Em determinado momento do show, o artista convidou a gestora para fazer os tradicionais agradecimentos e a prefeita n\u00e3o perdeu a oportunidade e declarou o quanto \u00e9 f\u00e3 do cantor.<\/p>\n<figure class=\"wp-block-image size-full\"><img fetchpriority=\"high\" data-dominant-color=\"584149\" data-has-transparency=\"false\" style=\"--dominant-color: #584149;\" fetchpriority=\"high\" decoding=\"async\" width=\"1200\" height=\"720\" sizes=\"(max-width: 1200px) 100vw, 1200px\" src=\"http:\/\/noticiasbahia360.com.br\/wp-content\/uploads\/2025\/06\/RkVO22m6-cantor-belo-prefeita-conceicao-do-jacuipe-tania-yoshida-deputado-paulo-magalhaes-arraia-do-breimbau-foto-reproducao-transmissao-youtube.webp\" alt=\"Belo e T\u00e2nia Yoshida, prefeita de Concei\u00e7\u00e3o do Jacu\u00edpe, no Arrai\u00e1 do Berimbau 2025 \" class=\"wp-image-568819 not-transparent\" srcset=\"https:\/\/uploads.acordacidade.com.br\/2025\/06\/RkVO22m6-cantor-belo-prefeita-conceicao-do-jacuipe-tania-yoshida-deputado-paulo-magalhaes-arraia-do-breimbau-foto-reproducao-transmissao-youtube-608x365.webp 608w, https:\/\/uploads.acordacidade.com.br\/2025\/06\/RkVO22m6-cantor-belo-prefeita-conceicao-do-jacuipe-tania-yoshida-deputado-paulo-magalhaes-arraia-do-breimbau-foto-reproducao-transmissao-youtube-922x553.webp 922w, https:\/\/uploads.acordacidade.com.br\/2025\/06\/RkVO22m6-cantor-belo-prefeita-conceicao-do-jacuipe-tania-yoshida-deputado-paulo-magalhaes-arraia-do-breimbau-foto-reproducao-transmissao-youtube-150x90.webp 150w, http:\/\/noticiasbahia360.com.br\/wp-content\/uploads\/2025\/06\/RkVO22m6-cantor-belo-prefeita-conceicao-do-jacuipe-tania-yoshida-deputado-paulo-magalhaes-arraia-do-breimbau-foto-reproducao-transmissao-youtube.webp 1200w\"><figcaption class=\"wp-element-caption\">Belo e T\u00e2nia Yoshida, prefeita de Concei\u00e7\u00e3o do Jacu\u00edpe, no Arrai\u00e1 do Berimbau 2025 | Foto: Reprodu\u00e7\u00e3o \/ Youtube<\/figcaption><\/figure>\n<p>\u201cBelo, \u00e9 um sonho. Voc\u00ea j\u00e1 contou aqui, mas eu sou apaixonada pela sua vida. Eu amo de cora\u00e7\u00e3o. <strong>Agora deixa eu te dizer uma coisa: eu n\u00e3o posso sair daqui sem te dar um beijo, viu?<\/strong>\u201d, disse a prefeita antes de receber a permiss\u00e3o para o selinho. Belo ainda cantou a m\u00fasica \u201cNoite Trai\u00e7oeiras\u201d, dedicada especialmente para a gestora.<\/p>\n<\/div>\n<\/div>\n<div class=\"wp-block-group\">\n<div class=\"wp-block-group__inner-container is-layout-constrained wp-block-group-is-layout-constrained\">\n<h3 class=\"wp-block-heading\" id=\"h-arraia-do-berimbau-2025\">Arrai\u00e1 do Berimbau 2025<\/h3>\n<p>A noite que encerrou uma das festas juninas mais tradicionais do estado da Bahia ainda teve o groove potente de Zau o P\u00e1ssaro, a sofr\u00eancia de Mari Fernandes e o arrocha rom\u00e2ntico de Silvanos Sales. Ao todo, foram seis dias de muita festa e uma grande presen\u00e7a do p\u00fablico.<\/p>\n<figure class=\"wp-block-image size-full\"><img data-dominant-color=\"31175f\" data-has-transparency=\"false\" style=\"--dominant-color: #31175f;\" decoding=\"async\" width=\"1200\" height=\"675\" sizes=\"(max-width: 1200px) 100vw, 1200px\" src=\"http:\/\/noticiasbahia360.com.br\/wp-content\/uploads\/2025\/06\/DPtRjUf2-palco-netto-brito-cantor-arraia-do-berimbau-2025-conceicao-do-jacuipe-foto-fala-genifax.webp\" alt=\"Palco do Arrai\u00e1 do Berimbau 2025 , em Concei\u00e7\u00e3o do Jacu\u00edpe \" class=\"wp-image-568820 not-transparent\" srcset=\"https:\/\/uploads.acordacidade.com.br\/2025\/06\/DPtRjUf2-palco-netto-brito-cantor-arraia-do-berimbau-2025-conceicao-do-jacuipe-foto-fala-genifax-648x365.webp 648w, https:\/\/uploads.acordacidade.com.br\/2025\/06\/DPtRjUf2-palco-netto-brito-cantor-arraia-do-berimbau-2025-conceicao-do-jacuipe-foto-fala-genifax-150x84.webp 150w, http:\/\/noticiasbahia360.com.br\/wp-content\/uploads\/2025\/06\/DPtRjUf2-palco-netto-brito-cantor-arraia-do-berimbau-2025-conceicao-do-jacuipe-foto-fala-genifax.webp 1200w\"><figcaption class=\"wp-element-caption\">Palco do Arrai\u00e1 do Berimbau 2025 , em Concei\u00e7\u00e3o do Jacu\u00edpe | Foto: Fala Genifax<\/figcaption><\/figure>\n<p>Neste ano, o <a href=\"https:\/\/www.acordacidade.com.br\/tag\/arraia-do-berimbau\/\">Arrai\u00e1 de Berimbau<\/a> sofreu uma das mudan\u00e7as mais significativas em toda a sua trajet\u00f3ria. A festa, que acontecia h\u00e1 cerca de 20 anos na Pra\u00e7a Manoel Teixeira de Freitas, no centro da cidade, foi realizada pela primeira vez no Est\u00e1dio Municipal Rosalvo de Matos Valadares, no bairro Pindoba.<\/p>\n<p><em>Reportagem escrita pelo estagi\u00e1rio de jornalismo Jefferson Ara\u00fajo sob supervis\u00e3o <\/em><\/p>\n<p><em>Siga o Acorda Cidade no<\/em><a href=\"https:\/\/news.google.com\/search?q=acorda%20cidade&amp;hl=pt-BR&amp;gl=BR&amp;ceid=BR%3Apt-419\"><strong><em>\u00a0Google Not\u00edcias<\/em><\/strong><\/a><em>\u00a0e receba os principais destaques do dia. Participe tamb\u00e9m dos nossos grupos no\u00a0<\/em><a href=\"https:\/\/chat.whatsapp.com\/GmuB0n1C0zz4wBRYfRDft2\"><strong><em>WhatsApp<\/em><\/strong><\/a><em>\u00a0e\u00a0<\/em><a href=\"https:\/\/t.me\/+sSz0khrgARA0ZmRh\"><strong><em>Telegram<\/em><\/strong><\/a><\/p>\n<\/div>\n<\/div>\n<\/div>\n","protected":false},"excerpt":{"rendered":"<div>\n<div>\n<figure><img decoding=\"async\" src=\"https:\/\/uploads.acordacidade.com.br\/2025\/06\/cantor-belo-prefeita-conceicao-do-jacuipe-tania-yoshidaarraia-do-breimbau-foto-reproducao-redes-soaciais.jpg\" alt=\"T\u00e2nia Yoshida, prefeita de Concei\u00e7\u00e3o do Jacu\u00edpe, beija cantor Bel\"><figcaption>T\u00e2nia Yoshida, prefeita de Concei\u00e7\u00e3o do Jacu\u00edpe, beija cantor Belo | Foto: Reprodu\u00e7\u00e3o \/ Instagram <\/figcaption><\/figure>\n<\/div>\n<p>O gesto de carinho aconteceu na ter\u00e7a-feira, dia 24 de junho, \u00faltimo dia do Arrai\u00e1 do Berimbau.<\/p><\/div>\n","protected":false},"author":1,"featured_media":90970,"comment_status":"closed","ping_status":"closed","sticky":false,"template":"","format":"gallery","meta":{"footnotes":""},"categories":[8,9,6,57,56,10],"tags":[],"class_list":["post-90969","post","type-post","status-publish","format-gallery","has-post-thumbnail","hentry","category-bahia","category-brasil","category-feira-de-santana","category-mundo","category-policia","category-politica","post_format-post-format-gallery"],"featured_image_urls":{"full":["https:\/\/noticiasbahia360.com.br\/wp-content\/uploads\/2025\/06\/cantor-belo-prefeita-conceicao-do-jacuipe-tania-yoshidaarraia-do-breimbau-foto-reproducao-redes-soaciais.jpg",1200,675,false],"thumbnail":["https:\/\/noticiasbahia360.com.br\/wp-content\/uploads\/2025\/06\/cantor-belo-prefeita-conceicao-do-jacuipe-tania-yoshidaarraia-do-breimbau-foto-reproducao-redes-soaciais-150x150.jpg",150,150,true],"medium":["https:\/\/noticiasbahia360.com.br\/wp-content\/uploads\/2025\/06\/cantor-belo-prefeita-conceicao-do-jacuipe-tania-yoshidaarraia-do-breimbau-foto-reproducao-redes-soaciais-300x169.jpg",300,169,true],"medium_large":["https:\/\/noticiasbahia360.com.br\/wp-content\/uploads\/2025\/06\/cantor-belo-prefeita-conceicao-do-jacuipe-tania-yoshidaarraia-do-breimbau-foto-reproducao-redes-soaciais-768x432.jpg",640,360,true],"large":["https:\/\/noticiasbahia360.com.br\/wp-content\/uploads\/2025\/06\/cantor-belo-prefeita-conceicao-do-jacuipe-tania-yoshidaarraia-do-breimbau-foto-reproducao-redes-soaciais-1024x576.jpg",640,360,true],"1536x1536":["https:\/\/noticiasbahia360.com.br\/wp-content\/uploads\/2025\/06\/cantor-belo-prefeita-conceicao-do-jacuipe-tania-yoshidaarraia-do-breimbau-foto-reproducao-redes-soaciais.jpg",1200,675,false],"2048x2048":["https:\/\/noticiasbahia360.com.br\/wp-content\/uploads\/2025\/06\/cantor-belo-prefeita-conceicao-do-jacuipe-tania-yoshidaarraia-do-breimbau-foto-reproducao-redes-soaciais.jpg",1200,675,false],"chromenews-featured":["https:\/\/noticiasbahia360.com.br\/wp-content\/uploads\/2025\/06\/cantor-belo-prefeita-conceicao-do-jacuipe-tania-yoshidaarraia-do-breimbau-foto-reproducao-redes-soaciais-1024x576.jpg",1024,576,true],"chromenews-large":["https:\/\/noticiasbahia360.com.br\/wp-content\/uploads\/2025\/06\/cantor-belo-prefeita-conceicao-do-jacuipe-tania-yoshidaarraia-do-breimbau-foto-reproducao-redes-soaciais-825x575.jpg",825,575,true],"chromenews-medium":["https:\/\/noticiasbahia360.com.br\/wp-content\/uploads\/2025\/06\/cantor-belo-prefeita-conceicao-do-jacuipe-tania-yoshidaarraia-do-breimbau-foto-reproducao-redes-soaciais-590x410.jpg",590,410,true]},"author_info":{"display_name":"noticiasbahia360.com.br","author_link":"https:\/\/noticiasbahia360.com.br\/?author=1"},"category_info":"<a href=\"https:\/\/noticiasbahia360.com.br\/?cat=8\" rel=\"category\">Bahia<\/a> <a href=\"https:\/\/noticiasbahia360.com.br\/?cat=9\" rel=\"category\">Brasil<\/a> <a href=\"https:\/\/noticiasbahia360.com.br\/?cat=6\" rel=\"category\">Feira de Santana<\/a> <a href=\"https:\/\/noticiasbahia360.com.br\/?cat=57\" rel=\"category\">Mundo<\/a> <a href=\"https:\/\/noticiasbahia360.com.br\/?cat=56\" rel=\"category\">Pol\u00edcia<\/a> <a href=\"https:\/\/noticiasbahia360.com.br\/?cat=10\" rel=\"category\">Pol\u00edtica<\/a>","tag_info":"Pol\u00edtica","comment_count":"0","_links":{"self":[{"href":"https:\/\/noticiasbahia360.com.br\/index.php?rest_route=\/wp\/v2\/posts\/90969","targetHints":{"allow":["GET"]}}],"collection":[{"href":"https:\/\/noticiasbahia360.com.br\/index.php?rest_route=\/wp\/v2\/posts"}],"about":[{"href":"https:\/\/noticiasbahia360.com.br\/index.php?rest_route=\/wp\/v2\/types\/post"}],"author":[{"embeddable":true,"href":"https:\/\/noticiasbahia360.com.br\/index.php?rest_route=\/wp\/v2\/users\/1"}],"replies":[{"embeddable":true,"href":"https:\/\/noticiasbahia360.com.br\/index.php?rest_route=%2Fwp%2Fv2%2Fcomments&post=90969"}],"version-history":[{"count":0,"href":"https:\/\/noticiasbahia360.com.br\/index.php?rest_route=\/wp\/v2\/posts\/90969\/revisions"}],"wp:featuredmedia":[{"embeddable":true,"href":"https:\/\/noticiasbahia360.com.br\/index.php?rest_route=\/wp\/v2\/media\/90970"}],"wp:attachment":[{"href":"https:\/\/noticiasbahia360.com.br\/index.php?rest_route=%2Fwp%2Fv2%2Fmedia&parent=90969"}],"wp:term":[{"taxonomy":"category","embeddable":true,"href":"https:\/\/noticiasbahia360.com.br\/index.php?rest_route=%2Fwp%2Fv2%2Fcategories&post=90969"},{"taxonomy":"post_tag","embeddable":true,"href":"https:\/\/noticiasbahia360.com.br\/index.php?rest_route=%2Fwp%2Fv2%2Ftags&post=90969"}],"curies":[{"name":"wp","href":"https:\/\/api.w.org\/{rel}","templated":true}]}}