{"id":90973,"date":"2025-06-25T06:47:22","date_gmt":"2025-06-25T09:47:22","guid":{"rendered":"https:\/\/noticiasbahia360.com.br\/?p=90973"},"modified":"2025-06-25T06:47:22","modified_gmt":"2025-06-25T09:47:22","slug":"estudante-de-feira-de-santana-e-selecionado-para-intercambio-em-portugal-e-faz-vaquinha-para-realizar-sonho","status":"publish","type":"post","link":"https:\/\/noticiasbahia360.com.br\/?p=90973","title":{"rendered":"Estudante de Feira de Santana \u00e9 selecionado para interc\u00e2mbio em Portugal e faz vaquinha para realizar sonho"},"content":{"rendered":"<div>\n<div>\n<figure><img decoding=\"async\" src=\"http:\/\/noticiasbahia360.com.br\/wp-content\/uploads\/2025\/06\/Joao-Victor-estudante-de-geografia-reporter-Ed-Santos-.jpg\" alt=\"Jo\u00e3o Victor - estudante de geografia - rep\u00f3rter Ed Santos\"><figcaption>Foto: Ed Santos\/Acorda Cidade<\/figcaption><\/figure>\n<\/div>\n<p><strong>Jo\u00e3o Victor<\/strong>, de 27 anos, estudante de Geografia da <strong>Universidade Estadual de Feira de Santana (Uefs)<\/strong>, foi selecionado para um <strong>interc\u00e2mbio acad\u00eamico<\/strong> na Universidade do Minho, localizada na cidade de Braga, ao norte de Portugal. Morador do bairro <a href=\"https:\/\/www.acordacidade.com.br\/tag\/queimadinha\/\"><strong>Queimadinha<\/strong><\/a>, em Feira de Santana, ele comemora a conquista como a realiza\u00e7\u00e3o de um sonho, mas agora enfrenta o desafio de conseguir <strong>apoio financeiro<\/strong> para arcar com os custos da viagem.<\/p>\n<p>\u201cSurgiu o edital, conversei com o professor e ele me incentivou a tentar. Deu certo, fui aprovado e agora estou tentando me organizar para conseguir efetivar esse sonho. Passei por dois <strong>processos seletivos<\/strong>: um interno, na Uefs, com an\u00e1lise de curr\u00edculo e desempenho acad\u00eamico; e depois o projeto foi submetido \u00e0 <strong>Universidade do Minho<\/strong>, que aceitou minha candidatura,\u201d relatou ao <a href=\"https:\/\/www.acordacidade.com.br\/tag\/acorda-cidade\/\"><strong>Acorda Cidade<\/strong><\/a>.<\/p>\n<p>Jo\u00e3o contou que, no in\u00edcio da <strong><a href=\"https:\/\/www.acordacidade.com.br\/tag\/graduacao\/\">gradua\u00e7\u00e3o<\/a><\/strong>, sequer cogitava a possibilidade de fazer interc\u00e2mbio.<\/p>\n<p>\u201cDeixei essa ideia de lado por n\u00e3o conhecer o processo e por n\u00e3o ter condi\u00e7\u00f5es. Hoje vejo que \u00e9 um sonho que estou realizando com minha fam\u00edlia, meus pais, minha companheira, meus av\u00f3s. Estar na <strong>gradua\u00e7\u00e3o<\/strong> e ter a chance de viver uma <strong>experi\u00eancia fora do pa\u00eds<\/strong> \u00e9 algo transformador.\u201d<\/p>\n<h2 class=\"wp-block-heading\" id=\"h-o-desafio-financeiro-do-intercambio\">O desafio financeiro do interc\u00e2mbio<\/h2>\n<p>O <strong>interc\u00e2mbio<\/strong> est\u00e1 previsto para durar seis meses, com possibilidade de renova\u00e7\u00e3o por mais seis. No entanto, Jo\u00e3o pretende ficar apenas no per\u00edodo inicial devido \u00e0s <strong>dificuldades financeiras<\/strong>. Segundo ele, os custos totais com passagens, roupas, mala, visto e demais despesas giram em torno de R$ 15 mil.<\/p>\n<p>\u201cNunca sa\u00ed do pa\u00eds, nunca fiz uma viagem assim. Por isso estou fazendo rifas, uma <a href=\"https:\/\/www.vakinha.com.br\/vaquinha\/intercambio-para-universidade-do-minho-portugal?utm_campaign=whatsapp&amp;utm_content=5470034&amp;utm_medium=website&amp;utm_source=social-share\"><strong>vaquinha online<\/strong> <\/a>e outras a\u00e7\u00f5es para tentar levantar o valor necess\u00e1rio. No meu Instagram tem o link da vaquinha e um resumo do projeto que vou desenvolver l\u00e1, que tem uma proposta social e pedag\u00f3gica\u201d, explicou o jovem em entrevista ao Acorda Cidade.<\/p>\n<h3 class=\"wp-block-heading\" id=\"h-atuacao-do-estudante-na-queimadinha\">Atua\u00e7\u00e3o do estudante na Queimadinha<\/h3>\n<p>Durante a gradua\u00e7\u00e3o, <strong>Jo\u00e3o Victor <\/strong>sempre procurou integrar a teoria com a pr\u00e1tica, especialmente dentro de seu pr\u00f3prio bairro. Atuante em <strong>projetos sociais<\/strong> e educacionais na <strong>Queimadinha<\/strong>, <strong>ele acredita que a educa\u00e7\u00e3o \u00e9 uma ferramenta poderosa de transforma\u00e7\u00e3o.<\/strong><\/p>\n<p>\u201cComo fa\u00e7o licenciatura, decidi que meu <strong>projeto de pesquisa seria voltado ao estudo do meu pr\u00f3prio bairro<\/strong>. Tamb\u00e9m fiz est\u00e1gios obrigat\u00f3rios e n\u00e3o obrigat\u00f3rios na comunidade, para pensar a Geografia dentro e fora da sala de aula. A <strong>educa\u00e7\u00e3o<\/strong> foi fundamental na minha <strong>transforma\u00e7\u00e3o pessoal<\/strong> e \u00e9 importante tamb\u00e9m na de outros jovens do bairro.\u201d<\/p>\n<blockquote class=\"instagram-media\" data-instgrm-captioned data-instgrm-permalink=\"https:\/\/www.instagram.com\/reel\/DKf4NFJNP_0\/?utm_source=ig_embed&amp;utm_campaign=loading\" data-instgrm-version=\"14\" style=\" background:#FFF; border:0; border-radius:3px; box-shadow:0 0 1px 0 rgba(0,0,0,0.5),0 1px 10px 0 rgba(0,0,0,0.15); margin: 1px; max-width:540px; min-width:326px; padding:0; width:99.375%; width:-webkit-calc(100% - 2px); width:calc(100% - 2px);\">\n<div style=\"padding:16px;\"> <a href=\"https:\/\/www.instagram.com\/reel\/DKf4NFJNP_0\/?utm_source=ig_embed&amp;utm_campaign=loading\" style=\" background:#FFFFFF; line-height:0; padding:0 0; text-align:center; text-decoration:none; width:100%;\" target=\"_blank\"> <\/p>\n<div style=\" display: flex; flex-direction: row; align-items: center;\">\n<div style=\"background-color: #F4F4F4; border-radius: 50%; flex-grow: 0; height: 40px; margin-right: 14px; width: 40px;\"><\/div>\n<div style=\"display: flex; flex-direction: column; flex-grow: 1; justify-content: center;\">\n<div style=\" background-color: #F4F4F4; border-radius: 4px; flex-grow: 0; height: 14px; margin-bottom: 6px; width: 100px;\"><\/div>\n<div style=\" background-color: #F4F4F4; border-radius: 4px; flex-grow: 0; height: 14px; width: 60px;\"><\/div>\n<\/div>\n<\/div>\n<div style=\"padding: 19% 0;\"><\/div>\n<div style=\"display:block; height:50px; margin:0 auto 12px; width:50px;\"><svg width=\"50px\" height=\"50px\" viewbox=\"0 0 60 60\" version=\"1.1\" xmlns=\"https:\/\/www.w3.org\/2000\/svg\" xmlns:xlink=\"https:\/\/www.w3.org\/1999\/xlink\"><g stroke=\"none\" stroke-width=\"1\" fill=\"none\" fill-rule=\"evenodd\"><g transform=\"translate(-511.000000, -20.000000)\" fill=\"#000000\"><g><path d=\"M556.869,30.41 C554.814,30.41 553.148,32.076 553.148,34.131 C553.148,36.186 554.814,37.852 556.869,37.852 C558.924,37.852 560.59,36.186 560.59,34.131 C560.59,32.076 558.924,30.41 556.869,30.41 M541,60.657 C535.114,60.657 530.342,55.887 530.342,50 C530.342,44.114 535.114,39.342 541,39.342 C546.887,39.342 551.658,44.114 551.658,50 C551.658,55.887 546.887,60.657 541,60.657 M541,33.886 C532.1,33.886 524.886,41.1 524.886,50 C524.886,58.899 532.1,66.113 541,66.113 C549.9,66.113 557.115,58.899 557.115,50 C557.115,41.1 549.9,33.886 541,33.886 M565.378,62.101 C565.244,65.022 564.756,66.606 564.346,67.663 C563.803,69.06 563.154,70.057 562.106,71.106 C561.058,72.155 560.06,72.803 558.662,73.347 C557.607,73.757 556.021,74.244 553.102,74.378 C549.944,74.521 548.997,74.552 541,74.552 C533.003,74.552 532.056,74.521 528.898,74.378 C525.979,74.244 524.393,73.757 523.338,73.347 C521.94,72.803 520.942,72.155 519.894,71.106 C518.846,70.057 518.197,69.06 517.654,67.663 C517.244,66.606 516.755,65.022 516.623,62.101 C516.479,58.943 516.448,57.996 516.448,50 C516.448,42.003 516.479,41.056 516.623,37.899 C516.755,34.978 517.244,33.391 517.654,32.338 C518.197,30.938 518.846,29.942 519.894,28.894 C520.942,27.846 521.94,27.196 523.338,26.654 C524.393,26.244 525.979,25.756 528.898,25.623 C532.057,25.479 533.004,25.448 541,25.448 C548.997,25.448 549.943,25.479 553.102,25.623 C556.021,25.756 557.607,26.244 558.662,26.654 C560.06,27.196 561.058,27.846 562.106,28.894 C563.154,29.942 563.803,30.938 564.346,32.338 C564.756,33.391 565.244,34.978 565.378,37.899 C565.522,41.056 565.552,42.003 565.552,50 C565.552,57.996 565.522,58.943 565.378,62.101 M570.82,37.631 C570.674,34.438 570.167,32.258 569.425,30.349 C568.659,28.377 567.633,26.702 565.965,25.035 C564.297,23.368 562.623,22.342 560.652,21.575 C558.743,20.834 556.562,20.326 553.369,20.18 C550.169,20.033 549.148,20 541,20 C532.853,20 531.831,20.033 528.631,20.18 C525.438,20.326 523.257,20.834 521.349,21.575 C519.376,22.342 517.703,23.368 516.035,25.035 C514.368,26.702 513.342,28.377 512.574,30.349 C511.834,32.258 511.326,34.438 511.181,37.631 C511.035,40.831 511,41.851 511,50 C511,58.147 511.035,59.17 511.181,62.369 C511.326,65.562 511.834,67.743 512.574,69.651 C513.342,71.625 514.368,73.296 516.035,74.965 C517.703,76.634 519.376,77.658 521.349,78.425 C523.257,79.167 525.438,79.673 528.631,79.82 C531.831,79.965 532.853,80.001 541,80.001 C549.148,80.001 550.169,79.965 553.369,79.82 C556.562,79.673 558.743,79.167 560.652,78.425 C562.623,77.658 564.297,76.634 565.965,74.965 C567.633,73.296 568.659,71.625 569.425,69.651 C570.167,67.743 570.674,65.562 570.82,62.369 C570.966,59.17 571,58.147 571,50 C571,41.851 570.966,40.831 570.82,37.631\"><\/path><\/g><\/g><\/g><\/svg><\/div>\n<div style=\"padding-top: 8px;\">\n<div style=\" color:#3897f0; font-family:Arial,sans-serif; font-size:14px; font-style:normal; font-weight:550; line-height:18px;\">Ver essa foto no Instagram<\/div>\n<\/div>\n<div style=\"padding: 12.5% 0;\"><\/div>\n<div style=\"display: flex; flex-direction: row; margin-bottom: 14px; align-items: center;\">\n<div>\n<div style=\"background-color: #F4F4F4; border-radius: 50%; height: 12.5px; width: 12.5px; transform: translateX(0px) translateY(7px);\"><\/div>\n<div style=\"background-color: #F4F4F4; height: 12.5px; transform: rotate(-45deg) translateX(3px) translateY(1px); width: 12.5px; flex-grow: 0; margin-right: 14px; margin-left: 2px;\"><\/div>\n<div style=\"background-color: #F4F4F4; border-radius: 50%; height: 12.5px; width: 12.5px; transform: translateX(9px) translateY(-18px);\"><\/div>\n<\/div>\n<div style=\"margin-left: 8px;\">\n<div style=\" background-color: #F4F4F4; border-radius: 50%; flex-grow: 0; height: 20px; width: 20px;\"><\/div>\n<div style=\" width: 0; height: 0; border-top: 2px solid transparent; border-left: 6px solid #f4f4f4; border-bottom: 2px solid transparent; transform: translateX(16px) translateY(-4px) rotate(30deg)\"><\/div>\n<\/div>\n<div style=\"margin-left: auto;\">\n<div style=\" width: 0px; border-top: 8px solid #F4F4F4; border-right: 8px solid transparent; transform: translateY(16px);\"><\/div>\n<div style=\" background-color: #F4F4F4; flex-grow: 0; height: 12px; width: 16px; transform: translateY(-4px);\"><\/div>\n<div style=\" width: 0; height: 0; border-top: 8px solid #F4F4F4; border-left: 8px solid transparent; transform: translateY(-4px) translateX(8px);\"><\/div>\n<\/div>\n<\/div>\n<div style=\"display: flex; flex-direction: column; flex-grow: 1; justify-content: center; margin-bottom: 24px;\">\n<div style=\" background-color: #F4F4F4; border-radius: 4px; flex-grow: 0; height: 14px; margin-bottom: 6px; width: 224px;\"><\/div>\n<div style=\" background-color: #F4F4F4; border-radius: 4px; flex-grow: 0; height: 14px; width: 144px;\"><\/div>\n<\/div>\n<p><\/a><\/p>\n<p style=\" color:#c9c8cd; font-family:Arial,sans-serif; font-size:14px; line-height:17px; margin-bottom:0; margin-top:8px; overflow:hidden; padding:8px 0 7px; text-align:center; text-overflow:ellipsis; white-space:nowrap;\"><a href=\"https:\/\/www.instagram.com\/reel\/DKf4NFJNP_0\/?utm_source=ig_embed&amp;utm_campaign=loading\" style=\" color:#c9c8cd; font-family:Arial,sans-serif; font-size:14px; font-style:normal; font-weight:normal; line-height:17px; text-decoration:none;\" target=\"_blank\">Uma publica\u00e7\u00e3o compartilhada por Jo\u00e3o Vitor (@j0a0vitu)<\/a><\/p>\n<\/div>\n<\/blockquote>\n<p><script async src=\"\/\/www.instagram.com\/embed.js\"><\/script><\/p>\n<h2 class=\"wp-block-heading\" id=\"h-preparativos-finais\">Preparativos finais<\/h2>\n<p>Apesar da empolga\u00e7\u00e3o com a viagem, Jo\u00e3o confessa que a parte emocional tamb\u00e9m pesa, especialmente por ter que se afastar da companheira por um tempo.<\/p>\n<p>\u201cMoramos juntos h\u00e1 muito tempo. Vai ser dif\u00edcil ficar sem ela todos os dias, sem conversar, sem dividir os problemas. Mas sabemos que essa \u00e9 uma oportunidade \u00fanica e que vai valer a pena.\u201d<\/p>\n<p><strong>A previs\u00e3o de embarque \u00e9 entre o final de agosto e o in\u00edcio de setembro.<\/strong> Ele j\u00e1 conseguiu arrecadar um valor para tirar o passaporte e est\u00e1 agora reunindo recursos para o <strong>visto<\/strong>, compra das <strong>passagens<\/strong> e demais preparativos.<\/p>\n<p><strong>Quem desejar colaborar com a vaquinha (<a href=\"https:\/\/www.vakinha.com.br\/vaquinha\/intercambio-para-universidade-do-minho-portugal?utm_campaign=whatsapp&amp;utm_content=5470034&amp;utm_medium=website&amp;utm_source=social-share\" target=\"_blank\" rel=\"noreferrer noopener\">acesse aqui<\/a>) ou obter mais informa\u00e7\u00f5es pode entrar em contato pelos telefones: (75) 98161-1541 ou (75) 98164-7155.<\/strong><\/p>\n<p><em>Siga o Acorda Cidade no<\/em><a href=\"https:\/\/news.google.com\/search?q=acorda%20cidade&amp;hl=pt-BR&amp;gl=BR&amp;ceid=BR%3Apt-419\"><strong><em>\u00a0Google Not\u00edcias<\/em><\/strong><\/a><em>\u00a0e receba os principais destaques do dia. Participe tamb\u00e9m dos nossos canais no\u00a0<\/em><a href=\"https:\/\/www.whatsapp.com\/channel\/0029Va6Rb4v3WHTNnsh8WI3N\"><strong><em>WhatsApp<\/em><\/strong><\/a><em>\u00a0e\u00a0<\/em><a href=\"https:\/\/www.youtube.com\/@acordacidadenoticias\/videos\"><strong>YouTube<\/strong><\/a><em>\u00a0e grupo de\u00a0<\/em><a href=\"https:\/\/t.me\/+sSz0khrgARA0ZmRh\"><strong><em>Telegram<\/em><\/strong><\/a><em>.<\/em><\/p>\n<\/div>\n","protected":false},"excerpt":{"rendered":"<div>\n<div>\n<figure><img decoding=\"async\" src=\"https:\/\/uploads.acordacidade.com.br\/2025\/06\/Joao-Victor-estudante-de-geografia-reporter-Ed-Santos-.jpg\" alt=\"Jo\u00e3o Victor - estudante de geografia - rep\u00f3rter Ed Santos\"><figcaption>Foto: Ed Santos\/Acorda Cidade<\/figcaption><\/figure>\n<\/div>\n<p>Jo\u00e3o Victor, estudante de geografia, contou que, no in\u00edcio da gradua\u00e7\u00e3o, sequer cogitava a possibilidade de fazer interc\u00e2mbio por n\u00e3o ter condi\u00e7\u00f5es financeiras e por n\u00e3o conhecer o processo.<\/p><\/div>\n","protected":false},"author":1,"featured_media":90974,"comment_status":"closed","ping_status":"closed","sticky":false,"template":"","format":"gallery","meta":{"footnotes":""},"categories":[8,9,6,57,56,10],"tags":[],"class_list":["post-90973","post","type-post","status-publish","format-gallery","has-post-thumbnail","hentry","category-bahia","category-brasil","category-feira-de-santana","category-mundo","category-policia","category-politica","post_format-post-format-gallery"],"featured_image_urls":{"full":["https:\/\/noticiasbahia360.com.br\/wp-content\/uploads\/2025\/06\/Joao-Victor-estudante-de-geografia-reporter-Ed-Santos-.jpg",1200,675,false],"thumbnail":["https:\/\/noticiasbahia360.com.br\/wp-content\/uploads\/2025\/06\/Joao-Victor-estudante-de-geografia-reporter-Ed-Santos--150x150.jpg",150,150,true],"medium":["https:\/\/noticiasbahia360.com.br\/wp-content\/uploads\/2025\/06\/Joao-Victor-estudante-de-geografia-reporter-Ed-Santos--300x169.jpg",300,169,true],"medium_large":["https:\/\/noticiasbahia360.com.br\/wp-content\/uploads\/2025\/06\/Joao-Victor-estudante-de-geografia-reporter-Ed-Santos--768x432.jpg",640,360,true],"large":["https:\/\/noticiasbahia360.com.br\/wp-content\/uploads\/2025\/06\/Joao-Victor-estudante-de-geografia-reporter-Ed-Santos--1024x576.jpg",640,360,true],"1536x1536":["https:\/\/noticiasbahia360.com.br\/wp-content\/uploads\/2025\/06\/Joao-Victor-estudante-de-geografia-reporter-Ed-Santos-.jpg",1200,675,false],"2048x2048":["https:\/\/noticiasbahia360.com.br\/wp-content\/uploads\/2025\/06\/Joao-Victor-estudante-de-geografia-reporter-Ed-Santos-.jpg",1200,675,false],"chromenews-featured":["https:\/\/noticiasbahia360.com.br\/wp-content\/uploads\/2025\/06\/Joao-Victor-estudante-de-geografia-reporter-Ed-Santos--1024x576.jpg",1024,576,true],"chromenews-large":["https:\/\/noticiasbahia360.com.br\/wp-content\/uploads\/2025\/06\/Joao-Victor-estudante-de-geografia-reporter-Ed-Santos--825x575.jpg",825,575,true],"chromenews-medium":["https:\/\/noticiasbahia360.com.br\/wp-content\/uploads\/2025\/06\/Joao-Victor-estudante-de-geografia-reporter-Ed-Santos--590x410.jpg",590,410,true]},"author_info":{"display_name":"noticiasbahia360.com.br","author_link":"https:\/\/noticiasbahia360.com.br\/?author=1"},"category_info":"<a href=\"https:\/\/noticiasbahia360.com.br\/?cat=8\" rel=\"category\">Bahia<\/a> <a href=\"https:\/\/noticiasbahia360.com.br\/?cat=9\" rel=\"category\">Brasil<\/a> <a href=\"https:\/\/noticiasbahia360.com.br\/?cat=6\" rel=\"category\">Feira de Santana<\/a> <a href=\"https:\/\/noticiasbahia360.com.br\/?cat=57\" rel=\"category\">Mundo<\/a> <a href=\"https:\/\/noticiasbahia360.com.br\/?cat=56\" rel=\"category\">Pol\u00edcia<\/a> <a href=\"https:\/\/noticiasbahia360.com.br\/?cat=10\" rel=\"category\">Pol\u00edtica<\/a>","tag_info":"Pol\u00edtica","comment_count":"0","_links":{"self":[{"href":"https:\/\/noticiasbahia360.com.br\/index.php?rest_route=\/wp\/v2\/posts\/90973","targetHints":{"allow":["GET"]}}],"collection":[{"href":"https:\/\/noticiasbahia360.com.br\/index.php?rest_route=\/wp\/v2\/posts"}],"about":[{"href":"https:\/\/noticiasbahia360.com.br\/index.php?rest_route=\/wp\/v2\/types\/post"}],"author":[{"embeddable":true,"href":"https:\/\/noticiasbahia360.com.br\/index.php?rest_route=\/wp\/v2\/users\/1"}],"replies":[{"embeddable":true,"href":"https:\/\/noticiasbahia360.com.br\/index.php?rest_route=%2Fwp%2Fv2%2Fcomments&post=90973"}],"version-history":[{"count":0,"href":"https:\/\/noticiasbahia360.com.br\/index.php?rest_route=\/wp\/v2\/posts\/90973\/revisions"}],"wp:featuredmedia":[{"embeddable":true,"href":"https:\/\/noticiasbahia360.com.br\/index.php?rest_route=\/wp\/v2\/media\/90974"}],"wp:attachment":[{"href":"https:\/\/noticiasbahia360.com.br\/index.php?rest_route=%2Fwp%2Fv2%2Fmedia&parent=90973"}],"wp:term":[{"taxonomy":"category","embeddable":true,"href":"https:\/\/noticiasbahia360.com.br\/index.php?rest_route=%2Fwp%2Fv2%2Fcategories&post=90973"},{"taxonomy":"post_tag","embeddable":true,"href":"https:\/\/noticiasbahia360.com.br\/index.php?rest_route=%2Fwp%2Fv2%2Ftags&post=90973"}],"curies":[{"name":"wp","href":"https:\/\/api.w.org\/{rel}","templated":true}]}}