{"id":90975,"date":"2025-06-25T07:08:35","date_gmt":"2025-06-25T10:08:35","guid":{"rendered":"https:\/\/noticiasbahia360.com.br\/?p=90975"},"modified":"2025-06-25T07:08:35","modified_gmt":"2025-06-25T10:08:35","slug":"flamengo-fecha-primeira-fase-do-mundial-com-empate-com-o-los-angeles","status":"publish","type":"post","link":"https:\/\/noticiasbahia360.com.br\/?p=90975","title":{"rendered":"Flamengo fecha primeira fase do Mundial com empate com o Los Angeles"},"content":{"rendered":"<div>\n<div>\n<figure><img decoding=\"async\" src=\"http:\/\/noticiasbahia360.com.br\/wp-content\/uploads\/2025\/06\/Flamengo-empata-com-Los-Angeles-FC-foto-Gilvan-de-Souza-CRF.jpg\" alt=\"Flamengo empata com Los Angeles FC\"><figcaption>Foto: Gilvan de Souza \/ CRF<br \/>\n<\/figcaption><\/figure>\n<\/div>\n<p>Ag\u00eancia Brasil \u2013 Em seu \u00faltimo compromisso pela primeira fase da Copa do Mundo de Clubes, o Flamengo arrancou um empate de 1 a 1 com o Los Angeles FC (EUA), na noite desta ter\u00e7a-feira (24) no Camping World Stadium, em Orlando, gra\u00e7as a um gol do jovem atacante Wallace Yan j\u00e1 aos 40 minutos do segundo tempo.<\/p>\n<p>O Flamengo, que j\u00e1 entrou em campo classificado como primeiro colocado do Grupo D da competi\u00e7\u00e3o, fechou a etapa inicial do Mundial com sete pontos. O segundo colocado da chave foi o Chelsea, com seis pontos ap\u00f3s derrotar o Esp\u00e9rance (Tun\u00edsia) por 3 a 0 nesta ter\u00e7a.<\/p>\n<p>Mesmo diante do advers\u00e1rio com a menor qualidade t\u00e9cnica do grupo, a equipe comandada pelo t\u00e9cnico Filipe Lu\u00eds encontrou dificuldades para transformar sua superioridade em gols. Uma raz\u00e3o era furar a defesa extremamente fechada do Los Angeles, com destaque para o goleiro Lloris. Al\u00e9m disso, os chutes mais perigosos acabaram parando na trave em quatro oportunidades (duas delas saindo dos p\u00e9s do uruguaio Arrascaeta).<\/p>\n<p>J\u00e1 a equipe da casa pouco criava na frente. Mas, aos 38 minutos da etapa final, o atacante gabon\u00eas Bouanga aproveitou desaten\u00e7\u00e3o da defesa do Flamengo para colocar o<a href=\"https:\/\/www.acordacidade.com.br\/tag\/los-angeles\/\"> Los Angeles <\/a>em vantagem.<\/p>\n<p>Por\u00e9m, a alegria dos norte-americanos durou pouco, pois, aos 40, Wallace Yan fez grande jogada individual para garantir o empate.<\/p>\n<h2 class=\"wp-block-heading\" id=\"h-bayern-nas-oitavas\"><strong>Bayern nas oitavas<\/strong><\/h2>\n<p>Nesta ter\u00e7a tamb\u00e9m foi confirmado o advers\u00e1rio do Flamengo nas oitavas de final, o Bayern de Munique (Alemanha). A equipe alem\u00e3 foi derrotada por 1 a 0 pelo Benfica (Portugal) e acabou terminando a primeira fase da competi\u00e7\u00e3o como segunda colocada do Grupo C.<\/p>\n<p>O Flamengo e o Bayern se enfrentam a partir das 17h (hor\u00e1rio de Bras\u00edlia) do pr\u00f3ximo domingo (29), no Hard Rock Stadium, em Miami.<\/p>\n<p><em>Siga o Acorda Cidade no<\/em><a href=\"https:\/\/news.google.com\/search?q=acorda%20cidade&amp;hl=pt-BR&amp;gl=BR&amp;ceid=BR%3Apt-419\"><strong><em>\u00a0Google Not\u00edcias<\/em><\/strong><\/a><em>\u00a0e receba os principais destaques do dia. Participe tamb\u00e9m dos nossos canais no\u00a0<\/em><a href=\"https:\/\/www.whatsapp.com\/channel\/0029Va6Rb4v3WHTNnsh8WI3N\"><strong><em>WhatsApp<\/em><\/strong><\/a><em>\u00a0e\u00a0<\/em><a href=\"https:\/\/www.youtube.com\/@acordacidadenoticias\/videos\"><strong>YouTube<\/strong><\/a><em>\u00a0e grupo de\u00a0<\/em><a href=\"https:\/\/t.me\/+sSz0khrgARA0ZmRh\"><strong><em>Telegram<\/em><\/strong><\/a><em>.<\/em><\/p>\n<\/div>\n","protected":false},"excerpt":{"rendered":"<div>\n<div>\n<figure><img decoding=\"async\" src=\"https:\/\/uploads.acordacidade.com.br\/2025\/06\/Flamengo-empata-com-Los-Angeles-FC-foto-Gilvan-de-Souza-CRF.jpg\" alt=\"Flamengo empata com Los Angeles FC\"><figcaption>Foto: Gilvan de Souza \/ CRF<br \/>\n<\/figcaption><\/figure>\n<\/div>\n<p>A partir das 17h (hor\u00e1rio de Bras\u00edlia) do pr\u00f3ximo domingo (29),  o Flamengo e o Bayern se enfrentam no Hard Rock Stadium, em Miami.<\/p><\/div>\n","protected":false},"author":1,"featured_media":90976,"comment_status":"closed","ping_status":"closed","sticky":false,"template":"","format":"gallery","meta":{"footnotes":""},"categories":[8,9,6,57,56,10],"tags":[],"class_list":["post-90975","post","type-post","status-publish","format-gallery","has-post-thumbnail","hentry","category-bahia","category-brasil","category-feira-de-santana","category-mundo","category-policia","category-politica","post_format-post-format-gallery"],"featured_image_urls":{"full":["https:\/\/noticiasbahia360.com.br\/wp-content\/uploads\/2025\/06\/Flamengo-empata-com-Los-Angeles-FC-foto-Gilvan-de-Souza-CRF.jpg",1200,801,false],"thumbnail":["https:\/\/noticiasbahia360.com.br\/wp-content\/uploads\/2025\/06\/Flamengo-empata-com-Los-Angeles-FC-foto-Gilvan-de-Souza-CRF-150x150.jpg",150,150,true],"medium":["https:\/\/noticiasbahia360.com.br\/wp-content\/uploads\/2025\/06\/Flamengo-empata-com-Los-Angeles-FC-foto-Gilvan-de-Souza-CRF-300x200.jpg",300,200,true],"medium_large":["https:\/\/noticiasbahia360.com.br\/wp-content\/uploads\/2025\/06\/Flamengo-empata-com-Los-Angeles-FC-foto-Gilvan-de-Souza-CRF-768x513.jpg",640,428,true],"large":["https:\/\/noticiasbahia360.com.br\/wp-content\/uploads\/2025\/06\/Flamengo-empata-com-Los-Angeles-FC-foto-Gilvan-de-Souza-CRF-1024x684.jpg",640,428,true],"1536x1536":["https:\/\/noticiasbahia360.com.br\/wp-content\/uploads\/2025\/06\/Flamengo-empata-com-Los-Angeles-FC-foto-Gilvan-de-Souza-CRF.jpg",1200,801,false],"2048x2048":["https:\/\/noticiasbahia360.com.br\/wp-content\/uploads\/2025\/06\/Flamengo-empata-com-Los-Angeles-FC-foto-Gilvan-de-Souza-CRF.jpg",1200,801,false],"chromenews-featured":["https:\/\/noticiasbahia360.com.br\/wp-content\/uploads\/2025\/06\/Flamengo-empata-com-Los-Angeles-FC-foto-Gilvan-de-Souza-CRF-1024x684.jpg",1024,684,true],"chromenews-large":["https:\/\/noticiasbahia360.com.br\/wp-content\/uploads\/2025\/06\/Flamengo-empata-com-Los-Angeles-FC-foto-Gilvan-de-Souza-CRF-825x575.jpg",825,575,true],"chromenews-medium":["https:\/\/noticiasbahia360.com.br\/wp-content\/uploads\/2025\/06\/Flamengo-empata-com-Los-Angeles-FC-foto-Gilvan-de-Souza-CRF-590x410.jpg",590,410,true]},"author_info":{"display_name":"noticiasbahia360.com.br","author_link":"https:\/\/noticiasbahia360.com.br\/?author=1"},"category_info":"<a href=\"https:\/\/noticiasbahia360.com.br\/?cat=8\" rel=\"category\">Bahia<\/a> <a href=\"https:\/\/noticiasbahia360.com.br\/?cat=9\" rel=\"category\">Brasil<\/a> <a href=\"https:\/\/noticiasbahia360.com.br\/?cat=6\" rel=\"category\">Feira de Santana<\/a> <a href=\"https:\/\/noticiasbahia360.com.br\/?cat=57\" rel=\"category\">Mundo<\/a> <a href=\"https:\/\/noticiasbahia360.com.br\/?cat=56\" rel=\"category\">Pol\u00edcia<\/a> <a href=\"https:\/\/noticiasbahia360.com.br\/?cat=10\" rel=\"category\">Pol\u00edtica<\/a>","tag_info":"Pol\u00edtica","comment_count":"0","_links":{"self":[{"href":"https:\/\/noticiasbahia360.com.br\/index.php?rest_route=\/wp\/v2\/posts\/90975","targetHints":{"allow":["GET"]}}],"collection":[{"href":"https:\/\/noticiasbahia360.com.br\/index.php?rest_route=\/wp\/v2\/posts"}],"about":[{"href":"https:\/\/noticiasbahia360.com.br\/index.php?rest_route=\/wp\/v2\/types\/post"}],"author":[{"embeddable":true,"href":"https:\/\/noticiasbahia360.com.br\/index.php?rest_route=\/wp\/v2\/users\/1"}],"replies":[{"embeddable":true,"href":"https:\/\/noticiasbahia360.com.br\/index.php?rest_route=%2Fwp%2Fv2%2Fcomments&post=90975"}],"version-history":[{"count":0,"href":"https:\/\/noticiasbahia360.com.br\/index.php?rest_route=\/wp\/v2\/posts\/90975\/revisions"}],"wp:featuredmedia":[{"embeddable":true,"href":"https:\/\/noticiasbahia360.com.br\/index.php?rest_route=\/wp\/v2\/media\/90976"}],"wp:attachment":[{"href":"https:\/\/noticiasbahia360.com.br\/index.php?rest_route=%2Fwp%2Fv2%2Fmedia&parent=90975"}],"wp:term":[{"taxonomy":"category","embeddable":true,"href":"https:\/\/noticiasbahia360.com.br\/index.php?rest_route=%2Fwp%2Fv2%2Fcategories&post=90975"},{"taxonomy":"post_tag","embeddable":true,"href":"https:\/\/noticiasbahia360.com.br\/index.php?rest_route=%2Fwp%2Fv2%2Ftags&post=90975"}],"curies":[{"name":"wp","href":"https:\/\/api.w.org\/{rel}","templated":true}]}}