{"id":90979,"date":"2025-06-25T08:17:29","date_gmt":"2025-06-25T11:17:29","guid":{"rendered":"https:\/\/noticiasbahia360.com.br\/?p=90979"},"modified":"2025-06-25T08:17:29","modified_gmt":"2025-06-25T11:17:29","slug":"67a-cipm-celebra-exito-na-operacao-dos-festejos-juninos-em-feira-de-santana","status":"publish","type":"post","link":"https:\/\/noticiasbahia360.com.br\/?p=90979","title":{"rendered":"67\u00aa CIPM celebra \u00eaxito na opera\u00e7\u00e3o dos Festejos Juninos em Feira de Santana"},"content":{"rendered":"<div>\n<div>\n<figure><img decoding=\"async\" src=\"http:\/\/noticiasbahia360.com.br\/wp-content\/uploads\/2025\/06\/Raca-Negra-Fotos-Washington-Nery-23-06-25-31-sao-joao-de-sao-jose.jpg\" alt=\"Ra\u00e7a Negra no S\u00e3o Jo\u00e3o de S\u00e3o Jos\u00e9 em Feira de Santana\"><figcaption>Ra\u00e7a Negra no S\u00e3o Jo\u00e3o de S\u00e3o Jos\u00e9 | Foto: Washington Nery\/Secom PMFS<\/figcaption><\/figure>\n<\/div>\n<p>A 67\u00aa Companhia Independente da Pol\u00edcia Militar (CIPM) comemora o sucesso da opera\u00e7\u00e3o de seguran\u00e7a durante os festejos juninos, especificamente o S\u00e3o Jo\u00e3o nos distritos de <a href=\"https:\/\/www.acordacidade.com.br\/tag\/distrito-maria-quiteria\/\">Maria Quit\u00e9ria<\/a> (S\u00e3o Jos\u00e9), Jaguara, Tiquaru\u00e7u e Bonfim de Feira, em Feira de Santana. Segundo informou o comandante Major Reis, a opera\u00e7\u00e3o foi conclu\u00edda sem ocorr\u00eancias relevantes, garantindo a seguran\u00e7a e o bem-estar da popula\u00e7\u00e3o.<\/p>\n<p>\u201cAinda temos o S\u00e3o Pedro, mas at\u00e9 o presente momento comemoramos o fim desta opera\u00e7\u00e3o, com \u00eaxito. N\u00e3o registramos nenhuma ocorr\u00eancia relevante e, portanto, a gente entende ter feito um bom trabalho no combate a essa criminalidade. As pessoas conseguiram se divertir e foi um momento de recrea\u00e7\u00e3o, de lazer, de confraterniza\u00e7\u00e3o. E \u00e9 isso que a gente espera, n\u00e9? \u201c, declarou o major ao Acorda Cidade.<\/p>\n<figure class=\"wp-block-image size-full is-resized\"><img fetchpriority=\"high\" data-dominant-color=\"8c8c83\" data-has-transparency=\"false\" fetchpriority=\"high\" decoding=\"async\" width=\"640\" height=\"480\" sizes=\"(max-width: 640px) 100vw, 640px\" src=\"http:\/\/noticiasbahia360.com.br\/wp-content\/uploads\/2025\/06\/dVQ0z9my-major-Reis.webp\" alt=\"major Reis\" class=\"wp-image-498943 not-transparent\" style=\"--dominant-color: #8c8c83; width:824px;height:auto\" srcset=\"https:\/\/uploads.acordacidade.com.br\/2025\/01\/dVQ0z9my-major-Reis-150x113.webp 150w, http:\/\/noticiasbahia360.com.br\/wp-content\/uploads\/2025\/06\/dVQ0z9my-major-Reis.webp 640w\"><figcaption class=\"wp-element-caption\">Foto: Ed Santos\/Acorda Cidade <\/figcaption><\/figure>\n<p>A presen\u00e7a dos policiais permitiu que a popula\u00e7\u00e3o se divertisse em um ambiente de paz e confraterniza\u00e7\u00e3o, celebrando a cultura nordestina com m\u00fasica, comidas t\u00edpicas,  atra\u00e7\u00f5es nacionais e o clima festivo do S\u00e3o Jo\u00e3o.<\/p>\n<p>\u201cOs festejos juninos re\u00fanem condi\u00e7\u00f5es favor\u00e1veis como as m\u00fasicas, as comidas e at\u00e9 o pr\u00f3prio clima que \u00e9 um pouco mais frio. Isso contribui significativamente para essa sensa\u00e7\u00e3o de paz\u201d, afirmou.<\/p>\n<p>Na oportunidade, o comandante agradeceu aos policiais pelo servi\u00e7o prestado \u00e0 sociedade durante o S\u00e3o Jo\u00e3o.<\/p>\n<p>\u201cEm nome da Pol\u00edcia Militar da Bahia, em nome da 67\u00aa CPM, me dirijo aos meus policiais para agradecer o brilhante servi\u00e7o prestado \u00e0 nossa sociedade. Muito obrigado a todos\u201d, finalizou.<\/p>\n<p>Al\u00e9m dos distritos de Feira de Santana, a 67 CIPM tamb\u00e9m \u00e9 a respons\u00e1vel pelo policiamento nas cidades de S\u00e3o Gon\u00e7alo dos Campos e Concei\u00e7\u00e3o da Feira, que tamb\u00e9m tiveram festejos juninos, sem graves ocorr\u00eancias.<\/p>\n<p><em>Com informa\u00e7\u00f5es do rep\u00f3rter Ed Santos do Acorda Cidade<\/em><\/p>\n<p><em>Siga o Acorda Cidade no<\/em><a href=\"https:\/\/news.google.com\/search?q=acorda%20cidade&amp;hl=pt-BR&amp;gl=BR&amp;ceid=BR%3Apt-419\"><strong><em>\u00a0Google Not\u00edcias<\/em><\/strong><\/a><em>\u00a0e receba os principais destaques do dia. Participe tamb\u00e9m dos nossos canais no\u00a0<\/em><a href=\"https:\/\/www.whatsapp.com\/channel\/0029Va6Rb4v3WHTNnsh8WI3N\"><strong><em>WhatsApp<\/em><\/strong><\/a><em>\u00a0e\u00a0<\/em><a href=\"https:\/\/www.youtube.com\/@acordacidadenoticias\/videos\"><strong>YouTube<\/strong><\/a><em>\u00a0e grupo de\u00a0<\/em><a href=\"https:\/\/t.me\/+sSz0khrgARA0ZmRh\"><strong><em>Telegram<\/em><\/strong><\/a><\/p>\n<\/div>\n","protected":false},"excerpt":{"rendered":"<div>\n<div>\n<figure><img decoding=\"async\" src=\"https:\/\/uploads.acordacidade.com.br\/2025\/06\/Raca-Negra-Fotos-Washington-Nery-23-06-25-31-sao-joao-de-sao-jose.jpg\" alt=\"Ra\u00e7a Negra no S\u00e3o Jo\u00e3o de S\u00e3o Jos\u00e9 em Feira de Santana\"><figcaption>Ra\u00e7a Negra no S\u00e3o Jo\u00e3o de S\u00e3o Jos\u00e9 | Foto: Washington Nery\/Secom PMFS<\/figcaption><\/figure>\n<\/div>\n<p>A 67\u00aa Companhia Independente da Pol\u00edcia Militar (CIPM) comemora o sucesso da opera\u00e7\u00e3o de seguran\u00e7a durante os festejos juninos, especificamente o S\u00e3o Jo\u00e3o nos distritos de Maria Quit\u00e9ria (S\u00e3o Jos\u00e9), Jaguara, Tiquaru\u00e7u e Bonfim de Feira, em Feira de Santana. Segundo informou o comandante Major Reis, a opera\u00e7\u00e3o foi conclu\u00edda sem ocorr\u00eancias relevantes, garantindo a [\u2026]<\/p><\/div>\n","protected":false},"author":1,"featured_media":90980,"comment_status":"closed","ping_status":"closed","sticky":false,"template":"","format":"gallery","meta":{"footnotes":""},"categories":[8,9,6,57,56,10],"tags":[],"class_list":["post-90979","post","type-post","status-publish","format-gallery","has-post-thumbnail","hentry","category-bahia","category-brasil","category-feira-de-santana","category-mundo","category-policia","category-politica","post_format-post-format-gallery"],"featured_image_urls":{"full":["https:\/\/noticiasbahia360.com.br\/wp-content\/uploads\/2025\/06\/Raca-Negra-Fotos-Washington-Nery-23-06-25-31-sao-joao-de-sao-jose.jpg",1200,800,false],"thumbnail":["https:\/\/noticiasbahia360.com.br\/wp-content\/uploads\/2025\/06\/Raca-Negra-Fotos-Washington-Nery-23-06-25-31-sao-joao-de-sao-jose-150x150.jpg",150,150,true],"medium":["https:\/\/noticiasbahia360.com.br\/wp-content\/uploads\/2025\/06\/Raca-Negra-Fotos-Washington-Nery-23-06-25-31-sao-joao-de-sao-jose-300x200.jpg",300,200,true],"medium_large":["https:\/\/noticiasbahia360.com.br\/wp-content\/uploads\/2025\/06\/Raca-Negra-Fotos-Washington-Nery-23-06-25-31-sao-joao-de-sao-jose-768x512.jpg",640,427,true],"large":["https:\/\/noticiasbahia360.com.br\/wp-content\/uploads\/2025\/06\/Raca-Negra-Fotos-Washington-Nery-23-06-25-31-sao-joao-de-sao-jose-1024x683.jpg",640,427,true],"1536x1536":["https:\/\/noticiasbahia360.com.br\/wp-content\/uploads\/2025\/06\/Raca-Negra-Fotos-Washington-Nery-23-06-25-31-sao-joao-de-sao-jose.jpg",1200,800,false],"2048x2048":["https:\/\/noticiasbahia360.com.br\/wp-content\/uploads\/2025\/06\/Raca-Negra-Fotos-Washington-Nery-23-06-25-31-sao-joao-de-sao-jose.jpg",1200,800,false],"chromenews-featured":["https:\/\/noticiasbahia360.com.br\/wp-content\/uploads\/2025\/06\/Raca-Negra-Fotos-Washington-Nery-23-06-25-31-sao-joao-de-sao-jose-1024x683.jpg",1024,683,true],"chromenews-large":["https:\/\/noticiasbahia360.com.br\/wp-content\/uploads\/2025\/06\/Raca-Negra-Fotos-Washington-Nery-23-06-25-31-sao-joao-de-sao-jose-825x575.jpg",825,575,true],"chromenews-medium":["https:\/\/noticiasbahia360.com.br\/wp-content\/uploads\/2025\/06\/Raca-Negra-Fotos-Washington-Nery-23-06-25-31-sao-joao-de-sao-jose-590x410.jpg",590,410,true]},"author_info":{"display_name":"noticiasbahia360.com.br","author_link":"https:\/\/noticiasbahia360.com.br\/?author=1"},"category_info":"<a href=\"https:\/\/noticiasbahia360.com.br\/?cat=8\" rel=\"category\">Bahia<\/a> <a href=\"https:\/\/noticiasbahia360.com.br\/?cat=9\" rel=\"category\">Brasil<\/a> <a href=\"https:\/\/noticiasbahia360.com.br\/?cat=6\" rel=\"category\">Feira de Santana<\/a> <a href=\"https:\/\/noticiasbahia360.com.br\/?cat=57\" rel=\"category\">Mundo<\/a> <a href=\"https:\/\/noticiasbahia360.com.br\/?cat=56\" rel=\"category\">Pol\u00edcia<\/a> <a href=\"https:\/\/noticiasbahia360.com.br\/?cat=10\" rel=\"category\">Pol\u00edtica<\/a>","tag_info":"Pol\u00edtica","comment_count":"0","_links":{"self":[{"href":"https:\/\/noticiasbahia360.com.br\/index.php?rest_route=\/wp\/v2\/posts\/90979","targetHints":{"allow":["GET"]}}],"collection":[{"href":"https:\/\/noticiasbahia360.com.br\/index.php?rest_route=\/wp\/v2\/posts"}],"about":[{"href":"https:\/\/noticiasbahia360.com.br\/index.php?rest_route=\/wp\/v2\/types\/post"}],"author":[{"embeddable":true,"href":"https:\/\/noticiasbahia360.com.br\/index.php?rest_route=\/wp\/v2\/users\/1"}],"replies":[{"embeddable":true,"href":"https:\/\/noticiasbahia360.com.br\/index.php?rest_route=%2Fwp%2Fv2%2Fcomments&post=90979"}],"version-history":[{"count":0,"href":"https:\/\/noticiasbahia360.com.br\/index.php?rest_route=\/wp\/v2\/posts\/90979\/revisions"}],"wp:featuredmedia":[{"embeddable":true,"href":"https:\/\/noticiasbahia360.com.br\/index.php?rest_route=\/wp\/v2\/media\/90980"}],"wp:attachment":[{"href":"https:\/\/noticiasbahia360.com.br\/index.php?rest_route=%2Fwp%2Fv2%2Fmedia&parent=90979"}],"wp:term":[{"taxonomy":"category","embeddable":true,"href":"https:\/\/noticiasbahia360.com.br\/index.php?rest_route=%2Fwp%2Fv2%2Fcategories&post=90979"},{"taxonomy":"post_tag","embeddable":true,"href":"https:\/\/noticiasbahia360.com.br\/index.php?rest_route=%2Fwp%2Fv2%2Ftags&post=90979"}],"curies":[{"name":"wp","href":"https:\/\/api.w.org\/{rel}","templated":true}]}}