{"id":90984,"date":"2025-06-25T08:40:30","date_gmt":"2025-06-25T11:40:30","guid":{"rendered":"https:\/\/noticiasbahia360.com.br\/?p=90984"},"modified":"2025-06-25T08:40:30","modified_gmt":"2025-06-25T11:40:30","slug":"audiencia-publica-vai-debater-descontos-abusivos-do-credcesta-aos-servidores","status":"publish","type":"post","link":"https:\/\/noticiasbahia360.com.br\/?p=90984","title":{"rendered":"Audi\u00eancia p\u00fablica vai debater descontos abusivos do CredCesta aos servidores"},"content":{"rendered":"<div>\n<div>\n<figure><img decoding=\"async\" src=\"http:\/\/noticiasbahia360.com.br\/wp-content\/uploads\/2025\/06\/deputado_diegocastro.jpg\" alt=\"Deputado Diego Castro\"><figcaption>Foto: Assessoria<\/figcaption><\/figure>\n<\/div>\n<p>A Comiss\u00e3o de Defesa do Consumidor e Rela\u00e7\u00f5es de Trabalho da Assembleia Legislativa da Bahia (<a href=\"https:\/\/www.acordacidade.com.br\/tag\/alba\/\">Alba<\/a>) aprovou um requerimento do deputado estadual Diego Castro (PL) para a realiza\u00e7\u00e3o de uma audi\u00eancia p\u00fablica com foco nas den\u00fancias contra a empresa CredCesta, que atua no ramo de empr\u00e9stimos consignados voltados a servidores p\u00fablicos estaduais e municipais.<\/p>\n<p>Segundo o parlamentar baiano, que presidente a Comiss\u00e3o de Seguran\u00e7a P\u00fablica e Direitos Humanos da Casa, o pedido foi motivado pelo aumento das reclama\u00e7\u00f5es de servidores sobre descontos indevidos em folha de pagamento, contratos firmados sem consentimento formal, falta de clareza nas condi\u00e7\u00f5es dos empr\u00e9stimos e cobran\u00e7as consideradas abusivas.<\/p>\n<p>\u201c\u00c9 inadmiss\u00edvel que servidores p\u00fablicos estejam sendo lesados por pr\u00e1ticas abusivas, com contratos muitas vezes feitos \u00e0 revelia do consumidor. Precisamos ouvir essas v\u00edtimas, entender a atua\u00e7\u00e3o da empresa e cobrar provid\u00eancias dos \u00f3rg\u00e3os competentes\u201d, afirmou o deputado Diego Castro.<\/p>\n<p>A audi\u00eancia p\u00fablica ser\u00e1 realizada no dia 13 de agosto, na Assembleia Legislativa da Bahia, e dever\u00e1 contar com a presen\u00e7a de representantes da CredCesta, do Procon-BA, do Minist\u00e9rio P\u00fablico da Bahia (MP-BA), da Defensoria P\u00fablica, al\u00e9m de entidades sindicais, servidores afetados e especialistas em direito do consumidor e regula\u00e7\u00e3o financeira.<\/p>\n<p>Ainda segundo Diego Castro, a expectativa \u00e9 que o encontro permita \u201cesclarecer as den\u00fancias, discutir medidas de responsabiliza\u00e7\u00e3o e ampliar os mecanismos de prote\u00e7\u00e3o aos consumidores no setor de cr\u00e9dito consignado\u201d.<\/p>\n<p><em>Siga o Acorda Cidade no<\/em><a href=\"https:\/\/news.google.com\/search?q=acorda%20cidade&amp;hl=pt-BR&amp;gl=BR&amp;ceid=BR%3Apt-419\"><strong><em> Google Not\u00edcias<\/em><\/strong><\/a><em> e receba os principais destaques do dia. Participe tamb\u00e9m dos nossos canais no <\/em><a href=\"https:\/\/whatsapp.com\/channel\/0029Va6Rb4v3WHTNnsh8WI3N\"><strong><em>WhatsApp<\/em><\/strong><\/a><em> e <\/em><a href=\"https:\/\/www.youtube.com\/@acordacidadenoticias\/videos\"><strong>Youtube<\/strong><\/a><em> e grupo de <\/em><a href=\"https:\/\/t.me\/+sSz0khrgARA0ZmRh\"><strong><em>Telegram<\/em><\/strong><\/a><em>.<\/em><\/p>\n<\/div>\n","protected":false},"excerpt":{"rendered":"<div>\n<div>\n<figure><img decoding=\"async\" src=\"https:\/\/uploads.acordacidade.com.br\/2025\/06\/deputado_diegocastro.jpg\" alt=\"Deputado Diego Castro\"><figcaption>Foto: Assessoria<\/figcaption><\/figure>\n<\/div>\n<p>Requerimento foi enviado pelo deputado Diego Castro para a Alba<\/p><\/div>\n","protected":false},"author":1,"featured_media":90985,"comment_status":"closed","ping_status":"closed","sticky":false,"template":"","format":"gallery","meta":{"footnotes":""},"categories":[8,9,6,57,56,10],"tags":[],"class_list":["post-90984","post","type-post","status-publish","format-gallery","has-post-thumbnail","hentry","category-bahia","category-brasil","category-feira-de-santana","category-mundo","category-policia","category-politica","post_format-post-format-gallery"],"featured_image_urls":{"full":["https:\/\/noticiasbahia360.com.br\/wp-content\/uploads\/2025\/06\/deputado_diegocastro.jpg",1200,732,false],"thumbnail":["https:\/\/noticiasbahia360.com.br\/wp-content\/uploads\/2025\/06\/deputado_diegocastro-150x150.jpg",150,150,true],"medium":["https:\/\/noticiasbahia360.com.br\/wp-content\/uploads\/2025\/06\/deputado_diegocastro-300x183.jpg",300,183,true],"medium_large":["https:\/\/noticiasbahia360.com.br\/wp-content\/uploads\/2025\/06\/deputado_diegocastro-768x468.jpg",640,390,true],"large":["https:\/\/noticiasbahia360.com.br\/wp-content\/uploads\/2025\/06\/deputado_diegocastro-1024x625.jpg",640,391,true],"1536x1536":["https:\/\/noticiasbahia360.com.br\/wp-content\/uploads\/2025\/06\/deputado_diegocastro.jpg",1200,732,false],"2048x2048":["https:\/\/noticiasbahia360.com.br\/wp-content\/uploads\/2025\/06\/deputado_diegocastro.jpg",1200,732,false],"chromenews-featured":["https:\/\/noticiasbahia360.com.br\/wp-content\/uploads\/2025\/06\/deputado_diegocastro-1024x625.jpg",1024,625,true],"chromenews-large":["https:\/\/noticiasbahia360.com.br\/wp-content\/uploads\/2025\/06\/deputado_diegocastro-825x575.jpg",825,575,true],"chromenews-medium":["https:\/\/noticiasbahia360.com.br\/wp-content\/uploads\/2025\/06\/deputado_diegocastro-590x410.jpg",590,410,true]},"author_info":{"display_name":"noticiasbahia360.com.br","author_link":"https:\/\/noticiasbahia360.com.br\/?author=1"},"category_info":"<a href=\"https:\/\/noticiasbahia360.com.br\/?cat=8\" rel=\"category\">Bahia<\/a> <a href=\"https:\/\/noticiasbahia360.com.br\/?cat=9\" rel=\"category\">Brasil<\/a> <a href=\"https:\/\/noticiasbahia360.com.br\/?cat=6\" rel=\"category\">Feira de Santana<\/a> <a href=\"https:\/\/noticiasbahia360.com.br\/?cat=57\" rel=\"category\">Mundo<\/a> <a href=\"https:\/\/noticiasbahia360.com.br\/?cat=56\" rel=\"category\">Pol\u00edcia<\/a> <a href=\"https:\/\/noticiasbahia360.com.br\/?cat=10\" rel=\"category\">Pol\u00edtica<\/a>","tag_info":"Pol\u00edtica","comment_count":"0","_links":{"self":[{"href":"https:\/\/noticiasbahia360.com.br\/index.php?rest_route=\/wp\/v2\/posts\/90984","targetHints":{"allow":["GET"]}}],"collection":[{"href":"https:\/\/noticiasbahia360.com.br\/index.php?rest_route=\/wp\/v2\/posts"}],"about":[{"href":"https:\/\/noticiasbahia360.com.br\/index.php?rest_route=\/wp\/v2\/types\/post"}],"author":[{"embeddable":true,"href":"https:\/\/noticiasbahia360.com.br\/index.php?rest_route=\/wp\/v2\/users\/1"}],"replies":[{"embeddable":true,"href":"https:\/\/noticiasbahia360.com.br\/index.php?rest_route=%2Fwp%2Fv2%2Fcomments&post=90984"}],"version-history":[{"count":0,"href":"https:\/\/noticiasbahia360.com.br\/index.php?rest_route=\/wp\/v2\/posts\/90984\/revisions"}],"wp:featuredmedia":[{"embeddable":true,"href":"https:\/\/noticiasbahia360.com.br\/index.php?rest_route=\/wp\/v2\/media\/90985"}],"wp:attachment":[{"href":"https:\/\/noticiasbahia360.com.br\/index.php?rest_route=%2Fwp%2Fv2%2Fmedia&parent=90984"}],"wp:term":[{"taxonomy":"category","embeddable":true,"href":"https:\/\/noticiasbahia360.com.br\/index.php?rest_route=%2Fwp%2Fv2%2Fcategories&post=90984"},{"taxonomy":"post_tag","embeddable":true,"href":"https:\/\/noticiasbahia360.com.br\/index.php?rest_route=%2Fwp%2Fv2%2Ftags&post=90984"}],"curies":[{"name":"wp","href":"https:\/\/api.w.org\/{rel}","templated":true}]}}