{"id":90986,"date":"2025-06-25T08:54:35","date_gmt":"2025-06-25T11:54:35","guid":{"rendered":"https:\/\/noticiasbahia360.com.br\/?p=90986"},"modified":"2025-06-25T08:54:35","modified_gmt":"2025-06-25T11:54:35","slug":"casa-do-trabalhador-anuncia-840-vagas-em-empresa-de-call-center-em-feira-de-santana","status":"publish","type":"post","link":"https:\/\/noticiasbahia360.com.br\/?p=90986","title":{"rendered":"Casa do Trabalhador anuncia 840 vagas em empresa de call center em Feira de Santana"},"content":{"rendered":"<div>\n<div>\n<figure><img decoding=\"async\" src=\"http:\/\/noticiasbahia360.com.br\/wp-content\/uploads\/2025\/06\/Casa-do-trabalhador-FT-Paulo-Jose-acorda-cidade1.jpg\" alt=\"Casa do trabalhador FT Paulo Jos\u00e9 acorda cidade3\"><figcaption>Foto: Paulo Jos\u00e9\/Acorda Cidade <\/figcaption><\/figure>\n<\/div>\n<p>O diretor da Casa do Trabalhador de Feira de Santana, Magno Felzemburg, anunciou, na manh\u00e3 desta quarta-feira (25), em entrevista ao Programa Acorda Cidade, pela R\u00e1dio Sociedade News 102.1 FM, a abertura de 840 vagas de <a href=\"https:\/\/www.acordacidade.com.br\/tag\/emprego\/\">emprego<\/a> em uma \u00fanica empresa do setor de call center, a Atento.<\/p>\n<figure class=\"wp-block-image size-large\"><img fetchpriority=\"high\" data-dominant-color=\"9c989b\" data-has-transparency=\"false\" style=\"--dominant-color: #9c989b;\" fetchpriority=\"high\" decoding=\"async\" width=\"1024\" height=\"666\" sizes=\"(max-width: 1024px) 100vw, 1024px\" src=\"http:\/\/noticiasbahia360.com.br\/wp-content\/uploads\/2025\/06\/zMRHPQlI-magno-1024x666-1.webp\" alt=\"Magno Felzemburgh\" class=\"wp-image-505264 not-transparent\" srcset=\"https:\/\/uploads.acordacidade.com.br\/2025\/02\/zMRHPQlI-magno-1536x998.webp 1536w, https:\/\/uploads.acordacidade.com.br\/2025\/02\/zMRHPQlI-magno-150x98.webp 150w, https:\/\/uploads.acordacidade.com.br\/2025\/02\/zMRHPQlI-magno.webp 1920w\"><figcaption class=\"wp-element-caption\">Foto: Paulo Jos\u00e9\/Acorda Cidade<\/figcaption><\/figure>\n<p>Segundo Magno, trata-se do maior n\u00famero de vagas j\u00e1 oferecido de forma simult\u00e2nea na unidade. \u201c\u00c9 uma ben\u00e7\u00e3o. Feira est\u00e1 sendo vista como uma cidade de oportunidades. Pessoas de fora est\u00e3o vindo morar aqui, buscando trabalho, e hoje temos essa excelente not\u00edcia com as 840 vagas abertas em uma \u00fanica empresa\u201d, destacou.<\/p>\n<p>As vagas s\u00e3o para o cargo de especialista de atendimento e n\u00e3o exigem experi\u00eancia anterior. Podem se candidatar pessoas a partir dos 18 anos, inclusive em busca do primeiro emprego. A contrata\u00e7\u00e3o ser\u00e1 imediata, com previs\u00e3o de in\u00edcio das atividades j\u00e1 no dia 7 de julho, com registro em carteira.<\/p>\n<p>O processo de triagem ser\u00e1 feito presencialmente na Casa do Trabalhador, localizada na Rua Desembargador Felinto Bastos, nos dias 25, 26 e 27 de junho, a partir das 8h. Os candidatos devem levar a carteira de trabalho (f\u00edsica ou digital). Ap\u00f3s a triagem, os selecionados ser\u00e3o encaminhados para a prova e entrevista, que acontecer\u00e3o na Universidade Federal do Rec\u00f4ncavo Baiano (UFRB), parceira da iniciativa.<\/p>\n<p>Embora n\u00e3o seja exigida experi\u00eancia, \u00e9 necess\u00e1rio que o candidato possua conhecimentos b\u00e1sicos de inform\u00e1tica, j\u00e1 que o trabalho \u00e9 realizado com uso de computador. A avalia\u00e7\u00e3o ser\u00e1 feita por meio de prova online e entrevista com analistas de Recursos Humanos da empresa contratante.<\/p>\n<p>Magno tamb\u00e9m ressaltou que a Casa do Trabalhador oferece, por meio de parcerias, cursos de capacita\u00e7\u00e3o em inform\u00e1tica, e que h\u00e1 grande interesse da popula\u00e7\u00e3o por esse tipo de qualifica\u00e7\u00e3o.<\/p>\n<p>\u201cAntes do recesso, disponibilizamos 20 vagas em um curso de 4 horas e foram preenchidas rapidamente. Isso mostra que h\u00e1 interesse, especialmente entre os jovens, em buscar qualifica\u00e7\u00e3o\u201d, disse.<\/p>\n<p>Apesar da alta oferta, o diretor reconhece que o preenchimento total das 840 vagas pode ser um desafio. \u201cO que temos enfrentado hoje n\u00e3o \u00e9 falta de qualifica\u00e7\u00e3o, mas sim de trabalhadores dispon\u00edveis. Precisamos estimular os jovens a buscarem o emprego formal, que garante uma s\u00e9rie de direitos como INSS, FGTS, 13\u00ba sal\u00e1rio e aposentadoria\u201d, destacou.<\/p>\n<p>Questionado sobre a inclus\u00e3o de trabalhadores com mais de 50 ou 60 anos no mercado de trabalho, Magno afirmou que a realidade tem mudado e que h\u00e1, inclusive, uma previs\u00e3o para oferta de vagas voltadas ao p\u00fablico 50+. \u201cAs empresas t\u00eam percebido que trabalhadores mais experientes contribuem significativamente para o bom funcionamento da organiza\u00e7\u00e3o\u201d, disse.<\/p>\n<p>Magno Felzemburg tamb\u00e9m aproveitou o espa\u00e7o para fazer um apelo \u00e0 popula\u00e7\u00e3o quanto ao respeito aos trabalhadores do setor de atendimento. \u201cInfelizmente, muitas pessoas desrespeitam quem est\u00e1 do outro lado da linha. \u00c9 importante lembrar que ali existe um profissional, um ser humano, que merece respeito. O tratamento que damos a eles reflete diretamente na qualidade do servi\u00e7o\u201d, afirmou.<\/p>\n<p><em>Siga o Acorda Cidade no<\/em><a href=\"https:\/\/news.google.com\/search?q=acorda%20cidade&amp;hl=pt-BR&amp;gl=BR&amp;ceid=BR%3Apt-419\"><strong><em> Google Not\u00edcias<\/em><\/strong><\/a><em> e receba os principais destaques do dia. Participe tamb\u00e9m dos nossos canais no <\/em><a href=\"https:\/\/whatsapp.com\/channel\/0029Va6Rb4v3WHTNnsh8WI3N\"><strong><em>WhatsApp<\/em><\/strong><\/a><em> e <\/em><a href=\"https:\/\/www.youtube.com\/@acordacidadenoticias\/videos\"><strong>Youtube<\/strong><\/a><em> e grupo de <\/em><a href=\"https:\/\/t.me\/+sSz0khrgARA0ZmRh\"><strong><em>Telegram<\/em><\/strong><\/a><em>.<\/em><\/p>\n<\/div>\n","protected":false},"excerpt":{"rendered":"<div>\n<div>\n<figure><img decoding=\"async\" src=\"https:\/\/uploads.acordacidade.com.br\/wp-content\/uploads\/2023\/11\/06115706\/Casa-do-trabalhador-FT-Paulo-Jose-acorda-cidade1.jpg\" alt=\"Casa do trabalhador FT Paulo Jos\u00e9 acorda cidade3\"><figcaption>Foto: Paulo Jos\u00e9\/Acorda Cidade <\/figcaption><\/figure>\n<\/div>\n<p>O processo de triagem ser\u00e1 feito presencialmente na Casa do Trabalhador.<\/p><\/div>\n","protected":false},"author":1,"featured_media":90987,"comment_status":"closed","ping_status":"closed","sticky":false,"template":"","format":"gallery","meta":{"footnotes":""},"categories":[8,9,6,57,56,10],"tags":[],"class_list":["post-90986","post","type-post","status-publish","format-gallery","has-post-thumbnail","hentry","category-bahia","category-brasil","category-feira-de-santana","category-mundo","category-policia","category-politica","post_format-post-format-gallery"],"featured_image_urls":{"full":["https:\/\/noticiasbahia360.com.br\/wp-content\/uploads\/2025\/06\/Casa-do-trabalhador-FT-Paulo-Jose-acorda-cidade1.jpg",640,288,false],"thumbnail":["https:\/\/noticiasbahia360.com.br\/wp-content\/uploads\/2025\/06\/Casa-do-trabalhador-FT-Paulo-Jose-acorda-cidade1-150x150.jpg",150,150,true],"medium":["https:\/\/noticiasbahia360.com.br\/wp-content\/uploads\/2025\/06\/Casa-do-trabalhador-FT-Paulo-Jose-acorda-cidade1-300x135.jpg",300,135,true],"medium_large":["https:\/\/noticiasbahia360.com.br\/wp-content\/uploads\/2025\/06\/Casa-do-trabalhador-FT-Paulo-Jose-acorda-cidade1.jpg",640,288,false],"large":["https:\/\/noticiasbahia360.com.br\/wp-content\/uploads\/2025\/06\/Casa-do-trabalhador-FT-Paulo-Jose-acorda-cidade1.jpg",640,288,false],"1536x1536":["https:\/\/noticiasbahia360.com.br\/wp-content\/uploads\/2025\/06\/Casa-do-trabalhador-FT-Paulo-Jose-acorda-cidade1.jpg",640,288,false],"2048x2048":["https:\/\/noticiasbahia360.com.br\/wp-content\/uploads\/2025\/06\/Casa-do-trabalhador-FT-Paulo-Jose-acorda-cidade1.jpg",640,288,false],"chromenews-featured":["https:\/\/noticiasbahia360.com.br\/wp-content\/uploads\/2025\/06\/Casa-do-trabalhador-FT-Paulo-Jose-acorda-cidade1.jpg",640,288,false],"chromenews-large":["https:\/\/noticiasbahia360.com.br\/wp-content\/uploads\/2025\/06\/Casa-do-trabalhador-FT-Paulo-Jose-acorda-cidade1.jpg",640,288,false],"chromenews-medium":["https:\/\/noticiasbahia360.com.br\/wp-content\/uploads\/2025\/06\/Casa-do-trabalhador-FT-Paulo-Jose-acorda-cidade1-590x288.jpg",590,288,true]},"author_info":{"display_name":"noticiasbahia360.com.br","author_link":"https:\/\/noticiasbahia360.com.br\/?author=1"},"category_info":"<a href=\"https:\/\/noticiasbahia360.com.br\/?cat=8\" rel=\"category\">Bahia<\/a> <a href=\"https:\/\/noticiasbahia360.com.br\/?cat=9\" rel=\"category\">Brasil<\/a> <a href=\"https:\/\/noticiasbahia360.com.br\/?cat=6\" rel=\"category\">Feira de Santana<\/a> <a href=\"https:\/\/noticiasbahia360.com.br\/?cat=57\" rel=\"category\">Mundo<\/a> <a href=\"https:\/\/noticiasbahia360.com.br\/?cat=56\" rel=\"category\">Pol\u00edcia<\/a> <a href=\"https:\/\/noticiasbahia360.com.br\/?cat=10\" rel=\"category\">Pol\u00edtica<\/a>","tag_info":"Pol\u00edtica","comment_count":"0","_links":{"self":[{"href":"https:\/\/noticiasbahia360.com.br\/index.php?rest_route=\/wp\/v2\/posts\/90986","targetHints":{"allow":["GET"]}}],"collection":[{"href":"https:\/\/noticiasbahia360.com.br\/index.php?rest_route=\/wp\/v2\/posts"}],"about":[{"href":"https:\/\/noticiasbahia360.com.br\/index.php?rest_route=\/wp\/v2\/types\/post"}],"author":[{"embeddable":true,"href":"https:\/\/noticiasbahia360.com.br\/index.php?rest_route=\/wp\/v2\/users\/1"}],"replies":[{"embeddable":true,"href":"https:\/\/noticiasbahia360.com.br\/index.php?rest_route=%2Fwp%2Fv2%2Fcomments&post=90986"}],"version-history":[{"count":0,"href":"https:\/\/noticiasbahia360.com.br\/index.php?rest_route=\/wp\/v2\/posts\/90986\/revisions"}],"wp:featuredmedia":[{"embeddable":true,"href":"https:\/\/noticiasbahia360.com.br\/index.php?rest_route=\/wp\/v2\/media\/90987"}],"wp:attachment":[{"href":"https:\/\/noticiasbahia360.com.br\/index.php?rest_route=%2Fwp%2Fv2%2Fmedia&parent=90986"}],"wp:term":[{"taxonomy":"category","embeddable":true,"href":"https:\/\/noticiasbahia360.com.br\/index.php?rest_route=%2Fwp%2Fv2%2Fcategories&post=90986"},{"taxonomy":"post_tag","embeddable":true,"href":"https:\/\/noticiasbahia360.com.br\/index.php?rest_route=%2Fwp%2Fv2%2Ftags&post=90986"}],"curies":[{"name":"wp","href":"https:\/\/api.w.org\/{rel}","templated":true}]}}