{"id":90989,"date":"2025-06-25T09:22:39","date_gmt":"2025-06-25T12:22:39","guid":{"rendered":"https:\/\/noticiasbahia360.com.br\/?p=90989"},"modified":"2025-06-25T09:22:39","modified_gmt":"2025-06-25T12:22:39","slug":"prefeitura-lamenta-falecimento-de-diogenes-carvalho-o-fa-numero-1-de-nelson-goncalves","status":"publish","type":"post","link":"https:\/\/noticiasbahia360.com.br\/?p=90989","title":{"rendered":"Prefeitura lamenta falecimento de Di\u00f3genes Carvalho, o f\u00e3 n\u00famero 1 de Nelson Gon\u00e7alves"},"content":{"rendered":"<div>\n<div>\n<figure><img decoding=\"async\" src=\"http:\/\/noticiasbahia360.com.br\/wp-content\/uploads\/2025\/06\/diogenes-carvalho-e-Nelson-Goncalves.jpg\" alt=\"Di\u00f3genes carvalho e Nelson Gon\u00e7alves\"><figcaption>Di\u00f3genes carvalho e Nelson Gon\u00e7alves<\/figcaption><\/figure>\n<\/div>\n<p>A Prefeitura de <a href=\"https:\/\/www.acordacidade.com.br\/tag\/feira-de-santana\/\">Feira de Santana<\/a> lamenta profundamente a morte de Di\u00f3genes Carvalho, 89 anos, ocorrida nesta ter\u00e7a-feira (24). At\u00e9 o momento, as causas da morte ainda n\u00e3o foram divulgadas.<\/p>\n<p>Di\u00f3genes ficou conhecido como o maior admirador de Nelson Gon\u00e7alves, ostentando uma das maiores cole\u00e7\u00f5es do pa\u00eds relacionadas \u00e0 obra do cantor. Seu acervo, que conta com discos de 78 rota\u00e7\u00f5es, mais de 300 grava\u00e7\u00f5es e cerca de 200 LPs, foi doado \u00e0 Prefeitura de Feira de Santana e atualmente integra o acervo do <a href=\"https:\/\/www.acordacidade.com.br\/tag\/teatro-maestro-miro\/\">Centro de Cultura Maestro Miro<\/a>.<\/p>\n<p>A paix\u00e3o de Di\u00f3genes por Nelson Gon\u00e7alves come\u00e7ou ainda na inf\u00e2ncia, de forma despretensiosa, e, com o passar do tempo, transformou-se em um verdadeiro tributo ao \u00eddolo.<\/p>\n<p>Para o prefeito <a href=\"https:\/\/www.acordacidade.com.br\/tag\/jose-ronaldo\/\">Jos\u00e9 Ronaldo de Carvalho<\/a>, a partida de Di\u00f3genes representa uma grande perda para a cultura feirense. \u201cDi\u00f3genes sempre foi um apaixonado por m\u00fasica e por Feira de Santana. Seu acervo, que ele generosamente deixou para a cidade, preserva a hist\u00f3ria da m\u00fasica e a mem\u00f3ria de um dos maiores artistas do Brasil. \u00c9 uma lacuna que ficar\u00e1 para sempre, mas tamb\u00e9m um exemplo de dedica\u00e7\u00e3o e carinho pela nossa terra\u201d.<\/p>\n<p>O secret\u00e1rio de <a href=\"https:\/\/www.acordacidade.com.br\/cultura\/\">Cultura<\/a>, Esporte e Lazer, Cristiano L\u00f4bo, tamb\u00e9m manifestou seu pesar e ressaltou a import\u00e2ncia do acervo para o munic\u00edpio. \u201cO acervo que Di\u00f3genes reuniu com tanto esmero e amor ser\u00e1 sempre uma refer\u00eancia para estudiosos, f\u00e3s e admiradores da m\u00fasica popular brasileira. \u00c9 um legado que vai perpetuar a hist\u00f3ria e o carinho que ele tinha por Nelson Gon\u00e7alves e por Feira de Santana\u201d.<\/p>\n<p>O corpo de Di\u00f3genes est\u00e1 sendo velado no Memorial, localizado na Rua Bar\u00e3o do Rio Branco.<\/p>\n<p>A Prefeitura de Feira de Santana se solidariza com familiares e amigos neste momento de dor e agradece a Di\u00f3genes por toda sua contribui\u00e7\u00e3o para a preserva\u00e7\u00e3o da cultura e da m\u00fasica.<\/p>\n<p><em>Siga o Acorda Cidade no<\/em><a href=\"https:\/\/news.google.com\/search?q=acorda%20cidade&amp;hl=pt-BR&amp;gl=BR&amp;ceid=BR%3Apt-419\"><strong><em>\u00a0Google Not\u00edcias<\/em><\/strong><\/a><em>\u00a0e receba os principais destaques do dia. Participe tamb\u00e9m dos nossos canais no\u00a0<\/em><a href=\"https:\/\/www.whatsapp.com\/channel\/0029Va6Rb4v3WHTNnsh8WI3N\"><strong><em>WhatsApp<\/em><\/strong><\/a><em>\u00a0e\u00a0<\/em><a href=\"https:\/\/www.youtube.com\/@acordacidadenoticias\/videos\"><strong>Youtube<\/strong><\/a><em>\u00a0e grupo de\u00a0<\/em><a href=\"https:\/\/t.me\/+sSz0khrgARA0ZmRh\"><strong><em>Telegram<\/em><\/strong><\/a><em>.<\/em><\/p>\n<\/div>\n","protected":false},"excerpt":{"rendered":"<div>\n<div>\n<figure><img decoding=\"async\" src=\"https:\/\/uploads.acordacidade.com.br\/2025\/06\/diogenes-carvalho-e-Nelson-Goncalves.jpg\" alt=\"Di\u00f3genes carvalho e Nelson Gon\u00e7alves\"><figcaption>Di\u00f3genes carvalho e Nelson Gon\u00e7alves<\/figcaption><\/figure>\n<\/div>\n<p>Seu acervo, que conta com discos de 78 rota\u00e7\u00f5es, mais de 300 grava\u00e7\u00f5es e cerca de 200 LPs, foi doado \u00e0 Prefeitura<\/p><\/div>\n","protected":false},"author":1,"featured_media":90990,"comment_status":"closed","ping_status":"closed","sticky":false,"template":"","format":"gallery","meta":{"footnotes":""},"categories":[8,9,6,57,56,10],"tags":[],"class_list":["post-90989","post","type-post","status-publish","format-gallery","has-post-thumbnail","hentry","category-bahia","category-brasil","category-feira-de-santana","category-mundo","category-policia","category-politica","post_format-post-format-gallery"],"featured_image_urls":{"full":["https:\/\/noticiasbahia360.com.br\/wp-content\/uploads\/2025\/06\/diogenes-carvalho-e-Nelson-Goncalves.jpg",1200,759,false],"thumbnail":["https:\/\/noticiasbahia360.com.br\/wp-content\/uploads\/2025\/06\/diogenes-carvalho-e-Nelson-Goncalves-150x150.jpg",150,150,true],"medium":["https:\/\/noticiasbahia360.com.br\/wp-content\/uploads\/2025\/06\/diogenes-carvalho-e-Nelson-Goncalves-300x190.jpg",300,190,true],"medium_large":["https:\/\/noticiasbahia360.com.br\/wp-content\/uploads\/2025\/06\/diogenes-carvalho-e-Nelson-Goncalves-768x486.jpg",640,405,true],"large":["https:\/\/noticiasbahia360.com.br\/wp-content\/uploads\/2025\/06\/diogenes-carvalho-e-Nelson-Goncalves-1024x648.jpg",640,405,true],"1536x1536":["https:\/\/noticiasbahia360.com.br\/wp-content\/uploads\/2025\/06\/diogenes-carvalho-e-Nelson-Goncalves.jpg",1200,759,false],"2048x2048":["https:\/\/noticiasbahia360.com.br\/wp-content\/uploads\/2025\/06\/diogenes-carvalho-e-Nelson-Goncalves.jpg",1200,759,false],"chromenews-featured":["https:\/\/noticiasbahia360.com.br\/wp-content\/uploads\/2025\/06\/diogenes-carvalho-e-Nelson-Goncalves-1024x648.jpg",1024,648,true],"chromenews-large":["https:\/\/noticiasbahia360.com.br\/wp-content\/uploads\/2025\/06\/diogenes-carvalho-e-Nelson-Goncalves-825x575.jpg",825,575,true],"chromenews-medium":["https:\/\/noticiasbahia360.com.br\/wp-content\/uploads\/2025\/06\/diogenes-carvalho-e-Nelson-Goncalves-590x410.jpg",590,410,true]},"author_info":{"display_name":"noticiasbahia360.com.br","author_link":"https:\/\/noticiasbahia360.com.br\/?author=1"},"category_info":"<a href=\"https:\/\/noticiasbahia360.com.br\/?cat=8\" rel=\"category\">Bahia<\/a> <a href=\"https:\/\/noticiasbahia360.com.br\/?cat=9\" rel=\"category\">Brasil<\/a> <a href=\"https:\/\/noticiasbahia360.com.br\/?cat=6\" rel=\"category\">Feira de Santana<\/a> <a href=\"https:\/\/noticiasbahia360.com.br\/?cat=57\" rel=\"category\">Mundo<\/a> <a href=\"https:\/\/noticiasbahia360.com.br\/?cat=56\" rel=\"category\">Pol\u00edcia<\/a> <a href=\"https:\/\/noticiasbahia360.com.br\/?cat=10\" rel=\"category\">Pol\u00edtica<\/a>","tag_info":"Pol\u00edtica","comment_count":"0","_links":{"self":[{"href":"https:\/\/noticiasbahia360.com.br\/index.php?rest_route=\/wp\/v2\/posts\/90989","targetHints":{"allow":["GET"]}}],"collection":[{"href":"https:\/\/noticiasbahia360.com.br\/index.php?rest_route=\/wp\/v2\/posts"}],"about":[{"href":"https:\/\/noticiasbahia360.com.br\/index.php?rest_route=\/wp\/v2\/types\/post"}],"author":[{"embeddable":true,"href":"https:\/\/noticiasbahia360.com.br\/index.php?rest_route=\/wp\/v2\/users\/1"}],"replies":[{"embeddable":true,"href":"https:\/\/noticiasbahia360.com.br\/index.php?rest_route=%2Fwp%2Fv2%2Fcomments&post=90989"}],"version-history":[{"count":0,"href":"https:\/\/noticiasbahia360.com.br\/index.php?rest_route=\/wp\/v2\/posts\/90989\/revisions"}],"wp:featuredmedia":[{"embeddable":true,"href":"https:\/\/noticiasbahia360.com.br\/index.php?rest_route=\/wp\/v2\/media\/90990"}],"wp:attachment":[{"href":"https:\/\/noticiasbahia360.com.br\/index.php?rest_route=%2Fwp%2Fv2%2Fmedia&parent=90989"}],"wp:term":[{"taxonomy":"category","embeddable":true,"href":"https:\/\/noticiasbahia360.com.br\/index.php?rest_route=%2Fwp%2Fv2%2Fcategories&post=90989"},{"taxonomy":"post_tag","embeddable":true,"href":"https:\/\/noticiasbahia360.com.br\/index.php?rest_route=%2Fwp%2Fv2%2Ftags&post=90989"}],"curies":[{"name":"wp","href":"https:\/\/api.w.org\/{rel}","templated":true}]}}