{"id":90991,"date":"2025-06-25T09:22:42","date_gmt":"2025-06-25T12:22:42","guid":{"rendered":"https:\/\/noticiasbahia360.com.br\/?p=90991"},"modified":"2025-06-25T09:22:42","modified_gmt":"2025-06-25T12:22:42","slug":"policia-prende-lider-de-faccao-de-camacari-em-fortaleza","status":"publish","type":"post","link":"https:\/\/noticiasbahia360.com.br\/?p=90991","title":{"rendered":"Pol\u00edcia prende l\u00edder de fac\u00e7\u00e3o de Cama\u00e7ari em Fortaleza"},"content":{"rendered":"<div>\n<div>\n<figure><img decoding=\"async\" src=\"http:\/\/noticiasbahia360.com.br\/wp-content\/uploads\/2025\/06\/prisao_organizacaocriminosa_camacari_fortaleza_ascompcbahia.jpg\" alt=\"L\u00edder de organiza\u00e7\u00e3o criminosa em Cama\u00e7ari, \u00e9 preso em Fortaleza pela Pol\u00edcia Civil - imagem ilustrativa\"><figcaption>Foto: Ascom PC-BA<\/figcaption><\/figure>\n<\/div>\n<p>Uma a\u00e7\u00e3o conjunta entre a <a href=\"https:\/\/www.acordacidade.com.br\/tag\/policia-civil\/\">Pol\u00edcia Civil<\/a> da Bahia e do Cear\u00e1 cumpriu, na ter\u00e7a-feira (24), na cidade de Fortaleza, dois mandados de pris\u00e3o preventiva contra suspeito de liderar uma fac\u00e7\u00e3o criminosa. O investigado ocupa a carta \u2018Valete de Paus\u2019 do Baralho do Crime da Secretaria da Seguran\u00e7a P\u00fablica.<\/p>\n<p>Ele \u00e9 apontado como l\u00edder de uma organiza\u00e7\u00e3o criminosa com atua\u00e7\u00e3o em diversos bairros de Cama\u00e7ari, como Jardim Limoeiro, Gleba E, Parque Sat\u00e9lite e Mari. Os mandados foram expedidos pela Vara do J\u00fari e Execu\u00e7\u00f5es Penais da Comarca de Cama\u00e7ari.<\/p>\n<p>As investiga\u00e7\u00f5es apontam o homem como respons\u00e1vel por diversos crimes, incluindo dois homic\u00eddios qualificados. Um dos casos refere-se ao assassinato do adolescente Filipe Oliveira Barbosa dos Santos, de 16 anos, morto em janeiro deste ano, no bairro Burisatuba. Conforme o inqu\u00e9rito policial, o crime teria sido ordenado pelo investigado e outra lideran\u00e7a do grupo criminoso, como parte de uma retalia\u00e7\u00e3o na disputa pelo tr\u00e1fico de drogas na regi\u00e3o.<\/p>\n<p>O outro crime atribu\u00eddo a ele \u00e9 um duplo homic\u00eddio ocorrido em dezembro de 2021, que vitimou Isaque Santos da Silva e Keven Silva Moreira, de 19 e 21 anos. Os jovens foram sequestrados e posteriormente encontrados mortos, com sinais de tortura e mutila\u00e7\u00f5es. A motiva\u00e7\u00e3o teria sido o furto de uma bicicleta de um membro da organiza\u00e7\u00e3o criminosa.<\/p>\n<p>Durante o cumprimento do mandado, os policiais constataram que o acusado residia em um condom\u00ednio de alto padr\u00e3o, utilizando documentos falsificados e apresentando-se com o nome falso.<\/p>\n<p>A pris\u00e3o foi realizada por meio de equipes da 4\u00aa Delegacia de Homic\u00eddios (DH\/Cama\u00e7ari) e da Coordena\u00e7\u00e3o de Opera\u00e7\u00f5es e Intelig\u00eancia do Departamento de Homic\u00eddios e Prote\u00e7\u00e3o \u00e0 Pessoa (DHPP), com apoio das equipes dos Departamentos de Repress\u00e3o e Combate \u00e0 Corrup\u00e7\u00e3o, ao Crime Organizado e \u00e0 Lavagem de Dinheiro (Draco) e Especializado de Investiga\u00e7\u00e3o e Repress\u00e3o ao Narcotr\u00e1fico (Denarc) da Pol\u00edcia Civil do Estado do Cear\u00e1.<\/p>\n<p><em>Siga o Acorda Cidade no<\/em><a href=\"https:\/\/news.google.com\/search?q=acorda%20cidade&amp;hl=pt-BR&amp;gl=BR&amp;ceid=BR%3Apt-419\"><strong><em> Google Not\u00edcias<\/em><\/strong><\/a><em> e receba os principais destaques do dia. Participe tamb\u00e9m dos nossos canais no <\/em><a href=\"https:\/\/whatsapp.com\/channel\/0029Va6Rb4v3WHTNnsh8WI3N\"><strong><em>WhatsApp<\/em><\/strong><\/a><em> e <\/em><a href=\"https:\/\/www.youtube.com\/@acordacidadenoticias\/videos\"><strong>Youtube<\/strong><\/a><em> e grupo de <\/em><a href=\"https:\/\/t.me\/+sSz0khrgARA0ZmRh\"><strong><em>Telegram<\/em><\/strong><\/a><em>.<\/em><\/p>\n<\/div>\n","protected":false},"excerpt":{"rendered":"<div>\n<div>\n<figure><img decoding=\"async\" src=\"https:\/\/uploads.acordacidade.com.br\/2025\/06\/prisao_organizacaocriminosa_camacari_fortaleza_ascompcbahia.jpg\" alt=\"L\u00edder de organiza\u00e7\u00e3o criminosa em Cama\u00e7ari, \u00e9 preso em Fortaleza pela Pol\u00edcia Civil - imagem ilustrativa\"><figcaption>Foto: Ascom PC-BA<\/figcaption><\/figure>\n<\/div>\n<p>Suspeito \u00e9 identificado como &#8220;Valetes de Pau&#8221; do baralho do Crime da SSP<\/p><\/div>\n","protected":false},"author":1,"featured_media":90992,"comment_status":"closed","ping_status":"closed","sticky":false,"template":"","format":"gallery","meta":{"footnotes":""},"categories":[8,9,6,57,56,10],"tags":[],"class_list":["post-90991","post","type-post","status-publish","format-gallery","has-post-thumbnail","hentry","category-bahia","category-brasil","category-feira-de-santana","category-mundo","category-policia","category-politica","post_format-post-format-gallery"],"featured_image_urls":{"full":["https:\/\/noticiasbahia360.com.br\/wp-content\/uploads\/2025\/06\/prisao_organizacaocriminosa_camacari_fortaleza_ascompcbahia.jpg",1200,799,false],"thumbnail":["https:\/\/noticiasbahia360.com.br\/wp-content\/uploads\/2025\/06\/prisao_organizacaocriminosa_camacari_fortaleza_ascompcbahia-150x150.jpg",150,150,true],"medium":["https:\/\/noticiasbahia360.com.br\/wp-content\/uploads\/2025\/06\/prisao_organizacaocriminosa_camacari_fortaleza_ascompcbahia-300x200.jpg",300,200,true],"medium_large":["https:\/\/noticiasbahia360.com.br\/wp-content\/uploads\/2025\/06\/prisao_organizacaocriminosa_camacari_fortaleza_ascompcbahia-768x511.jpg",640,426,true],"large":["https:\/\/noticiasbahia360.com.br\/wp-content\/uploads\/2025\/06\/prisao_organizacaocriminosa_camacari_fortaleza_ascompcbahia-1024x682.jpg",640,426,true],"1536x1536":["https:\/\/noticiasbahia360.com.br\/wp-content\/uploads\/2025\/06\/prisao_organizacaocriminosa_camacari_fortaleza_ascompcbahia.jpg",1200,799,false],"2048x2048":["https:\/\/noticiasbahia360.com.br\/wp-content\/uploads\/2025\/06\/prisao_organizacaocriminosa_camacari_fortaleza_ascompcbahia.jpg",1200,799,false],"chromenews-featured":["https:\/\/noticiasbahia360.com.br\/wp-content\/uploads\/2025\/06\/prisao_organizacaocriminosa_camacari_fortaleza_ascompcbahia-1024x682.jpg",1024,682,true],"chromenews-large":["https:\/\/noticiasbahia360.com.br\/wp-content\/uploads\/2025\/06\/prisao_organizacaocriminosa_camacari_fortaleza_ascompcbahia-825x575.jpg",825,575,true],"chromenews-medium":["https:\/\/noticiasbahia360.com.br\/wp-content\/uploads\/2025\/06\/prisao_organizacaocriminosa_camacari_fortaleza_ascompcbahia-590x410.jpg",590,410,true]},"author_info":{"display_name":"noticiasbahia360.com.br","author_link":"https:\/\/noticiasbahia360.com.br\/?author=1"},"category_info":"<a href=\"https:\/\/noticiasbahia360.com.br\/?cat=8\" rel=\"category\">Bahia<\/a> <a href=\"https:\/\/noticiasbahia360.com.br\/?cat=9\" rel=\"category\">Brasil<\/a> <a href=\"https:\/\/noticiasbahia360.com.br\/?cat=6\" rel=\"category\">Feira de Santana<\/a> <a href=\"https:\/\/noticiasbahia360.com.br\/?cat=57\" rel=\"category\">Mundo<\/a> <a href=\"https:\/\/noticiasbahia360.com.br\/?cat=56\" rel=\"category\">Pol\u00edcia<\/a> <a href=\"https:\/\/noticiasbahia360.com.br\/?cat=10\" rel=\"category\">Pol\u00edtica<\/a>","tag_info":"Pol\u00edtica","comment_count":"0","_links":{"self":[{"href":"https:\/\/noticiasbahia360.com.br\/index.php?rest_route=\/wp\/v2\/posts\/90991","targetHints":{"allow":["GET"]}}],"collection":[{"href":"https:\/\/noticiasbahia360.com.br\/index.php?rest_route=\/wp\/v2\/posts"}],"about":[{"href":"https:\/\/noticiasbahia360.com.br\/index.php?rest_route=\/wp\/v2\/types\/post"}],"author":[{"embeddable":true,"href":"https:\/\/noticiasbahia360.com.br\/index.php?rest_route=\/wp\/v2\/users\/1"}],"replies":[{"embeddable":true,"href":"https:\/\/noticiasbahia360.com.br\/index.php?rest_route=%2Fwp%2Fv2%2Fcomments&post=90991"}],"version-history":[{"count":0,"href":"https:\/\/noticiasbahia360.com.br\/index.php?rest_route=\/wp\/v2\/posts\/90991\/revisions"}],"wp:featuredmedia":[{"embeddable":true,"href":"https:\/\/noticiasbahia360.com.br\/index.php?rest_route=\/wp\/v2\/media\/90992"}],"wp:attachment":[{"href":"https:\/\/noticiasbahia360.com.br\/index.php?rest_route=%2Fwp%2Fv2%2Fmedia&parent=90991"}],"wp:term":[{"taxonomy":"category","embeddable":true,"href":"https:\/\/noticiasbahia360.com.br\/index.php?rest_route=%2Fwp%2Fv2%2Fcategories&post=90991"},{"taxonomy":"post_tag","embeddable":true,"href":"https:\/\/noticiasbahia360.com.br\/index.php?rest_route=%2Fwp%2Fv2%2Ftags&post=90991"}],"curies":[{"name":"wp","href":"https:\/\/api.w.org\/{rel}","templated":true}]}}