{"id":90993,"date":"2025-06-25T09:35:13","date_gmt":"2025-06-25T12:35:13","guid":{"rendered":"https:\/\/noticiasbahia360.com.br\/?p=90993"},"modified":"2025-06-25T09:35:13","modified_gmt":"2025-06-25T12:35:13","slug":"prefeitura-promove-acoes-no-dia-nacional-do-diabetes","status":"publish","type":"post","link":"https:\/\/noticiasbahia360.com.br\/?p=90993","title":{"rendered":"Prefeitura promove a\u00e7\u00f5es no Dia Nacional do Diabetes"},"content":{"rendered":"<div>\n<div>\n<figure><img decoding=\"async\" src=\"http:\/\/noticiasbahia360.com.br\/wp-content\/uploads\/2025\/06\/dia-nacional-diabetes.jpg\" alt=\"dia nacional diabetes\"><figcaption>Foto: Secom<\/figcaption><\/figure>\n<\/div>\n<p>O Centro de Atendimento ao Diab\u00e9tico e Hipertenso (Cadh) promove nesta quinta-feira (26), em alus\u00e3o ao Dia Nacional do Diabetes, a\u00e7\u00f5es de sa\u00fade voltadas ao rastreamento da doen\u00e7a. A programa\u00e7\u00e3o inclui palestras, <a href=\"https:\/\/www.acordacidade.com.br\/tag\/vacinacao\/\">vacina\u00e7\u00e3o<\/a>, aferi\u00e7\u00e3o da press\u00e3o arterial e orienta\u00e7\u00f5es \u00e0 popula\u00e7\u00e3o. Os servi\u00e7os ser\u00e3o oferecidos gratuitamente a pacientes e familiares.<\/p>\n<p>Atualmente, o servi\u00e7o municipal de sa\u00fade conta com 3.165 pessoas cadastradas, das quais 80% est\u00e3o em acompanhamento regular, recebendo suporte de uma equipe multidisciplinar especializada.<\/p>\n<p>\u201cOs pacientes t\u00eam acesso a consultas com <a href=\"https:\/\/www.acordacidade.com.br\/tag\/endocrinologista\/\">endocrinologista<\/a>, <a href=\"https:\/\/www.acordacidade.com.br\/tag\/cardiologista\/\">cardiologista<\/a>, nefrologista, nutricionista, assistente social, cl\u00ednico geral e enfermeiro. Tamb\u00e9m oferecemos atendimentos de <a href=\"https:\/\/www.acordacidade.com.br\/tag\/fisioterapia\/\">fisioterapia<\/a>, curativos e farm\u00e1cia\u201d, explica a coordenadora do Cadh, Andrea Silva.<\/p>\n<p>Para ser atendido no Cadh, \u00e9 necess\u00e1rio ser encaminhado pela Aten\u00e7\u00e3o Prim\u00e1ria do munic\u00edpio, de acordo com crit\u00e9rios espec\u00edficos de admiss\u00e3o.<\/p>\n<p><strong>O Cadh est\u00e1 localizado na Rua Francisco Martins da Silva, n\u00ba 239, no bairro Ponto Central, e funciona de segunda a sexta-feira, das 7h \u00e0s 17h, sem intervalo para almo\u00e7o.<\/strong><\/p>\n<p><em>Siga o Acorda Cidade no<\/em><a href=\"https:\/\/news.google.com\/search?q=acorda%20cidade&amp;hl=pt-BR&amp;gl=BR&amp;ceid=BR%3Apt-419\"><strong><em>\u00a0Google Not\u00edcias<\/em><\/strong><\/a><em>\u00a0e receba os principais destaques do dia. Participe tamb\u00e9m dos nossos canais no\u00a0<\/em><a href=\"https:\/\/www.whatsapp.com\/channel\/0029Va6Rb4v3WHTNnsh8WI3N\"><strong><em>WhatsApp<\/em><\/strong><\/a><em>\u00a0e\u00a0<\/em><a href=\"https:\/\/www.youtube.com\/@acordacidadenoticias\/videos\"><strong>Youtube<\/strong><\/a><em>\u00a0e grupo de\u00a0<\/em><a href=\"https:\/\/t.me\/+sSz0khrgARA0ZmRh\"><strong><em>Telegram<\/em><\/strong><\/a><em>.<\/em><\/p>\n<\/div>\n","protected":false},"excerpt":{"rendered":"<div>\n<div>\n<figure><img decoding=\"async\" src=\"https:\/\/uploads.acordacidade.com.br\/2025\/06\/dia-nacional-diabetes.jpg\" alt=\"dia nacional diabetes\"><figcaption>Foto: Secom<\/figcaption><\/figure>\n<\/div>\n<p>80% das 3.165 pessoas cadastradas pelo Cadh seguem em acompanhamento<\/p><\/div>\n","protected":false},"author":1,"featured_media":90994,"comment_status":"closed","ping_status":"closed","sticky":false,"template":"","format":"gallery","meta":{"footnotes":""},"categories":[8,9,6,57,56,10],"tags":[],"class_list":["post-90993","post","type-post","status-publish","format-gallery","has-post-thumbnail","hentry","category-bahia","category-brasil","category-feira-de-santana","category-mundo","category-policia","category-politica","post_format-post-format-gallery"],"featured_image_urls":{"full":["https:\/\/noticiasbahia360.com.br\/wp-content\/uploads\/2025\/06\/dia-nacional-diabetes.jpg",1200,799,false],"thumbnail":["https:\/\/noticiasbahia360.com.br\/wp-content\/uploads\/2025\/06\/dia-nacional-diabetes-150x150.jpg",150,150,true],"medium":["https:\/\/noticiasbahia360.com.br\/wp-content\/uploads\/2025\/06\/dia-nacional-diabetes-300x200.jpg",300,200,true],"medium_large":["https:\/\/noticiasbahia360.com.br\/wp-content\/uploads\/2025\/06\/dia-nacional-diabetes-768x511.jpg",640,426,true],"large":["https:\/\/noticiasbahia360.com.br\/wp-content\/uploads\/2025\/06\/dia-nacional-diabetes-1024x682.jpg",640,426,true],"1536x1536":["https:\/\/noticiasbahia360.com.br\/wp-content\/uploads\/2025\/06\/dia-nacional-diabetes.jpg",1200,799,false],"2048x2048":["https:\/\/noticiasbahia360.com.br\/wp-content\/uploads\/2025\/06\/dia-nacional-diabetes.jpg",1200,799,false],"chromenews-featured":["https:\/\/noticiasbahia360.com.br\/wp-content\/uploads\/2025\/06\/dia-nacional-diabetes-1024x682.jpg",1024,682,true],"chromenews-large":["https:\/\/noticiasbahia360.com.br\/wp-content\/uploads\/2025\/06\/dia-nacional-diabetes-825x575.jpg",825,575,true],"chromenews-medium":["https:\/\/noticiasbahia360.com.br\/wp-content\/uploads\/2025\/06\/dia-nacional-diabetes-590x410.jpg",590,410,true]},"author_info":{"display_name":"noticiasbahia360.com.br","author_link":"https:\/\/noticiasbahia360.com.br\/?author=1"},"category_info":"<a href=\"https:\/\/noticiasbahia360.com.br\/?cat=8\" rel=\"category\">Bahia<\/a> <a href=\"https:\/\/noticiasbahia360.com.br\/?cat=9\" rel=\"category\">Brasil<\/a> <a href=\"https:\/\/noticiasbahia360.com.br\/?cat=6\" rel=\"category\">Feira de Santana<\/a> <a href=\"https:\/\/noticiasbahia360.com.br\/?cat=57\" rel=\"category\">Mundo<\/a> <a href=\"https:\/\/noticiasbahia360.com.br\/?cat=56\" rel=\"category\">Pol\u00edcia<\/a> <a href=\"https:\/\/noticiasbahia360.com.br\/?cat=10\" rel=\"category\">Pol\u00edtica<\/a>","tag_info":"Pol\u00edtica","comment_count":"0","_links":{"self":[{"href":"https:\/\/noticiasbahia360.com.br\/index.php?rest_route=\/wp\/v2\/posts\/90993","targetHints":{"allow":["GET"]}}],"collection":[{"href":"https:\/\/noticiasbahia360.com.br\/index.php?rest_route=\/wp\/v2\/posts"}],"about":[{"href":"https:\/\/noticiasbahia360.com.br\/index.php?rest_route=\/wp\/v2\/types\/post"}],"author":[{"embeddable":true,"href":"https:\/\/noticiasbahia360.com.br\/index.php?rest_route=\/wp\/v2\/users\/1"}],"replies":[{"embeddable":true,"href":"https:\/\/noticiasbahia360.com.br\/index.php?rest_route=%2Fwp%2Fv2%2Fcomments&post=90993"}],"version-history":[{"count":0,"href":"https:\/\/noticiasbahia360.com.br\/index.php?rest_route=\/wp\/v2\/posts\/90993\/revisions"}],"wp:featuredmedia":[{"embeddable":true,"href":"https:\/\/noticiasbahia360.com.br\/index.php?rest_route=\/wp\/v2\/media\/90994"}],"wp:attachment":[{"href":"https:\/\/noticiasbahia360.com.br\/index.php?rest_route=%2Fwp%2Fv2%2Fmedia&parent=90993"}],"wp:term":[{"taxonomy":"category","embeddable":true,"href":"https:\/\/noticiasbahia360.com.br\/index.php?rest_route=%2Fwp%2Fv2%2Fcategories&post=90993"},{"taxonomy":"post_tag","embeddable":true,"href":"https:\/\/noticiasbahia360.com.br\/index.php?rest_route=%2Fwp%2Fv2%2Ftags&post=90993"}],"curies":[{"name":"wp","href":"https:\/\/api.w.org\/{rel}","templated":true}]}}