{"id":90995,"date":"2025-06-25T09:40:42","date_gmt":"2025-06-25T12:40:42","guid":{"rendered":"https:\/\/noticiasbahia360.com.br\/?p=90995"},"modified":"2025-06-25T09:40:42","modified_gmt":"2025-06-25T12:40:42","slug":"pe-de-meia-nascidos-em-maio-e-junho-recebem-hoje-parcela-de-r-200","status":"publish","type":"post","link":"https:\/\/noticiasbahia360.com.br\/?p=90995","title":{"rendered":"P\u00e9-de-Meia: nascidos em maio e junho recebem hoje parcela de R$ 200"},"content":{"rendered":"<div>\n<p>Ag\u00eancia Brasil \u2013 Os participantes do programa P\u00e9-de-Meia nascidos nos meses de maio e junho recebem nesta quarta-feira (25) o pagamento da quarta parcela do programa P\u00e9-de-Meia de 2025.<\/p>\n<p>O valor de R$ 200 corresponde ao incentivo-frequ\u00eancia e \u00e9 destinado aos <a href=\"https:\/\/www.acordacidade.com.br\/tag\/estudantes\/\">estudantes <\/a>da rede p\u00fablica que est\u00e3o matriculados no ensino m\u00e9dio regular ou na modalidade Educa\u00e7\u00e3o de Jovens e Adultos (<a href=\"https:\/\/www.acordacidade.com.br\/tag\/eja\/\">EJA<\/a>).<\/p>\n<p>Para ter direito ao benef\u00edcio, os alunos devem ter presen\u00e7a m\u00ednima de 80% nas aulas.<\/p>\n<h2 class=\"wp-block-heading\" id=\"h-pagamento-escalonado\">Pagamento escalonado<\/h2>\n<p>Os pagamentos do incentivo-frequ\u00eancia ocorrer\u00e3o at\u00e9 30 de junho, conforme o m\u00eas de nascimento dos estudantes que estiverem matriculados em uma das tr\u00eas s\u00e9ries do <a href=\"https:\/\/www.acordacidade.com.br\/tag\/ensino-medio\/\">ensino m\u00e9dio<\/a> da rede p\u00fablica de ensino. Confira o calend\u00e1rio:<\/p>\n<ul class=\"wp-block-list\">\n<li>nascidos em janeiro e fevereiro receberam em 23 de junho;<\/li>\n<li>nascidos em mar\u00e7o e abril recebem em 24 de junho;<\/li>\n<li>nascidos em maio e junho recebem em 25 de junho;<\/li>\n<li>nascidos em julho e agosto recebem em 26 de junho;<\/li>\n<li>nascidos em setembro e outubro recebem em 27 de junho;<\/li>\n<li>nascidos em novembro e dezembro recebem em 30 de junho.<\/li>\n<\/ul>\n<p>De acordo com a <a href=\"https:\/\/www.acordacidade.com.br\/tag\/caixa-economica-federal\/\">Caixa Econ\u00f4mica Federal<\/a> \u2013 respons\u00e1vel pela gest\u00e3o dos recursos repassados pelo MEC \u2013 nesta etapa, ao todo, cerca de 3,2 milh\u00f5es de estudantes de <a href=\"https:\/\/www.acordacidade.com.br\/tag\/escolas-publicas\/\">escolas p\u00fablicas<\/a> receber\u00e3o o benef\u00edcio.<\/p>\n<h2 class=\"wp-block-heading\" id=\"h-depositos\">Dep\u00f3sitos<\/h2>\n<p>A quarta parcela da \u201cpoupan\u00e7a do ensino m\u00e9dio\u201d de 2025 est\u00e1 sendo depositada em uma conta <a href=\"https:\/\/www.acordacidade.com.br\/tag\/poupanca\/\">poupan\u00e7a <\/a>da Caixa, aberta automaticamente pelo banco em nome dos estudantes.<\/p>\n<p>O valor pode ser movimentado ou sacado imediatamente, se o estudante desejar. Basta acessar o aplicativo Caixa Tem, se\u202fo aluno tiver\u202f18 anos ou mais.<\/p>\n<p>No caso de estudante menor de idade,\u202fser\u00e1\u202fnecess\u00e1rio que o respons\u00e1vel legal autorize\u202fo aluno a\u202fmovimentar\u202fa\u202fconta. Esse consentimento poder\u00e1 ser\u202ffeito no pr\u00f3prio aplicativo ou em uma ag\u00eancia banc\u00e1ria da Caixa.<\/p>\n<p>O estudante poder\u00e1 consultar no aplicativo Jornada do Estudante, do <a href=\"https:\/\/www.acordacidade.com.br\/tag\/mec\/\">MEC<\/a>, o status de pagamentos (rejeitados ou aprovados) e as pr\u00f3prias informa\u00e7\u00f5es escolares e regras do programa.<\/p>\n<p>As informa\u00e7\u00f5es relativas ao pagamento do programa federal tamb\u00e9m podem ser consultadas no aplicativo Caixa Tem ou no aplicativo Benef\u00edcios Sociais.<\/p>\n<p>Confira os prazos de todo o calend\u00e1rio do P\u00e9-de-Meia 2025 para o ensino regular:<\/p>\n<figure class=\"wp-block-image size-large is-resized\"><img fetchpriority=\"high\" data-dominant-color=\"152342\" data-has-transparency=\"false\" fetchpriority=\"high\" decoding=\"async\" width=\"532\" height=\"768\" sizes=\"(max-width: 532px) 100vw, 532px\" src=\"http:\/\/noticiasbahia360.com.br\/wp-content\/uploads\/2025\/06\/v9O2MvGU-pe-de-meia-01-532x768-1.webp\" alt=\"p\u00e9 de meia \" class=\"wp-image-568904 not-transparent\" style=\"--dominant-color: #152342; width:840px;height:auto\" srcset=\"https:\/\/uploads.acordacidade.com.br\/2025\/06\/v9O2MvGU-pe-de-meia-01-253x365.webp 253w, http:\/\/noticiasbahia360.com.br\/wp-content\/uploads\/2025\/06\/v9O2MvGU-pe-de-meia-01-532x768-1.webp 532w, https:\/\/uploads.acordacidade.com.br\/2025\/06\/v9O2MvGU-pe-de-meia-01-383x553.webp 383w, https:\/\/uploads.acordacidade.com.br\/2025\/06\/v9O2MvGU-pe-de-meia-01-1064x1536.webp 1064w, https:\/\/uploads.acordacidade.com.br\/2025\/06\/v9O2MvGU-pe-de-meia-01-150x217.webp 150w, https:\/\/uploads.acordacidade.com.br\/2025\/06\/v9O2MvGU-pe-de-meia-01.webp 1200w\"><figcaption class=\"wp-element-caption\">Foto: Ag\u00eancia Brasil<\/figcaption><\/figure>\n<p>Confira os demais prazos do calend\u00e1rio do P\u00e9-de-Meia 2025 para o EJA, relativo ao primeiro semestre.<\/p>\n<figure class=\"wp-block-image size-large is-resized\"><img data-dominant-color=\"162444\" data-has-transparency=\"false\" decoding=\"async\" width=\"753\" height=\"768\" sizes=\"(max-width: 753px) 100vw, 753px\" src=\"http:\/\/noticiasbahia360.com.br\/wp-content\/uploads\/2025\/06\/E5tMuxHB-pe-de-meia-02-753x768-1.webp\" alt=\"p\u00e9 de meia \" class=\"wp-image-568905 not-transparent\" style=\"--dominant-color: #162444; width:840px;height:auto\" srcset=\"https:\/\/uploads.acordacidade.com.br\/2025\/06\/E5tMuxHB-pe-de-meia-02-358x365.webp 358w, http:\/\/noticiasbahia360.com.br\/wp-content\/uploads\/2025\/06\/E5tMuxHB-pe-de-meia-02-753x768-1.webp 753w, https:\/\/uploads.acordacidade.com.br\/2025\/06\/E5tMuxHB-pe-de-meia-02-542x553.webp 542w, https:\/\/uploads.acordacidade.com.br\/2025\/06\/E5tMuxHB-pe-de-meia-02-150x153.webp 150w, https:\/\/uploads.acordacidade.com.br\/2025\/06\/E5tMuxHB-pe-de-meia-02.webp 1200w\"><figcaption class=\"wp-element-caption\">Foto: Ag\u00eancia Brasil<\/figcaption><\/figure>\n<h2 class=\"wp-block-heading\" id=\"h-incentivos\">Incentivos<\/h2>\n<p>A chamada Poupan\u00e7a do Ensino M\u00e9dio tem quatro tipos de incentivos:<\/p>\n<ul class=\"wp-block-list\">\n<li>matr\u00edcula: registrada no in\u00edcio do ano letivo, valor pago uma vez por ano, no valor de R$ 200;<\/li>\n<li>frequ\u00eancia: por frequ\u00eancia m\u00ednima escolar de 80% do total de horas letivas. Para o ensino regular, s\u00e3o nove parcelas, durante o ano, de R$ 200.<\/li>\n<li>conclus\u00e3o: por conclus\u00e3o e com aprova\u00e7\u00e3o em cada um dos tr\u00eas anos letivos do ensino m\u00e9dio e participa\u00e7\u00e3o em avalia\u00e7\u00f5es educacionais, no valor total de R$ 3 mil. O saque depende da obten\u00e7\u00e3o de certificado de conclus\u00e3o do ensino m\u00e9dio;<\/li>\n<li>Enem: paga ap\u00f3s a participa\u00e7\u00e3o nos dois dias do Exame Nacional do Ensino M\u00e9dio, no ano que o estudante conclui o 3\u00ba ano do ensino m\u00e9dio. Os R$ 200 s\u00e3o pagos em parcela \u00fanica.<\/li>\n<\/ul>\n<p>Dessa forma, a soma do\u202fincentivo financeiro-educacional pode alcan\u00e7ar R$ 9,2 mil por aluno\u202fno fim do ensino m\u00e9dio.<\/p>\n<h2 class=\"wp-block-heading\" id=\"h-pe-de-meia\">P\u00e9-de-Meia<\/h2>\n<p>O P\u00e9-de-Meia \u00e9 voltado a estudantes do ensino m\u00e9dio da rede p\u00fablica de baixa renda. A iniciativa funciona como uma poupan\u00e7a para promover a perman\u00eancia e a conclus\u00e3o escolar de estudantes nessa etapa de ensino.<\/p>\n<p>O MEC esclarece que n\u00e3o h\u00e1 necessidade de inscri\u00e7\u00e3o dos estudantes no programa de incentivo educacional. Todo aluno que se encaixa nos crit\u00e9rios do programa federal \u00e9 inclu\u00eddo automaticamente.<\/p>\n<p><em>Siga o Acorda Cidade no<\/em><a href=\"https:\/\/news.google.com\/search?q=acorda%20cidade&amp;hl=pt-BR&amp;gl=BR&amp;ceid=BR%3Apt-419\"><strong><em>\u00a0Google Not\u00edcias<\/em><\/strong><\/a><em>\u00a0e receba os principais destaques do dia. Participe tamb\u00e9m dos nossos canais no\u00a0<\/em><a href=\"https:\/\/www.whatsapp.com\/channel\/0029Va6Rb4v3WHTNnsh8WI3N\"><strong><em>WhatsApp<\/em><\/strong><\/a><em>\u00a0e\u00a0<\/em><a href=\"https:\/\/www.youtube.com\/@acordacidadenoticias\/videos\"><strong>Youtube<\/strong><\/a><em>\u00a0e grupo de\u00a0<\/em><a href=\"https:\/\/t.me\/+sSz0khrgARA0ZmRh\"><strong><em>Telegram<\/em><\/strong><\/a><em>.<\/em><\/p>\n<\/div>\n","protected":false},"excerpt":{"rendered":"<div>Valores s\u00e3o depositados em contas abertas automaticamente na Caixa<\/div>\n","protected":false},"author":1,"featured_media":90996,"comment_status":"closed","ping_status":"closed","sticky":false,"template":"","format":"gallery","meta":{"footnotes":""},"categories":[8,9,6,57,56,10],"tags":[],"class_list":["post-90995","post","type-post","status-publish","format-gallery","has-post-thumbnail","hentry","category-bahia","category-brasil","category-feira-de-santana","category-mundo","category-policia","category-politica","post_format-post-format-gallery"],"featured_image_urls":{"full":["https:\/\/noticiasbahia360.com.br\/wp-content\/uploads\/2025\/06\/v9O2MvGU-pe-de-meia-01-532x768-1.webp",532,768,false],"thumbnail":["https:\/\/noticiasbahia360.com.br\/wp-content\/uploads\/2025\/06\/v9O2MvGU-pe-de-meia-01-532x768-1-150x150.webp",150,150,true],"medium":["https:\/\/noticiasbahia360.com.br\/wp-content\/uploads\/2025\/06\/v9O2MvGU-pe-de-meia-01-532x768-1-208x300.webp",208,300,true],"medium_large":["https:\/\/noticiasbahia360.com.br\/wp-content\/uploads\/2025\/06\/v9O2MvGU-pe-de-meia-01-532x768-1.webp",532,768,false],"large":["https:\/\/noticiasbahia360.com.br\/wp-content\/uploads\/2025\/06\/v9O2MvGU-pe-de-meia-01-532x768-1.webp",532,768,false],"1536x1536":["https:\/\/noticiasbahia360.com.br\/wp-content\/uploads\/2025\/06\/v9O2MvGU-pe-de-meia-01-532x768-1.webp",532,768,false],"2048x2048":["https:\/\/noticiasbahia360.com.br\/wp-content\/uploads\/2025\/06\/v9O2MvGU-pe-de-meia-01-532x768-1.webp",532,768,false],"chromenews-featured":["https:\/\/noticiasbahia360.com.br\/wp-content\/uploads\/2025\/06\/v9O2MvGU-pe-de-meia-01-532x768-1.webp",532,768,false],"chromenews-large":["https:\/\/noticiasbahia360.com.br\/wp-content\/uploads\/2025\/06\/v9O2MvGU-pe-de-meia-01-532x768-1-532x575.webp",532,575,true],"chromenews-medium":["https:\/\/noticiasbahia360.com.br\/wp-content\/uploads\/2025\/06\/v9O2MvGU-pe-de-meia-01-532x768-1-532x410.webp",532,410,true]},"author_info":{"display_name":"noticiasbahia360.com.br","author_link":"https:\/\/noticiasbahia360.com.br\/?author=1"},"category_info":"<a href=\"https:\/\/noticiasbahia360.com.br\/?cat=8\" rel=\"category\">Bahia<\/a> <a href=\"https:\/\/noticiasbahia360.com.br\/?cat=9\" rel=\"category\">Brasil<\/a> <a href=\"https:\/\/noticiasbahia360.com.br\/?cat=6\" rel=\"category\">Feira de Santana<\/a> <a href=\"https:\/\/noticiasbahia360.com.br\/?cat=57\" rel=\"category\">Mundo<\/a> <a href=\"https:\/\/noticiasbahia360.com.br\/?cat=56\" rel=\"category\">Pol\u00edcia<\/a> <a href=\"https:\/\/noticiasbahia360.com.br\/?cat=10\" rel=\"category\">Pol\u00edtica<\/a>","tag_info":"Pol\u00edtica","comment_count":"0","_links":{"self":[{"href":"https:\/\/noticiasbahia360.com.br\/index.php?rest_route=\/wp\/v2\/posts\/90995","targetHints":{"allow":["GET"]}}],"collection":[{"href":"https:\/\/noticiasbahia360.com.br\/index.php?rest_route=\/wp\/v2\/posts"}],"about":[{"href":"https:\/\/noticiasbahia360.com.br\/index.php?rest_route=\/wp\/v2\/types\/post"}],"author":[{"embeddable":true,"href":"https:\/\/noticiasbahia360.com.br\/index.php?rest_route=\/wp\/v2\/users\/1"}],"replies":[{"embeddable":true,"href":"https:\/\/noticiasbahia360.com.br\/index.php?rest_route=%2Fwp%2Fv2%2Fcomments&post=90995"}],"version-history":[{"count":0,"href":"https:\/\/noticiasbahia360.com.br\/index.php?rest_route=\/wp\/v2\/posts\/90995\/revisions"}],"wp:featuredmedia":[{"embeddable":true,"href":"https:\/\/noticiasbahia360.com.br\/index.php?rest_route=\/wp\/v2\/media\/90996"}],"wp:attachment":[{"href":"https:\/\/noticiasbahia360.com.br\/index.php?rest_route=%2Fwp%2Fv2%2Fmedia&parent=90995"}],"wp:term":[{"taxonomy":"category","embeddable":true,"href":"https:\/\/noticiasbahia360.com.br\/index.php?rest_route=%2Fwp%2Fv2%2Fcategories&post=90995"},{"taxonomy":"post_tag","embeddable":true,"href":"https:\/\/noticiasbahia360.com.br\/index.php?rest_route=%2Fwp%2Fv2%2Ftags&post=90995"}],"curies":[{"name":"wp","href":"https:\/\/api.w.org\/{rel}","templated":true}]}}