{"id":90998,"date":"2025-06-25T09:45:50","date_gmt":"2025-06-25T12:45:50","guid":{"rendered":"https:\/\/noticiasbahia360.com.br\/?p=90998"},"modified":"2025-06-25T09:45:50","modified_gmt":"2025-06-25T12:45:50","slug":"reconhecimento-facial-1-133-foragidos-foram-identificados-em-2025-ultrapassando-marca-total-de-2024","status":"publish","type":"post","link":"https:\/\/noticiasbahia360.com.br\/?p=90998","title":{"rendered":"Reconhecimento Facial: 1.133 foragidos foram identificados em 2025, ultrapassando marca total de 2024"},"content":{"rendered":"<div>\n<div>\n<figure><img decoding=\"async\" src=\"http:\/\/noticiasbahia360.com.br\/wp-content\/uploads\/2025\/06\/reconhecimentofacial_marciasantana_ascomPC.jpg\" alt=\"Reconhecimento facial\"><figcaption>Foto: M\u00e1rcia Santana &#8211; Ascom PC-BA<\/figcaption><\/figure>\n<\/div>\n<p>Em menos de seis meses, o Sistema de Reconhecimento Facial da Secretaria da Seguran\u00e7a P\u00fablica da Bahia (<a href=\"https:\/\/www.acordacidade.com.br\/tag\/ssp-ba\/\">SSP-BA<\/a>) atingiu a marca de 1.133 foragidos da Justi\u00e7a alcan\u00e7ados em 2025, ultrapassando os n\u00fameros registrados em todo o ano de 2024.<\/p>\n<p>O \u00edndice de capturados cresce desde a sua implementa\u00e7\u00e3o, em 2019, com amplia\u00e7\u00e3o significativa a partir de 2023, com 680 pris\u00f5es, seguido pelo ano 2024, com 1.132 pris\u00f5es.\u00a0<\/p>\n<p>O secret\u00e1rio da Seguran\u00e7a P\u00fablica, Marcelo Werner, enfatizou que a ferramenta auxilia o trabalho das For\u00e7as Policiais. \u201c\u00c9 importante frisar que todas as pris\u00f5es foram realizadas sem o uso da for\u00e7a, ressaltando a import\u00e2ncia da tecnologia\u201d, refor\u00e7ou.\u00a0<\/p>\n<p>Salientou ainda a dedica\u00e7\u00e3o dos profissionais da Seguran\u00e7a. \u201cAgrade\u00e7o a cada policial, bombeiro e servidor administrativo da SSP pelo empenho di\u00e1rio. Seguiremos com for\u00e7a, foco e f\u00e9 na miss\u00e3o de proteger\u201d, declarou Werner.<\/p>\n<figure class=\"wp-block-image size-large\"><img fetchpriority=\"high\" data-dominant-color=\"6b6863\" data-has-transparency=\"false\" style=\"--dominant-color: #6b6863;\" fetchpriority=\"high\" decoding=\"async\" width=\"1024\" height=\"768\" sizes=\"(max-width: 1024px) 100vw, 1024px\" src=\"http:\/\/noticiasbahia360.com.br\/wp-content\/uploads\/2025\/06\/8TrwfUT0-reconhecimentofacial_marciasantana_ascomPC_-1024x768-1.webp\" alt=\"Reconhecimento facial\" class=\"wp-image-568903 not-transparent\" srcset=\"https:\/\/uploads.acordacidade.com.br\/2025\/06\/8TrwfUT0-reconhecimentofacial_marciasantana_ascomPC_-487x365.webp 487w, http:\/\/noticiasbahia360.com.br\/wp-content\/uploads\/2025\/06\/8TrwfUT0-reconhecimentofacial_marciasantana_ascomPC_-1024x768-1.webp 1024w, https:\/\/uploads.acordacidade.com.br\/2025\/06\/8TrwfUT0-reconhecimentofacial_marciasantana_ascomPC_-737x553.webp 737w, https:\/\/uploads.acordacidade.com.br\/2025\/06\/8TrwfUT0-reconhecimentofacial_marciasantana_ascomPC_-150x113.webp 150w, https:\/\/uploads.acordacidade.com.br\/2025\/06\/8TrwfUT0-reconhecimentofacial_marciasantana_ascomPC_.webp 1200w\"><figcaption class=\"wp-element-caption\">Foto: M\u00e1rcia Santana \u2013 Ascom PC-BA<\/figcaption><\/figure>\n<h2 class=\"wp-block-heading\" id=\"h-foragidos\"><strong>Foragidos<\/strong><\/h2>\n<p>Al\u00e9m de alcan\u00e7ar criminosos de diferentes cidades baianas, o Reconhecimento Facial tamb\u00e9m auxiliou na pris\u00e3o de procurados de outros estados. Entre os presos aparecem homicidas, latrocidas, traficantes, procurados por estupro, forma\u00e7\u00e3o de quadrilha e diversas outras modalidades criminosas.<\/p>\n<h2 class=\"wp-block-heading\" id=\"h-implementacao\"><strong>Implementa\u00e7\u00e3o<\/strong><\/h2>\n<p>A ferramenta foi implementada de forma piloto em Salvador, em 2019, passou por amplia\u00e7\u00e3o e chegou a mais de 80 munic\u00edpios baianos.\u00a0<\/p>\n<p>O servi\u00e7o tamb\u00e9m \u00e9 ofertado de forma itinerante com emprego de Plataformas Elevadas de Observa\u00e7\u00e3o.<\/p>\n<h2 class=\"wp-block-heading\" id=\"h-eventos-populares\"><strong>Eventos populares<\/strong><\/h2>\n<p>A tecnologia tamb\u00e9m \u00e9 largamente empregada em grandes eventos e festas populares, como festejos juninos, carnaval, tracionais lavagens e feiras, na capital e no interior do estado, al\u00e9m de eventos em celebra\u00e7\u00e3o a passagem do ano.<\/p>\n<p><em>Siga o Acorda Cidade no<\/em><a href=\"https:\/\/news.google.com\/search?q=acorda%20cidade&amp;hl=pt-BR&amp;gl=BR&amp;ceid=BR%3Apt-419\"><strong><em> Google Not\u00edcias<\/em><\/strong><\/a><em> e receba os principais destaques do dia. Participe tamb\u00e9m dos nossos canais no <\/em><a href=\"https:\/\/whatsapp.com\/channel\/0029Va6Rb4v3WHTNnsh8WI3N\"><strong><em>WhatsApp<\/em><\/strong><\/a><em> e <\/em><a href=\"https:\/\/www.youtube.com\/@acordacidadenoticias\/videos\"><strong>Youtube<\/strong><\/a><em> e grupo de <\/em><a href=\"https:\/\/t.me\/+sSz0khrgARA0ZmRh\"><strong><em>Telegram<\/em><\/strong><\/a><em>.<\/em><\/p>\n<\/div>\n","protected":false},"excerpt":{"rendered":"<div>\n<div>\n<figure><img decoding=\"async\" src=\"https:\/\/uploads.acordacidade.com.br\/2025\/06\/reconhecimentofacial_marciasantana_ascomPC.jpg\" alt=\"Reconhecimento facial\"><figcaption>Foto: M\u00e1rcia Santana &#8211; Ascom PC-BA<\/figcaption><\/figure>\n<\/div>\n<p>Al\u00e9m de foragidos da Bahia, o reconhecimento facial auxiliou tamb\u00e9m na pris\u00e3o de procurados de outros estados<\/p><\/div>\n","protected":false},"author":1,"featured_media":90999,"comment_status":"closed","ping_status":"closed","sticky":false,"template":"","format":"gallery","meta":{"footnotes":""},"categories":[8,9,6,57,56,10],"tags":[],"class_list":["post-90998","post","type-post","status-publish","format-gallery","has-post-thumbnail","hentry","category-bahia","category-brasil","category-feira-de-santana","category-mundo","category-policia","category-politica","post_format-post-format-gallery"],"featured_image_urls":{"full":["https:\/\/noticiasbahia360.com.br\/wp-content\/uploads\/2025\/06\/reconhecimentofacial_marciasantana_ascomPC.jpg",1200,900,false],"thumbnail":["https:\/\/noticiasbahia360.com.br\/wp-content\/uploads\/2025\/06\/reconhecimentofacial_marciasantana_ascomPC-150x150.jpg",150,150,true],"medium":["https:\/\/noticiasbahia360.com.br\/wp-content\/uploads\/2025\/06\/reconhecimentofacial_marciasantana_ascomPC-300x225.jpg",300,225,true],"medium_large":["https:\/\/noticiasbahia360.com.br\/wp-content\/uploads\/2025\/06\/reconhecimentofacial_marciasantana_ascomPC-768x576.jpg",640,480,true],"large":["https:\/\/noticiasbahia360.com.br\/wp-content\/uploads\/2025\/06\/reconhecimentofacial_marciasantana_ascomPC-1024x768.jpg",640,480,true],"1536x1536":["https:\/\/noticiasbahia360.com.br\/wp-content\/uploads\/2025\/06\/reconhecimentofacial_marciasantana_ascomPC.jpg",1200,900,false],"2048x2048":["https:\/\/noticiasbahia360.com.br\/wp-content\/uploads\/2025\/06\/reconhecimentofacial_marciasantana_ascomPC.jpg",1200,900,false],"chromenews-featured":["https:\/\/noticiasbahia360.com.br\/wp-content\/uploads\/2025\/06\/reconhecimentofacial_marciasantana_ascomPC-1024x768.jpg",1024,768,true],"chromenews-large":["https:\/\/noticiasbahia360.com.br\/wp-content\/uploads\/2025\/06\/reconhecimentofacial_marciasantana_ascomPC-825x575.jpg",825,575,true],"chromenews-medium":["https:\/\/noticiasbahia360.com.br\/wp-content\/uploads\/2025\/06\/reconhecimentofacial_marciasantana_ascomPC-590x410.jpg",590,410,true]},"author_info":{"display_name":"noticiasbahia360.com.br","author_link":"https:\/\/noticiasbahia360.com.br\/?author=1"},"category_info":"<a href=\"https:\/\/noticiasbahia360.com.br\/?cat=8\" rel=\"category\">Bahia<\/a> <a href=\"https:\/\/noticiasbahia360.com.br\/?cat=9\" rel=\"category\">Brasil<\/a> <a href=\"https:\/\/noticiasbahia360.com.br\/?cat=6\" rel=\"category\">Feira de Santana<\/a> <a href=\"https:\/\/noticiasbahia360.com.br\/?cat=57\" rel=\"category\">Mundo<\/a> <a href=\"https:\/\/noticiasbahia360.com.br\/?cat=56\" rel=\"category\">Pol\u00edcia<\/a> <a href=\"https:\/\/noticiasbahia360.com.br\/?cat=10\" rel=\"category\">Pol\u00edtica<\/a>","tag_info":"Pol\u00edtica","comment_count":"0","_links":{"self":[{"href":"https:\/\/noticiasbahia360.com.br\/index.php?rest_route=\/wp\/v2\/posts\/90998","targetHints":{"allow":["GET"]}}],"collection":[{"href":"https:\/\/noticiasbahia360.com.br\/index.php?rest_route=\/wp\/v2\/posts"}],"about":[{"href":"https:\/\/noticiasbahia360.com.br\/index.php?rest_route=\/wp\/v2\/types\/post"}],"author":[{"embeddable":true,"href":"https:\/\/noticiasbahia360.com.br\/index.php?rest_route=\/wp\/v2\/users\/1"}],"replies":[{"embeddable":true,"href":"https:\/\/noticiasbahia360.com.br\/index.php?rest_route=%2Fwp%2Fv2%2Fcomments&post=90998"}],"version-history":[{"count":0,"href":"https:\/\/noticiasbahia360.com.br\/index.php?rest_route=\/wp\/v2\/posts\/90998\/revisions"}],"wp:featuredmedia":[{"embeddable":true,"href":"https:\/\/noticiasbahia360.com.br\/index.php?rest_route=\/wp\/v2\/media\/90999"}],"wp:attachment":[{"href":"https:\/\/noticiasbahia360.com.br\/index.php?rest_route=%2Fwp%2Fv2%2Fmedia&parent=90998"}],"wp:term":[{"taxonomy":"category","embeddable":true,"href":"https:\/\/noticiasbahia360.com.br\/index.php?rest_route=%2Fwp%2Fv2%2Fcategories&post=90998"},{"taxonomy":"post_tag","embeddable":true,"href":"https:\/\/noticiasbahia360.com.br\/index.php?rest_route=%2Fwp%2Fv2%2Ftags&post=90998"}],"curies":[{"name":"wp","href":"https:\/\/api.w.org\/{rel}","templated":true}]}}