{"id":91001,"date":"2025-06-25T09:45:56","date_gmt":"2025-06-25T12:45:56","guid":{"rendered":"https:\/\/noticiasbahia360.com.br\/?p=91001"},"modified":"2025-06-25T09:45:56","modified_gmt":"2025-06-25T12:45:56","slug":"mundial-de-clubes-fluminense-enfrenta-mamelodi-por-vaga-nas-oitavas","status":"publish","type":"post","link":"https:\/\/noticiasbahia360.com.br\/?p=91001","title":{"rendered":"Mundial de Clubes: Fluminense enfrenta Mamelodi por vaga nas oitavas"},"content":{"rendered":"<div>\n<div>\n<figure><img decoding=\"async\" src=\"http:\/\/noticiasbahia360.com.br\/wp-content\/uploads\/2025\/06\/Fluminense-Copa-do-Mundo-de-Clubes-1.jpg\" alt=\"Fluminense Copa do Mundo de Clubes\"><figcaption>Foto: Reprodu\u00e7\u00e3o\/TV Globo<\/figcaption><\/figure>\n<\/div>\n<p>Ag\u00eancia Brasil \u2013 O Fluminense entra em campo, a partir das 16h (hor\u00e1rio de <a href=\"https:\/\/www.acordacidade.com.br\/tag\/brasilia\/\">Bras\u00edlia<\/a>) desta quarta-feira (25) no Hard Rock Stadium, em Miami, para enfrentar o Mamelodi Sundows (\u00c1frica do Sul) em busca de uma vit\u00f3ria que lhe garanta presen\u00e7a nas oitavas de final da Copa do Mundo de Clubes.<\/p>\n<p>L\u00edder do Grupo F com quatro pontos conquistados ap\u00f3s empatar na estreia sem gols com o Borussia Dortmund (<a href=\"https:\/\/www.acordacidade.com.br\/tag\/alemanha\/\">Alemanha<\/a>) e derrotar o Ulsan (Coreia do Sul) por 4 a 2 na segunda rodada, o Tricolor das Laranjeiras depende apenas de si mesmo para avan\u00e7ar na competi\u00e7\u00e3o.<\/p>\n<p>Por\u00e9m, o t\u00e9cnico Renato Ga\u00facho deixou claro, em entrevista coletiva ap\u00f3s a vit\u00f3ria sobre o Ulsan, que o Fluminense n\u00e3o pode vacilar diante dos sul-africanos, diante dos quais espera muitas dificuldades: \u201cUm jogo dif\u00edcil e perigoso [diante do Mamelodi]. Vamos nos preparar da mesma forma que nos preparamos desde que chegamos. Temos que ter a mesma aten\u00e7\u00e3o que tivemos contra o Borussia. Sem a bola, teremos os cuidados defensivos, e com a bola vamos jogar e buscar o gol. Jamais vou preparar minha equipe para jogar pelo empate. Respeitamos o advers\u00e1rio, mas sabemos do nosso potencial. Tentaremos neutralizar as principais jogadas deles, mas jogaremos buscando o gol\u201d.<\/p>\n<p>Diante de um advers\u00e1rio t\u00e3o complicado, a expectativa \u00e9 de que o t\u00e9cnico Renato Ga\u00facho coloque em campo sua equipe titular, ao contr\u00e1rio do jogo contra o Ulsan, no qual o Tricolor iniciou com uma forma\u00e7\u00e3o alternativa.<\/p>\n<p>Caso inicie com a escala\u00e7\u00e3o que enfrentou o Borussia Dortmund, o Fluminense deve mandar a campo: F\u00e1bio; Samuel Xavier, Thiago Silva, Freytes e Ren\u00ea; H\u00e9rcules, Nonato e Martinelli; Arias, Canobbio e Everaldo.<\/p>\n<p><em>Siga o Acorda Cidade no<\/em><a href=\"https:\/\/news.google.com\/search?q=acorda%20cidade&amp;hl=pt-BR&amp;gl=BR&amp;ceid=BR%3Apt-419\"><strong><em>\u00a0Google Not\u00edcias<\/em><\/strong><\/a><em>\u00a0e receba os principais destaques do dia. Participe tamb\u00e9m dos nossos canais no\u00a0<\/em><a href=\"https:\/\/www.whatsapp.com\/channel\/0029Va6Rb4v3WHTNnsh8WI3N\"><strong><em>WhatsApp<\/em><\/strong><\/a><em>\u00a0e\u00a0<\/em><a href=\"https:\/\/www.youtube.com\/@acordacidadenoticias\/videos\"><strong>Youtube<\/strong><\/a><em>\u00a0e grupo de\u00a0<\/em><a href=\"https:\/\/t.me\/+sSz0khrgARA0ZmRh\"><strong><em>Telegram<\/em><\/strong><\/a><em>.<\/em><\/p>\n<\/div>\n","protected":false},"excerpt":{"rendered":"<div>\n<div>\n<figure><img decoding=\"async\" src=\"https:\/\/uploads.acordacidade.com.br\/2025\/06\/Fluminense-Copa-do-Mundo-de-Clubes.jpg\" alt=\"Fluminense Copa do Mundo de Clubes\"><figcaption>Foto: Reprodu\u00e7\u00e3o\/TV Globo<\/figcaption><\/figure>\n<\/div>\n<p>Tricolor entra em campo a partir das 16h desta quarta (25)<\/p><\/div>\n","protected":false},"author":1,"featured_media":91002,"comment_status":"closed","ping_status":"closed","sticky":false,"template":"","format":"gallery","meta":{"footnotes":""},"categories":[8,9,6,57,56,10],"tags":[],"class_list":["post-91001","post","type-post","status-publish","format-gallery","has-post-thumbnail","hentry","category-bahia","category-brasil","category-feira-de-santana","category-mundo","category-policia","category-politica","post_format-post-format-gallery"],"featured_image_urls":{"full":["https:\/\/noticiasbahia360.com.br\/wp-content\/uploads\/2025\/06\/Fluminense-Copa-do-Mundo-de-Clubes-1.jpg",1200,685,false],"thumbnail":["https:\/\/noticiasbahia360.com.br\/wp-content\/uploads\/2025\/06\/Fluminense-Copa-do-Mundo-de-Clubes-1-150x150.jpg",150,150,true],"medium":["https:\/\/noticiasbahia360.com.br\/wp-content\/uploads\/2025\/06\/Fluminense-Copa-do-Mundo-de-Clubes-1-300x171.jpg",300,171,true],"medium_large":["https:\/\/noticiasbahia360.com.br\/wp-content\/uploads\/2025\/06\/Fluminense-Copa-do-Mundo-de-Clubes-1-768x438.jpg",640,365,true],"large":["https:\/\/noticiasbahia360.com.br\/wp-content\/uploads\/2025\/06\/Fluminense-Copa-do-Mundo-de-Clubes-1-1024x585.jpg",640,366,true],"1536x1536":["https:\/\/noticiasbahia360.com.br\/wp-content\/uploads\/2025\/06\/Fluminense-Copa-do-Mundo-de-Clubes-1.jpg",1200,685,false],"2048x2048":["https:\/\/noticiasbahia360.com.br\/wp-content\/uploads\/2025\/06\/Fluminense-Copa-do-Mundo-de-Clubes-1.jpg",1200,685,false],"chromenews-featured":["https:\/\/noticiasbahia360.com.br\/wp-content\/uploads\/2025\/06\/Fluminense-Copa-do-Mundo-de-Clubes-1-1024x585.jpg",1024,585,true],"chromenews-large":["https:\/\/noticiasbahia360.com.br\/wp-content\/uploads\/2025\/06\/Fluminense-Copa-do-Mundo-de-Clubes-1-825x575.jpg",825,575,true],"chromenews-medium":["https:\/\/noticiasbahia360.com.br\/wp-content\/uploads\/2025\/06\/Fluminense-Copa-do-Mundo-de-Clubes-1-590x410.jpg",590,410,true]},"author_info":{"display_name":"noticiasbahia360.com.br","author_link":"https:\/\/noticiasbahia360.com.br\/?author=1"},"category_info":"<a href=\"https:\/\/noticiasbahia360.com.br\/?cat=8\" rel=\"category\">Bahia<\/a> <a href=\"https:\/\/noticiasbahia360.com.br\/?cat=9\" rel=\"category\">Brasil<\/a> <a href=\"https:\/\/noticiasbahia360.com.br\/?cat=6\" rel=\"category\">Feira de Santana<\/a> <a href=\"https:\/\/noticiasbahia360.com.br\/?cat=57\" rel=\"category\">Mundo<\/a> <a href=\"https:\/\/noticiasbahia360.com.br\/?cat=56\" rel=\"category\">Pol\u00edcia<\/a> <a href=\"https:\/\/noticiasbahia360.com.br\/?cat=10\" rel=\"category\">Pol\u00edtica<\/a>","tag_info":"Pol\u00edtica","comment_count":"0","_links":{"self":[{"href":"https:\/\/noticiasbahia360.com.br\/index.php?rest_route=\/wp\/v2\/posts\/91001","targetHints":{"allow":["GET"]}}],"collection":[{"href":"https:\/\/noticiasbahia360.com.br\/index.php?rest_route=\/wp\/v2\/posts"}],"about":[{"href":"https:\/\/noticiasbahia360.com.br\/index.php?rest_route=\/wp\/v2\/types\/post"}],"author":[{"embeddable":true,"href":"https:\/\/noticiasbahia360.com.br\/index.php?rest_route=\/wp\/v2\/users\/1"}],"replies":[{"embeddable":true,"href":"https:\/\/noticiasbahia360.com.br\/index.php?rest_route=%2Fwp%2Fv2%2Fcomments&post=91001"}],"version-history":[{"count":0,"href":"https:\/\/noticiasbahia360.com.br\/index.php?rest_route=\/wp\/v2\/posts\/91001\/revisions"}],"wp:featuredmedia":[{"embeddable":true,"href":"https:\/\/noticiasbahia360.com.br\/index.php?rest_route=\/wp\/v2\/media\/91002"}],"wp:attachment":[{"href":"https:\/\/noticiasbahia360.com.br\/index.php?rest_route=%2Fwp%2Fv2%2Fmedia&parent=91001"}],"wp:term":[{"taxonomy":"category","embeddable":true,"href":"https:\/\/noticiasbahia360.com.br\/index.php?rest_route=%2Fwp%2Fv2%2Fcategories&post=91001"},{"taxonomy":"post_tag","embeddable":true,"href":"https:\/\/noticiasbahia360.com.br\/index.php?rest_route=%2Fwp%2Fv2%2Ftags&post=91001"}],"curies":[{"name":"wp","href":"https:\/\/api.w.org\/{rel}","templated":true}]}} 