{"id":91005,"date":"2025-06-25T10:13:14","date_gmt":"2025-06-25T13:13:14","guid":{"rendered":"https:\/\/noticiasbahia360.com.br\/?p=91005"},"modified":"2025-06-25T10:13:14","modified_gmt":"2025-06-25T13:13:14","slug":"movimento-e-tranquilo-na-rodoviaria-de-feira-de-santana-nesta-segunda-25","status":"publish","type":"post","link":"https:\/\/noticiasbahia360.com.br\/?p=91005","title":{"rendered":"Movimento \u00e9 tranquilo na rodovi\u00e1ria de Feira de Santana nesta segunda (25)"},"content":{"rendered":"<div>\n<div>\n<figure><img decoding=\"async\" src=\"http:\/\/noticiasbahia360.com.br\/wp-content\/uploads\/2025\/06\/Movimento-e-tranquilo-na-rodoviaria-de-Feira-de-Santana-nesta-segunda-251.jpg\" alt=\"Movimento \u00e9 tranquilo na rodovi\u00e1ria de Feira de Santana nesta segunda\"><figcaption>Foto: Ney Silva\/Acorda Cidade<\/figcaption><\/figure>\n<\/div>\n<p>Acabou o milho, acabou a pipoca. Com o fim do feriad\u00e3o e das festas juninas na maioria das cidades baianas, \u00e9 hora de quem aproveitou para descascar ou dan\u00e7ar <a href=\"https:\/\/www.acordacidade.com.br\/tag\/forro\/\">forr\u00f3 <\/a>retornar \u00e0 rotina.<\/p>\n<figure class=\"wp-block-image size-large\"><img fetchpriority=\"high\" data-dominant-color=\"746f6e\" data-has-transparency=\"false\" style=\"--dominant-color: #746f6e;\" fetchpriority=\"high\" decoding=\"async\" width=\"1024\" height=\"768\" sizes=\"(max-width: 1024px) 100vw, 1024px\" src=\"http:\/\/noticiasbahia360.com.br\/wp-content\/uploads\/2025\/06\/7Q9FoSqL-Movimento-e-tranquilo-na-rodoviaria-de-Feira-de-Santana-nesta-segunda-25-1024x768-1.webp\" alt=\"Movimento \u00e9 tranquilo na rodovi\u00e1ria de Feira de Santana nesta segunda\" class=\"wp-image-568923 not-transparent\" srcset=\"https:\/\/uploads.acordacidade.com.br\/2025\/06\/7Q9FoSqL-Movimento-e-tranquilo-na-rodoviaria-de-Feira-de-Santana-nesta-segunda-25-487x365.webp 487w, http:\/\/noticiasbahia360.com.br\/wp-content\/uploads\/2025\/06\/7Q9FoSqL-Movimento-e-tranquilo-na-rodoviaria-de-Feira-de-Santana-nesta-segunda-25-1024x768-1.webp 1024w, https:\/\/uploads.acordacidade.com.br\/2025\/06\/7Q9FoSqL-Movimento-e-tranquilo-na-rodoviaria-de-Feira-de-Santana-nesta-segunda-25-737x553.webp 737w, https:\/\/uploads.acordacidade.com.br\/2025\/06\/7Q9FoSqL-Movimento-e-tranquilo-na-rodoviaria-de-Feira-de-Santana-nesta-segunda-25-150x113.webp 150w, https:\/\/uploads.acordacidade.com.br\/2025\/06\/7Q9FoSqL-Movimento-e-tranquilo-na-rodoviaria-de-Feira-de-Santana-nesta-segunda-25.webp 1200w\"><figcaption class=\"wp-element-caption\">Foto: Ney Silva\/Acorda Cidade<\/figcaption><\/figure>\n<p>Na manh\u00e3 desta segunda-feira (25), muitos passageiros aguardavam na rodovi\u00e1ria de Feira de Santana para seguir para a capital baiana, Salvador, ou para outras cidades, como Vit\u00f3ria da Conquista. Claudio Correia \u00e9 um exemplo. Ele aproveitou o S\u00e3o Jo\u00e3o em <a href=\"https:\/\/www.acordacidade.com.br\/tag\/sao-goncalo-dos-campos\/\">S\u00e3o Gon\u00e7alo dos Campos<\/a> e agora segue para <a href=\"https:\/\/www.acordacidade.com.br\/tag\/salvador-3\/\">Salvador<\/a>.<\/p>\n<figure class=\"wp-block-image size-large\"><img data-dominant-color=\"6e6d6f\" data-has-transparency=\"false\" style=\"--dominant-color: #6e6d6f;\" decoding=\"async\" width=\"1024\" height=\"768\" sizes=\"(max-width: 1024px) 100vw, 1024px\" src=\"http:\/\/noticiasbahia360.com.br\/wp-content\/uploads\/2025\/06\/yOQllGxI-Movimento-e-tranquilo-na-rodoviaria-de-Feira-de-Santana-nesta-segunda-253-1024x768-1.webp\" alt=\"Movimento \u00e9 tranquilo na rodovi\u00e1ria de Feira de Santana nesta segunda\" class=\"wp-image-568919 not-transparent\" srcset=\"https:\/\/uploads.acordacidade.com.br\/2025\/06\/yOQllGxI-Movimento-e-tranquilo-na-rodoviaria-de-Feira-de-Santana-nesta-segunda-253-487x365.webp 487w, http:\/\/noticiasbahia360.com.br\/wp-content\/uploads\/2025\/06\/yOQllGxI-Movimento-e-tranquilo-na-rodoviaria-de-Feira-de-Santana-nesta-segunda-253-1024x768-1.webp 1024w, https:\/\/uploads.acordacidade.com.br\/2025\/06\/yOQllGxI-Movimento-e-tranquilo-na-rodoviaria-de-Feira-de-Santana-nesta-segunda-253-737x553.webp 737w, https:\/\/uploads.acordacidade.com.br\/2025\/06\/yOQllGxI-Movimento-e-tranquilo-na-rodoviaria-de-Feira-de-Santana-nesta-segunda-253-150x113.webp 150w, https:\/\/uploads.acordacidade.com.br\/2025\/06\/yOQllGxI-Movimento-e-tranquilo-na-rodoviaria-de-Feira-de-Santana-nesta-segunda-253.webp 1200w\"><figcaption class=\"wp-element-caption\">Foto: Ney Silva\/Acorda Cidade<\/figcaption><\/figure>\n<p>\u201cTenho familiares em S\u00e3o Gon\u00e7alo, ent\u00e3o aproveitei muito o <a href=\"https:\/\/www.acordacidade.com.br\/sao-joao\/\">S\u00e3o Jo\u00e3o<\/a>. Foi muito bom, a festa muito boa, muita comida. Agora estou seguindo para Salvador para voltar ao trabalho\u201d, afirmou.<\/p>\n<figure class=\"wp-block-image size-large\"><img data-dominant-color=\"565658\" data-has-transparency=\"false\" style=\"--dominant-color: #565658;\" decoding=\"async\" width=\"1024\" height=\"768\" sizes=\"(max-width: 1024px) 100vw, 1024px\" src=\"http:\/\/noticiasbahia360.com.br\/wp-content\/uploads\/2025\/06\/7HZdBP48-Movimento-e-tranquilo-na-rodoviaria-de-Feira-de-Santana-nesta-segunda-252-1024x768-1.webp\" alt=\"Movimento \u00e9 tranquilo na rodovi\u00e1ria de Feira de Santana nesta segunda\" class=\"wp-image-568920 not-transparent\" srcset=\"https:\/\/uploads.acordacidade.com.br\/2025\/06\/7HZdBP48-Movimento-e-tranquilo-na-rodoviaria-de-Feira-de-Santana-nesta-segunda-252-487x365.webp 487w, http:\/\/noticiasbahia360.com.br\/wp-content\/uploads\/2025\/06\/7HZdBP48-Movimento-e-tranquilo-na-rodoviaria-de-Feira-de-Santana-nesta-segunda-252-1024x768-1.webp 1024w, https:\/\/uploads.acordacidade.com.br\/2025\/06\/7HZdBP48-Movimento-e-tranquilo-na-rodoviaria-de-Feira-de-Santana-nesta-segunda-252-737x553.webp 737w, https:\/\/uploads.acordacidade.com.br\/2025\/06\/7HZdBP48-Movimento-e-tranquilo-na-rodoviaria-de-Feira-de-Santana-nesta-segunda-252-150x113.webp 150w, https:\/\/uploads.acordacidade.com.br\/2025\/06\/7HZdBP48-Movimento-e-tranquilo-na-rodoviaria-de-Feira-de-Santana-nesta-segunda-252.webp 1200w\"><figcaption class=\"wp-element-caption\">Foto: Ney Silva\/Acorda Cidade<\/figcaption><\/figure>\n<p>Claudio chegou \u00e0 Esta\u00e7\u00e3o Rodovi\u00e1ria com a expectativa de pegar a estrada no hor\u00e1rio certo, sem atrasos. Antes do feriad\u00e3o, muitos atrasos foram registrados devido \u00e0 alta demanda de passageiros e tamb\u00e9m por causa de congestionamentos na <a href=\"https:\/\/www.acordacidade.com.br\/tag\/br-324-4\/\">BR-324<\/a>. Nesta manh\u00e3, o movimento de retorno \u00e9 considerado tranquilo.<\/p>\n<figure class=\"wp-block-image size-large\"><img data-dominant-color=\"615c5d\" data-has-transparency=\"false\" style=\"--dominant-color: #615c5d;\" decoding=\"async\" width=\"1024\" height=\"768\" sizes=\"(max-width: 1024px) 100vw, 1024px\" src=\"http:\/\/noticiasbahia360.com.br\/wp-content\/uploads\/2025\/06\/OIbr65hT-Movimento-e-tranquilo-na-rodoviaria-de-Feira-de-Santana-nesta-segunda-1024x768-1.webp\" alt=\"Movimento \u00e9 tranquilo na rodovi\u00e1ria de Feira de Santana nesta segunda\" class=\"wp-image-568922 not-transparent\" srcset=\"https:\/\/uploads.acordacidade.com.br\/2025\/06\/OIbr65hT-Movimento-e-tranquilo-na-rodoviaria-de-Feira-de-Santana-nesta-segunda--487x365.webp 487w, http:\/\/noticiasbahia360.com.br\/wp-content\/uploads\/2025\/06\/OIbr65hT-Movimento-e-tranquilo-na-rodoviaria-de-Feira-de-Santana-nesta-segunda-1024x768-1.webp 1024w, https:\/\/uploads.acordacidade.com.br\/2025\/06\/OIbr65hT-Movimento-e-tranquilo-na-rodoviaria-de-Feira-de-Santana-nesta-segunda--737x553.webp 737w, https:\/\/uploads.acordacidade.com.br\/2025\/06\/OIbr65hT-Movimento-e-tranquilo-na-rodoviaria-de-Feira-de-Santana-nesta-segunda--150x113.webp 150w, https:\/\/uploads.acordacidade.com.br\/2025\/06\/OIbr65hT-Movimento-e-tranquilo-na-rodoviaria-de-Feira-de-Santana-nesta-segunda-.webp 1200w\"><figcaption class=\"wp-element-caption\">Foto: Ney Silva\/Acorda Cidade<\/figcaption><\/figure>\n<p><em>Com informa\u00e7\u00f5es do rep\u00f3rter Ney Silva do Acorda Cidade<\/em><\/p>\n<p><em>Siga o Acorda Cidade no<\/em><a href=\"https:\/\/news.google.com\/search?q=acorda%20cidade&amp;hl=pt-BR&amp;gl=BR&amp;ceid=BR%3Apt-419\"><strong><em>\u00a0Google Not\u00edcias<\/em><\/strong><\/a><em>\u00a0e receba os principais destaques do dia. Participe tamb\u00e9m dos nossos canais no\u00a0<\/em><a href=\"https:\/\/www.whatsapp.com\/channel\/0029Va6Rb4v3WHTNnsh8WI3N\"><strong><em>WhatsApp<\/em><\/strong><\/a><em>\u00a0e\u00a0<\/em><a href=\"https:\/\/www.youtube.com\/@acordacidadenoticias\/videos\"><strong>Youtube<\/strong><\/a><em>\u00a0e grupo de\u00a0<\/em><a href=\"https:\/\/t.me\/+sSz0khrgARA0ZmRh\"><strong><em>Telegram<\/em><\/strong><\/a><em>.<\/em><\/p>\n<\/div>\n","protected":false},"excerpt":{"rendered":"<div>\n<div>\n<figure><img decoding=\"async\" src=\"https:\/\/uploads.acordacidade.com.br\/2025\/06\/Movimento-e-tranquilo-na-rodoviaria-de-Feira-de-Santana-nesta-segunda-251.jpg\" alt=\"Movimento \u00e9 tranquilo na rodovi\u00e1ria de Feira de Santana nesta segunda\"><figcaption>Foto: Ney Silva\/Acorda Cidade<\/figcaption><\/figure>\n<\/div>\n<p>Na manh\u00e3 desta segunda-feira (25), muitos passageiros aguardavam na rodovi\u00e1ria de Feira de Santana, mas a movimenta\u00e7\u00e3o estava tranquila.<\/p><\/div>\n","protected":false},"author":1,"featured_media":91006,"comment_status":"closed","ping_status":"closed","sticky":false,"template":"","format":"gallery","meta":{"footnotes":""},"categories":[8,9,6,57,56,10],"tags":[],"class_list":["post-91005","post","type-post","status-publish","format-gallery","has-post-thumbnail","hentry","category-bahia","category-brasil","category-feira-de-santana","category-mundo","category-policia","category-politica","post_format-post-format-gallery"],"featured_image_urls":{"full":["https:\/\/noticiasbahia360.com.br\/wp-content\/uploads\/2025\/06\/Movimento-e-tranquilo-na-rodoviaria-de-Feira-de-Santana-nesta-segunda-251.jpg",1200,900,false],"thumbnail":["https:\/\/noticiasbahia360.com.br\/wp-content\/uploads\/2025\/06\/Movimento-e-tranquilo-na-rodoviaria-de-Feira-de-Santana-nesta-segunda-251-150x150.jpg",150,150,true],"medium":["https:\/\/noticiasbahia360.com.br\/wp-content\/uploads\/2025\/06\/Movimento-e-tranquilo-na-rodoviaria-de-Feira-de-Santana-nesta-segunda-251-300x225.jpg",300,225,true],"medium_large":["https:\/\/noticiasbahia360.com.br\/wp-content\/uploads\/2025\/06\/Movimento-e-tranquilo-na-rodoviaria-de-Feira-de-Santana-nesta-segunda-251-768x576.jpg",640,480,true],"large":["https:\/\/noticiasbahia360.com.br\/wp-content\/uploads\/2025\/06\/Movimento-e-tranquilo-na-rodoviaria-de-Feira-de-Santana-nesta-segunda-251-1024x768.jpg",640,480,true],"1536x1536":["https:\/\/noticiasbahia360.com.br\/wp-content\/uploads\/2025\/06\/Movimento-e-tranquilo-na-rodoviaria-de-Feira-de-Santana-nesta-segunda-251.jpg",1200,900,false],"2048x2048":["https:\/\/noticiasbahia360.com.br\/wp-content\/uploads\/2025\/06\/Movimento-e-tranquilo-na-rodoviaria-de-Feira-de-Santana-nesta-segunda-251.jpg",1200,900,false],"chromenews-featured":["https:\/\/noticiasbahia360.com.br\/wp-content\/uploads\/2025\/06\/Movimento-e-tranquilo-na-rodoviaria-de-Feira-de-Santana-nesta-segunda-251-1024x768.jpg",1024,768,true],"chromenews-large":["https:\/\/noticiasbahia360.com.br\/wp-content\/uploads\/2025\/06\/Movimento-e-tranquilo-na-rodoviaria-de-Feira-de-Santana-nesta-segunda-251-825x575.jpg",825,575,true],"chromenews-medium":["https:\/\/noticiasbahia360.com.br\/wp-content\/uploads\/2025\/06\/Movimento-e-tranquilo-na-rodoviaria-de-Feira-de-Santana-nesta-segunda-251-590x410.jpg",590,410,true]},"author_info":{"display_name":"noticiasbahia360.com.br","author_link":"https:\/\/noticiasbahia360.com.br\/?author=1"},"category_info":"<a href=\"https:\/\/noticiasbahia360.com.br\/?cat=8\" rel=\"category\">Bahia<\/a> <a href=\"https:\/\/noticiasbahia360.com.br\/?cat=9\" rel=\"category\">Brasil<\/a> <a href=\"https:\/\/noticiasbahia360.com.br\/?cat=6\" rel=\"category\">Feira de Santana<\/a> <a href=\"https:\/\/noticiasbahia360.com.br\/?cat=57\" rel=\"category\">Mundo<\/a> <a href=\"https:\/\/noticiasbahia360.com.br\/?cat=56\" rel=\"category\">Pol\u00edcia<\/a> <a href=\"https:\/\/noticiasbahia360.com.br\/?cat=10\" rel=\"category\">Pol\u00edtica<\/a>","tag_info":"Pol\u00edtica","comment_count":"0","_links":{"self":[{"href":"https:\/\/noticiasbahia360.com.br\/index.php?rest_route=\/wp\/v2\/posts\/91005","targetHints":{"allow":["GET"]}}],"collection":[{"href":"https:\/\/noticiasbahia360.com.br\/index.php?rest_route=\/wp\/v2\/posts"}],"about":[{"href":"https:\/\/noticiasbahia360.com.br\/index.php?rest_route=\/wp\/v2\/types\/post"}],"author":[{"embeddable":true,"href":"https:\/\/noticiasbahia360.com.br\/index.php?rest_route=\/wp\/v2\/users\/1"}],"replies":[{"embeddable":true,"href":"https:\/\/noticiasbahia360.com.br\/index.php?rest_route=%2Fwp%2Fv2%2Fcomments&post=91005"}],"version-history":[{"count":0,"href":"https:\/\/noticiasbahia360.com.br\/index.php?rest_route=\/wp\/v2\/posts\/91005\/revisions"}],"wp:featuredmedia":[{"embeddable":true,"href":"https:\/\/noticiasbahia360.com.br\/index.php?rest_route=\/wp\/v2\/media\/91006"}],"wp:attachment":[{"href":"https:\/\/noticiasbahia360.com.br\/index.php?rest_route=%2Fwp%2Fv2%2Fmedia&parent=91005"}],"wp:term":[{"taxonomy":"category","embeddable":true,"href":"https:\/\/noticiasbahia360.com.br\/index.php?rest_route=%2Fwp%2Fv2%2Fcategories&post=91005"},{"taxonomy":"post_tag","embeddable":true,"href":"https:\/\/noticiasbahia360.com.br\/index.php?rest_route=%2Fwp%2Fv2%2Ftags&post=91005"}],"curies":[{"name":"wp","href":"https:\/\/api.w.org\/{rel}","templated":true}]}}