{"id":91015,"date":"2025-06-25T10:45:28","date_gmt":"2025-06-25T13:45:28","guid":{"rendered":"https:\/\/noticiasbahia360.com.br\/?p=91015"},"modified":"2025-06-25T10:45:28","modified_gmt":"2025-06-25T13:45:28","slug":"mario-borges-chefe-de-gabinete-de-jose-ronaldo-sofre-avc","status":"publish","type":"post","link":"https:\/\/noticiasbahia360.com.br\/?p=91015","title":{"rendered":"M\u00e1rio Borges, chefe de gabinete de Jos\u00e9 Ronaldo, sofre AVC"},"content":{"rendered":"<div>\n<div>\n<figure><img decoding=\"async\" src=\"http:\/\/noticiasbahia360.com.br\/wp-content\/uploads\/2025\/06\/Mario-Borges-Foto-reproducao-O-protagonista-1.jpg\" alt=\"M\u00e1rio Borges\"><figcaption>Foto: Reprodu\u00e7\u00e3o\/O Protagonista<\/figcaption><\/figure>\n<\/div>\n<p>O agr\u00f4nomo <strong>M\u00e1rio Borges<\/strong>, atual chefe de gabinete do prefeito <a href=\"https:\/\/www.acordacidade.com.br\/tag\/jose-ronaldo\/\">Jos\u00e9 Ronaldo<\/a>, foi v\u00edtima de um Acidente Vascular Cerebral (AVC) do tipo hemorr\u00e1gico na noite desta ter\u00e7a-feira (24). <\/p>\n<p>Conforme informa\u00e7\u00f5es de Risom\u00e1rio L\u00f4bo, amigo pr\u00f3ximo da fam\u00edlia,  M\u00e1rio n\u00e3o estava passando bem na noite de ter\u00e7a-feira e precisou ser levado para o Hospital S\u00e3o Matheus, onde encontra-se internado na Unidade de Terapia Intensiva (UTI) em <a href=\"https:\/\/www.acordacidade.com.br\/tag\/feira-de-santana\/\">Feira de Santana<\/a>. At\u00e9 o momento, conforme avalia\u00e7\u00e3o da equipe m\u00e9dica, o quadro cl\u00ednico de <strong>M\u00e1rio <\/strong>\u00e9 considerado est\u00e1vel. <\/p>\n<p>\u201cEst\u00e1 internado de ontem para c\u00e1, l\u00e1 na UTI da S\u00e3o Mateus. Com AVC hemorr\u00e1gico de leve propor\u00e7\u00e3o. A esposa dele, Naiana, me ligou informando.  O quadro dele \u00e9 est\u00e1vel, estou acompanhando de perto a situa\u00e7\u00e3o\u201d, afirmou ao Acorda Cidade. <\/p>\n<p>Conforme informa\u00e7\u00f5es do portal <strong>O Protagonista<\/strong>,  M\u00e1rio \u00e9 um homem de extrema confian\u00e7a do prefeito e uma figura estrat\u00e9gica no grupo pol\u00edtico de Jos\u00e9 Ronaldo. Ele acompanhou o gestor nas quatro administra\u00e7\u00f5es anteriores e \u00e9 conhecido por sua atua\u00e7\u00e3o discreta, pela facilidade de di\u00e1logo com diferentes setores da Prefeitura e pelo papel articulador junto a secret\u00e1rios e vereadores.<\/p>\n<h2 class=\"wp-block-heading\" id=\"h-avc-hemorragico\">AVC hemorr\u00e1gico <\/h2>\n<p>O AVC hemorr\u00e1gico ocorre quando h\u00e1 o rompimento de um vaso sangu\u00edneo no c\u00e9rebro, provocando sangramento no tecido cerebral. \u00c9 considerado o tipo mais grave de acidente vascular, embora menos comum que o AVC isqu\u00eamico. Pode ser causado por fatores como hipertens\u00e3o arterial, aneurismas ou traumas. <\/p>\n<p>O tratamento r\u00e1pido \u00e9 essencial para reduzir os danos neurol\u00f3gicos e aumentar as chances de recupera\u00e7\u00e3o. Em casos de menor propor\u00e7\u00e3o, como o relatado pela fam\u00edlia de M\u00e1rio Borges, o acompanhamento m\u00e9dico intensivo \u00e9 fundamental para garantir a estabiliza\u00e7\u00e3o do paciente e evitar complica\u00e7\u00f5es.<\/p>\n<p><em>Siga o Acorda Cidade no<\/em><a href=\"https:\/\/news.google.com\/search?q=acorda%20cidade&amp;hl=pt-BR&amp;gl=BR&amp;ceid=BR%3Apt-419\"><strong><em>\u00a0Google Not\u00edcias<\/em><\/strong><\/a><em>\u00a0e receba os principais destaques do dia. Participe tamb\u00e9m dos nossos canais no\u00a0<\/em><a href=\"https:\/\/www.whatsapp.com\/channel\/0029Va6Rb4v3WHTNnsh8WI3N\"><strong><em>WhatsApp<\/em><\/strong><\/a><em>\u00a0e\u00a0<\/em><a href=\"https:\/\/www.youtube.com\/@acordacidadenoticias\/videos\"><strong>Youtube<\/strong><\/a><em>\u00a0e grupo de\u00a0<\/em><a href=\"https:\/\/t.me\/+sSz0khrgARA0ZmRh\"><strong><em>Telegram<\/em><\/strong><\/a><em>.<\/em><\/p>\n<\/div>\n","protected":false},"excerpt":{"rendered":"<div>\n<div>\n<figure><img decoding=\"async\" src=\"https:\/\/uploads.acordacidade.com.br\/2025\/06\/Mario-Borges-Foto-reproducao-O-protagonista.jpg\" alt=\"M\u00e1rio Borges\"><figcaption>Foto: Reprodu\u00e7\u00e3o\/O Protagonista<\/figcaption><\/figure>\n<\/div>\n<p>M\u00e1rio est\u00e1 internado na Unidade de Terapia Intensiva (UTI) do Hospital S\u00e3o Matheus, em Feira de Santana.<\/p><\/div>\n","protected":false},"author":1,"featured_media":91016,"comment_status":"closed","ping_status":"closed","sticky":false,"template":"","format":"gallery","meta":{"footnotes":""},"categories":[8,9,6,57,56,10],"tags":[],"class_list":["post-91015","post","type-post","status-publish","format-gallery","has-post-thumbnail","hentry","category-bahia","category-brasil","category-feira-de-santana","category-mundo","category-policia","category-politica","post_format-post-format-gallery"],"featured_image_urls":{"full":["https:\/\/noticiasbahia360.com.br\/wp-content\/uploads\/2025\/06\/Mario-Borges-Foto-reproducao-O-protagonista-1.jpg",600,450,false],"thumbnail":["https:\/\/noticiasbahia360.com.br\/wp-content\/uploads\/2025\/06\/Mario-Borges-Foto-reproducao-O-protagonista-1-150x150.jpg",150,150,true],"medium":["https:\/\/noticiasbahia360.com.br\/wp-content\/uploads\/2025\/06\/Mario-Borges-Foto-reproducao-O-protagonista-1-300x225.jpg",300,225,true],"medium_large":["https:\/\/noticiasbahia360.com.br\/wp-content\/uploads\/2025\/06\/Mario-Borges-Foto-reproducao-O-protagonista-1.jpg",600,450,false],"large":["https:\/\/noticiasbahia360.com.br\/wp-content\/uploads\/2025\/06\/Mario-Borges-Foto-reproducao-O-protagonista-1.jpg",600,450,false],"1536x1536":["https:\/\/noticiasbahia360.com.br\/wp-content\/uploads\/2025\/06\/Mario-Borges-Foto-reproducao-O-protagonista-1.jpg",600,450,false],"2048x2048":["https:\/\/noticiasbahia360.com.br\/wp-content\/uploads\/2025\/06\/Mario-Borges-Foto-reproducao-O-protagonista-1.jpg",600,450,false],"chromenews-featured":["https:\/\/noticiasbahia360.com.br\/wp-content\/uploads\/2025\/06\/Mario-Borges-Foto-reproducao-O-protagonista-1.jpg",600,450,false],"chromenews-large":["https:\/\/noticiasbahia360.com.br\/wp-content\/uploads\/2025\/06\/Mario-Borges-Foto-reproducao-O-protagonista-1.jpg",600,450,false],"chromenews-medium":["https:\/\/noticiasbahia360.com.br\/wp-content\/uploads\/2025\/06\/Mario-Borges-Foto-reproducao-O-protagonista-1-590x410.jpg",590,410,true]},"author_info":{"display_name":"noticiasbahia360.com.br","author_link":"https:\/\/noticiasbahia360.com.br\/?author=1"},"category_info":"<a href=\"https:\/\/noticiasbahia360.com.br\/?cat=8\" rel=\"category\">Bahia<\/a> <a href=\"https:\/\/noticiasbahia360.com.br\/?cat=9\" rel=\"category\">Brasil<\/a> <a href=\"https:\/\/noticiasbahia360.com.br\/?cat=6\" rel=\"category\">Feira de Santana<\/a> <a href=\"https:\/\/noticiasbahia360.com.br\/?cat=57\" rel=\"category\">Mundo<\/a> <a href=\"https:\/\/noticiasbahia360.com.br\/?cat=56\" rel=\"category\">Pol\u00edcia<\/a> <a href=\"https:\/\/noticiasbahia360.com.br\/?cat=10\" rel=\"category\">Pol\u00edtica<\/a>","tag_info":"Pol\u00edtica","comment_count":"0","_links":{"self":[{"href":"https:\/\/noticiasbahia360.com.br\/index.php?rest_route=\/wp\/v2\/posts\/91015","targetHints":{"allow":["GET"]}}],"collection":[{"href":"https:\/\/noticiasbahia360.com.br\/index.php?rest_route=\/wp\/v2\/posts"}],"about":[{"href":"https:\/\/noticiasbahia360.com.br\/index.php?rest_route=\/wp\/v2\/types\/post"}],"author":[{"embeddable":true,"href":"https:\/\/noticiasbahia360.com.br\/index.php?rest_route=\/wp\/v2\/users\/1"}],"replies":[{"embeddable":true,"href":"https:\/\/noticiasbahia360.com.br\/index.php?rest_route=%2Fwp%2Fv2%2Fcomments&post=91015"}],"version-history":[{"count":0,"href":"https:\/\/noticiasbahia360.com.br\/index.php?rest_route=\/wp\/v2\/posts\/91015\/revisions"}],"wp:featuredmedia":[{"embeddable":true,"href":"https:\/\/noticiasbahia360.com.br\/index.php?rest_route=\/wp\/v2\/media\/91016"}],"wp:attachment":[{"href":"https:\/\/noticiasbahia360.com.br\/index.php?rest_route=%2Fwp%2Fv2%2Fmedia&parent=91015"}],"wp:term":[{"taxonomy":"category","embeddable":true,"href":"https:\/\/noticiasbahia360.com.br\/index.php?rest_route=%2Fwp%2Fv2%2Fcategories&post=91015"},{"taxonomy":"post_tag","embeddable":true,"href":"https:\/\/noticiasbahia360.com.br\/index.php?rest_route=%2Fwp%2Fv2%2Ftags&post=91015"}],"curies":[{"name":"wp","href":"https:\/\/api.w.org\/{rel}","templated":true}]}}