{"id":91023,"date":"2025-06-25T11:06:17","date_gmt":"2025-06-25T14:06:17","guid":{"rendered":"https:\/\/noticiasbahia360.com.br\/?p=91023"},"modified":"2025-06-25T11:06:17","modified_gmt":"2025-06-25T14:06:17","slug":"onde-nao-colocar-o-lirio-da-paz-segundo-o-feng-shui-para-evitar-energia-estagnada","status":"publish","type":"post","link":"https:\/\/noticiasbahia360.com.br\/?p=91023","title":{"rendered":"Onde n\u00e3o colocar o l\u00edrio-da-paz segundo o Feng Shui para evitar energia estagnada"},"content":{"rendered":"<div>\n<div>\n<figure><img decoding=\"async\" src=\"http:\/\/noticiasbahia360.com.br\/wp-content\/uploads\/2025\/06\/YouID3oo-4-segredos-para-seu-lirio-da-paz-florescer-mais-rapido-do-que-voce-imagina.webp\" alt=\"4 segredos para seu l\u00edrio-da-paz florescer mais r\u00e1pido do que voc\u00ea imagina\"><figcaption>L\u00edrio-da-paz<\/figcaption><\/figure>\n<\/div>\n<p>Voc\u00ea j\u00e1 se perguntou se existe um lugar <strong>errado<\/strong> para colocar uma planta t\u00e3o elegante quanto o l\u00edrio-da-paz? Segundo o Feng Shui, sim \u2014 e ignorar esses pontos pode transformar uma energia fluida e pr\u00f3spera em um ambiente emocionalmente carregado, estagnado e sem vitalidade. Embora o l\u00edrio-da-paz seja associado \u00e0 purifica\u00e7\u00e3o e harmonia, a forma como e onde ele \u00e9 posicionado impacta diretamente os fluxos energ\u00e9ticos da casa.<\/p>\n<h2 class=\"wp-block-heading\" id=\"h-evite-esses-pontos-se-quiser-boas-vibracoes-do-lirio-da-paz\">Evite esses pontos se quiser boas vibra\u00e7\u00f5es do l\u00edrio-da-paz<\/h2>\n<p>O l\u00edrio-da-paz \u00e9 uma <a href=\"https:\/\/www.acordacidade.com.br\/tag\/plantas\/\">planta<\/a> de energia Yin, ou seja, suave, introspectiva e pacificadora. Justamente por isso, seu posicionamento precisa ser estrategicamente pensado para que n\u00e3o bloqueie nem absorva demais a energia dos ambientes.<\/p>\n<h3 class=\"wp-block-heading\" id=\"h-1-no-centro-da-casa-a-zona-do-equilibrio-precisa-respirar\">1. No centro da casa: a zona do equil\u00edbrio precisa respirar<\/h3>\n<p>O centro da casa, chamado de Tai Chi no Feng Shui, representa o cora\u00e7\u00e3o do im\u00f3vel e deve ser um espa\u00e7o livre de bloqueios. Colocar o l\u00edrio-da-paz bem nesse ponto pode causar <strong>ac\u00famulo de umidade e energia parada<\/strong>, especialmente se a circula\u00e7\u00e3o de ar n\u00e3o for adequada. Como o l\u00edrio adora sombra e ambientes \u00famidos, ele pode atrair estagna\u00e7\u00e3o energ\u00e9tica se posicionado em um local onde o Chi deveria fluir com leveza.<\/p>\n<h3 class=\"wp-block-heading\" id=\"h-2-ao-lado-da-porta-de-entrada-neutralizando-a-energia-antes-de-ela-entrar\">2. Ao lado da porta de entrada: neutralizando a energia antes de ela entrar<\/h3>\n<p>Pode parecer tentador colocar o l\u00edrio-da-paz na entrada da casa, para receber quem chega com boas vibra\u00e7\u00f5es. No entanto, no Feng Shui, a entrada \u00e9 o <strong>ponto de maior ativa\u00e7\u00e3o de energia Yang<\/strong>, relacionada \u00e0 a\u00e7\u00e3o, vitalidade e movimento. O l\u00edrio, com sua aura mais introspectiva, <strong>neutraliza esse impulso e age como um filtro<\/strong>, o que pode ser prejudicial se voc\u00ea busca dinamismo, prosperidade e oportunidades no lar.<\/p>\n<h3 class=\"wp-block-heading\" id=\"h-3-lirio-da-paz-proximo-a-aparelhos-eletronicos-interferencia-vibracional\">3. L\u00edrio-da-paz pr\u00f3ximo a aparelhos eletr\u00f4nicos: interfer\u00eancia vibracional<\/h3>\n<p>A planta possui uma sensibilidade energ\u00e9tica importante \u2014 ela absorve toxinas do ar e suaviza ambientes tensos. Mas coloc\u00e1-la ao lado de <strong>TVs, roteadores, computadores ou micro-ondas<\/strong> cria uma esp\u00e9cie de conflito vibracional. Esses aparelhos emitem ondas que podem n\u00e3o s\u00f3 interferir na sa\u00fade da planta, mas tamb\u00e9m potencializar <strong>zonas de confus\u00e3o mental ou ansiedade<\/strong>. O resultado? Um canto da casa que deveria promover paz acaba causando desconforto sutil e cont\u00ednuo.<\/p>\n<h3 class=\"wp-block-heading\" id=\"h-4-dentro-do-banheiro-sem-ventilacao-a-umidade-que-nao-flui\">4. Dentro do banheiro sem ventila\u00e7\u00e3o: a umidade que n\u00e3o flui<\/h3>\n<p>Embora o l\u00edrio-da-paz goste de ambientes \u00famidos, coloc\u00e1-lo em um banheiro <strong>sem ventila\u00e7\u00e3o natural<\/strong> \u00e9 altamente desaconselhado. O Feng Shui j\u00e1 considera banheiros como \u00e1reas de <strong>drenagem de energia vital<\/strong>, e se o ambiente for escuro e abafado, o l\u00edrio acaba <strong>potencializando a estagna\u00e7\u00e3o<\/strong> em vez de purific\u00e1-la. S\u00f3 \u00e9 recomendado em banheiros com boa ilumina\u00e7\u00e3o natural e janela aberta com frequ\u00eancia.<\/p>\n<h3 class=\"wp-block-heading\" id=\"h-5-quartos-com-energia-densa-ou-pouco-arejados\">5. Quartos com energia densa ou pouco arejados<\/h3>\n<p>Sim, o l\u00edrio-da-paz \u00e9 \u00f3timo para o quarto \u2014 mas nem todos os quartos. Se o ambiente for carregado de objetos acumulados, roupas paradas h\u00e1 muito tempo ou m\u00f3veis grandes demais para o espa\u00e7o, o Feng Shui alerta para o risco de <strong>bloqueio da energia emocional<\/strong>. Nesses casos, o l\u00edrio acaba sendo sobrecarregado e, com o tempo, <strong>adoece<\/strong>: folhas amarelas, apar\u00eancia murcha e falta de flores. A planta est\u00e1 literalmente \u201cavisando\u201d que algo n\u00e3o vai bem.<\/p>\n<h3 class=\"wp-block-heading\" id=\"h-6-lirio-da-paz-em-ambientes-de-conflito-ou-tensao-constante\">6. L\u00edrio-da-paz em ambientes de conflito ou tens\u00e3o constante<\/h3>\n<p>Escrit\u00f3rios onde h\u00e1 brigas, salas onde se assistem notici\u00e1rios pesados ou at\u00e9 espa\u00e7os onde acontecem discuss\u00f5es frequentes s\u00e3o locais onde a energia se move de forma turbulenta. O l\u00edrio-da-paz, que atua como pacificador energ\u00e9tico, <strong>absorve esse impacto<\/strong>. E a\u00ed mora o perigo: em vez de limpar, ele pode <strong>ficar saturado e parar de agir como purificador<\/strong>. Colocar a planta em ambientes emocionalmente sobrecarregados sem pausas energ\u00e9ticas \u00e9 um erro comum.<\/p>\n<figure class=\"wp-block-image size-large\"><img fetchpriority=\"high\" data-dominant-color=\"6c5d49\" data-has-transparency=\"false\" style=\"--dominant-color: #6c5d49;\" fetchpriority=\"high\" decoding=\"async\" width=\"1152\" height=\"768\" sizes=\"(max-width: 1152px) 100vw, 1152px\" src=\"http:\/\/noticiasbahia360.com.br\/wp-content\/uploads\/2025\/06\/0wKpHfAm-Onde-nao-colocar-o-lirio-da-paz-segundo-o-Feng-Shui-para-evitar-energia-estagnada-1152x768-1.webp\" alt=\"Onde n\u00e3o colocar o l\u00edrio-da-paz segundo o Feng Shui para evitar energia estagnada\" class=\"wp-image-568963 not-transparent\" srcset=\"https:\/\/uploads.acordacidade.com.br\/2025\/06\/0wKpHfAm-Onde-nao-colocar-o-lirio-da-paz-segundo-o-Feng-Shui-para-evitar-energia-estagnada-548x365.webp 548w, http:\/\/noticiasbahia360.com.br\/wp-content\/uploads\/2025\/06\/0wKpHfAm-Onde-nao-colocar-o-lirio-da-paz-segundo-o-Feng-Shui-para-evitar-energia-estagnada-1152x768-1.webp 1152w, https:\/\/uploads.acordacidade.com.br\/2025\/06\/0wKpHfAm-Onde-nao-colocar-o-lirio-da-paz-segundo-o-Feng-Shui-para-evitar-energia-estagnada-830x553.webp 830w, https:\/\/uploads.acordacidade.com.br\/2025\/06\/0wKpHfAm-Onde-nao-colocar-o-lirio-da-paz-segundo-o-Feng-Shui-para-evitar-energia-estagnada-150x100.webp 150w, https:\/\/uploads.acordacidade.com.br\/2025\/06\/0wKpHfAm-Onde-nao-colocar-o-lirio-da-paz-segundo-o-Feng-Shui-para-evitar-energia-estagnada.webp 1536w\"><figcaption class=\"wp-element-caption\">Onde n\u00e3o colocar o l\u00edrio-da-paz segundo o Feng Shui para evitar energia estagnada<\/figcaption><\/figure>\n<h2 class=\"wp-block-heading\" id=\"h-como-saber-se-o-lugar-escolhido-e-o-certo\">Como saber se o lugar escolhido \u00e9 o certo?<\/h2>\n<p>O Feng Shui orienta que observemos n\u00e3o apenas os aspectos simb\u00f3licos, mas tamb\u00e9m a <strong>rea\u00e7\u00e3o da planta<\/strong>. Se o l\u00edrio-da-paz estiver com apar\u00eancia saud\u00e1vel, florescendo e mantendo folhas vibrantes, \u00e9 sinal de que o local \u00e9 adequado. Caso contr\u00e1rio, troque de ambiente. E, claro, fique atento aos cinco elementos: madeira, fogo, terra, metal e \u00e1gua. O l\u00edrio se relaciona ao elemento madeira, e por isso, harmoniza melhor com ambientes em que h\u00e1 luz difusa, presen\u00e7a de objetos em tons de verde e azul e umidade equilibrada.<\/p>\n<h2 class=\"wp-block-heading\" id=\"h-o-local-ideal-para-o-lirio-da-paz-vibrar-positivamente\">O local ideal para o l\u00edrio-da-paz vibrar positivamente<\/h2>\n<p>Com base nos princ\u00edpios do Feng Shui, os melhores locais para posicionar seu l\u00edrio-da-paz s\u00e3o:<\/p>\n<ul class=\"wp-block-list\">\n<li><strong>Sala de estar iluminada indiretamente<\/strong>: favorece a harmonia entre os moradores.<\/li>\n<li><strong>Quartos bem organizados e com ventila\u00e7\u00e3o natural<\/strong>: promovem sono tranquilo e energia acolhedora.<\/li>\n<li><strong>Banheiros com boa circula\u00e7\u00e3o de ar<\/strong>: funcionam como filtros de energia quando o ambiente est\u00e1 equilibrado.<\/li>\n<li><strong>Ambientes de medita\u00e7\u00e3o ou leitura<\/strong>: refor\u00e7am o foco, o relaxamento e a limpeza energ\u00e9tica.<\/li>\n<\/ul>\n<p>Lembre-se: o Feng Shui \u00e9 sobre observar, sentir e agir com consci\u00eancia. E com o l\u00edrio-da-paz, menos \u00e9 mais. Respeite seu ritmo e sua delicadeza e voc\u00ea ter\u00e1 uma planta que vai muito al\u00e9m da beleza.<\/p>\n<\/div>\n","protected":false},"excerpt":{"rendered":"<div>\n<div>\n<figure><img decoding=\"async\" src=\"https:\/\/uploads.acordacidade.com.br\/2025\/05\/YouID3oo-4-segredos-para-seu-lirio-da-paz-florescer-mais-rapido-do-que-voce-imagina.webp\" alt=\"4 segredos para seu l\u00edrio-da-paz florescer mais r\u00e1pido do que voc\u00ea imagina\"><figcaption>L\u00edrio-da-paz<\/figcaption><\/figure>\n<\/div>\n<p>Saiba onde n\u00e3o colocar o l\u00edrio-da-paz segundo o Feng Shui para evitar energia estagnada e proteger a harmonia da casa.<\/p><\/div>\n","protected":false},"author":1,"featured_media":91024,"comment_status":"closed","ping_status":"closed","sticky":false,"template":"","format":"gallery","meta":{"footnotes":""},"categories":[8,9,6,57,56,10],"tags":[],"class_list":["post-91023","post","type-post","status-publish","format-gallery","has-post-thumbnail","hentry","category-bahia","category-brasil","category-feira-de-santana","category-mundo","category-policia","category-politica","post_format-post-format-gallery"],"featured_image_urls":{"full":["https:\/\/noticiasbahia360.com.br\/wp-content\/uploads\/2025\/06\/YouID3oo-4-segredos-para-seu-lirio-da-paz-florescer-mais-rapido-do-que-voce-imagina.webp",1536,1024,false],"thumbnail":["https:\/\/noticiasbahia360.com.br\/wp-content\/uploads\/2025\/06\/YouID3oo-4-segredos-para-seu-lirio-da-paz-florescer-mais-rapido-do-que-voce-imagina-150x150.webp",150,150,true],"medium":["https:\/\/noticiasbahia360.com.br\/wp-content\/uploads\/2025\/06\/YouID3oo-4-segredos-para-seu-lirio-da-paz-florescer-mais-rapido-do-que-voce-imagina-300x200.webp",300,200,true],"medium_large":["https:\/\/noticiasbahia360.com.br\/wp-content\/uploads\/2025\/06\/YouID3oo-4-segredos-para-seu-lirio-da-paz-florescer-mais-rapido-do-que-voce-imagina-768x512.webp",640,427,true],"large":["https:\/\/noticiasbahia360.com.br\/wp-content\/uploads\/2025\/06\/YouID3oo-4-segredos-para-seu-lirio-da-paz-florescer-mais-rapido-do-que-voce-imagina-1024x683.webp",640,427,true],"1536x1536":["https:\/\/noticiasbahia360.com.br\/wp-content\/uploads\/2025\/06\/YouID3oo-4-segredos-para-seu-lirio-da-paz-florescer-mais-rapido-do-que-voce-imagina.webp",1536,1024,false],"2048x2048":["https:\/\/noticiasbahia360.com.br\/wp-content\/uploads\/2025\/06\/YouID3oo-4-segredos-para-seu-lirio-da-paz-florescer-mais-rapido-do-que-voce-imagina.webp",1536,1024,false],"chromenews-featured":["https:\/\/noticiasbahia360.com.br\/wp-content\/uploads\/2025\/06\/YouID3oo-4-segredos-para-seu-lirio-da-paz-florescer-mais-rapido-do-que-voce-imagina-1024x683.webp",1024,683,true],"chromenews-large":["https:\/\/noticiasbahia360.com.br\/wp-content\/uploads\/2025\/06\/YouID3oo-4-segredos-para-seu-lirio-da-paz-florescer-mais-rapido-do-que-voce-imagina-825x575.webp",825,575,true],"chromenews-medium":["https:\/\/noticiasbahia360.com.br\/wp-content\/uploads\/2025\/06\/YouID3oo-4-segredos-para-seu-lirio-da-paz-florescer-mais-rapido-do-que-voce-imagina-590x410.webp",590,410,true]},"author_info":{"display_name":"noticiasbahia360.com.br","author_link":"https:\/\/noticiasbahia360.com.br\/?author=1"},"category_info":"<a href=\"https:\/\/noticiasbahia360.com.br\/?cat=8\" rel=\"category\">Bahia<\/a> <a href=\"https:\/\/noticiasbahia360.com.br\/?cat=9\" rel=\"category\">Brasil<\/a> <a href=\"https:\/\/noticiasbahia360.com.br\/?cat=6\" rel=\"category\">Feira de Santana<\/a> <a href=\"https:\/\/noticiasbahia360.com.br\/?cat=57\" rel=\"category\">Mundo<\/a> <a href=\"https:\/\/noticiasbahia360.com.br\/?cat=56\" rel=\"category\">Pol\u00edcia<\/a> <a href=\"https:\/\/noticiasbahia360.com.br\/?cat=10\" rel=\"category\">Pol\u00edtica<\/a>","tag_info":"Pol\u00edtica","comment_count":"0","_links":{"self":[{"href":"https:\/\/noticiasbahia360.com.br\/index.php?rest_route=\/wp\/v2\/posts\/91023","targetHints":{"allow":["GET"]}}],"collection":[{"href":"https:\/\/noticiasbahia360.com.br\/index.php?rest_route=\/wp\/v2\/posts"}],"about":[{"href":"https:\/\/noticiasbahia360.com.br\/index.php?rest_route=\/wp\/v2\/types\/post"}],"author":[{"embeddable":true,"href":"https:\/\/noticiasbahia360.com.br\/index.php?rest_route=\/wp\/v2\/users\/1"}],"replies":[{"embeddable":true,"href":"https:\/\/noticiasbahia360.com.br\/index.php?rest_route=%2Fwp%2Fv2%2Fcomments&post=91023"}],"version-history":[{"count":0,"href":"https:\/\/noticiasbahia360.com.br\/index.php?rest_route=\/wp\/v2\/posts\/91023\/revisions"}],"wp:featuredmedia":[{"embeddable":true,"href":"https:\/\/noticiasbahia360.com.br\/index.php?rest_route=\/wp\/v2\/media\/91024"}],"wp:attachment":[{"href":"https:\/\/noticiasbahia360.com.br\/index.php?rest_route=%2Fwp%2Fv2%2Fmedia&parent=91023"}],"wp:term":[{"taxonomy":"category","embeddable":true,"href":"https:\/\/noticiasbahia360.com.br\/index.php?rest_route=%2Fwp%2Fv2%2Fcategories&post=91023"},{"taxonomy":"post_tag","embeddable":true,"href":"https:\/\/noticiasbahia360.com.br\/index.php?rest_route=%2Fwp%2Fv2%2Ftags&post=91023"}],"curies":[{"name":"wp","href":"https:\/\/api.w.org\/{rel}","templated":true}]}}