{"id":91028,"date":"2025-06-25T11:59:28","date_gmt":"2025-06-25T14:59:28","guid":{"rendered":"https:\/\/noticiasbahia360.com.br\/?p=91028"},"modified":"2025-06-25T11:59:28","modified_gmt":"2025-06-25T14:59:28","slug":"prazo-para-pagar-taxa-de-inscricao-do-enem-2025-vai-ate-sexta-feira","status":"publish","type":"post","link":"https:\/\/noticiasbahia360.com.br\/?p=91028","title":{"rendered":"Prazo para pagar taxa de inscri\u00e7\u00e3o do Enem 2025 vai at\u00e9 sexta-feira"},"content":{"rendered":"<div>\n<div>\n<figure><img decoding=\"async\" src=\"http:\/\/noticiasbahia360.com.br\/wp-content\/uploads\/2025\/06\/Enem-inep-foto-gov-federal-2.jpg\" alt=\"Enem\"><figcaption>Foto: Reprodu\u00e7\u00e3o\/GOV.Federal<\/figcaption><\/figure>\n<\/div>\n<p>Ag\u00eancia Brasil \u2013 O prazo para o pagamento da taxa de <a href=\"https:\/\/www.acordacidade.com.br\/tag\/inscricao\/\">inscri\u00e7\u00e3o <\/a>do Exame Nacional do Ensino M\u00e9dio (Enem) 2025 termina nesta sexta-feira (27), para que a inscri\u00e7\u00e3o seja confirmada.<\/p>\n<p>O boleto de R$ 85 \u00e9 gerado na <a href=\"https:\/\/enem.inep.gov.br\/participante\/#!\/\" target=\"_blank\" rel=\"noreferrer noopener\">P\u00e1gina do Participante<\/a>, e pode ser quitado por meio de Pix, cart\u00e3o de cr\u00e9dito, d\u00e9bito em conta corrente ou poupan\u00e7a.<\/p>\n<p>De acordo com o <a href=\"https:\/\/www.in.gov.br\/en\/web\/dou\/-\/edital-n-52-de-23-de-maio-de-2025-631610576\" target=\"_blank\" rel=\"noreferrer noopener\">edital do Enem 2025<\/a>, os estudantes do 3\u00ba ano de escolas p\u00fablicas, que concluem o ensino m\u00e9dio este ano est\u00e3o isentos.<\/p>\n<h2 class=\"wp-block-heading\" id=\"h-recurso\">Recurso<\/h2>\n<p>Tamb\u00e9m termina nesta sexta-feira o prazo para os que tiveram negadas as solicita\u00e7\u00f5es de atendimento especializado entrarem com recursos. Os resultados dos pedidos est\u00e3o na P\u00e1gina do Participante.<\/p>\n<p>Para solicitar uma nova an\u00e1lise para atendimentos especializados, \u00e9 necess\u00e1rio enviar documenta\u00e7\u00e3o que comprove a condi\u00e7\u00e3o alegada, como pessoa com defici\u00eancia ou participante com transtorno funcional espec\u00edfico \u2013 Transtorno do Espectro Autista , dislexia ou d\u00e9ficit de aten\u00e7\u00e3o -, entre outras condi\u00e7\u00f5es.<\/p>\n<h2 class=\"wp-block-heading\" id=\"h-orientacoes\">Orienta\u00e7\u00f5es<\/h2>\n<p>O Inep criou uma <a href=\"https:\/\/www.gov.br\/inep\/pt-br\/acesso-a-informacao\/perguntas-frequentes\/exame-nacional-do-ensino-medio-enem\" target=\"_blank\" rel=\"noreferrer noopener\">p\u00e1gina na internet<\/a> em que \u00e9 poss\u00edvel encontrar as principais orienta\u00e7\u00f5es para os participantes do Enem. Os interessados podem conferir os questionamentos mais comuns e os respectivos esclarecimentos.<\/p>\n<h2 class=\"wp-block-heading\" id=\"h-provas\">Provas<\/h2>\n<p>O Inep, vinculado ao Minist\u00e9rio da Educa\u00e7\u00e3o (MEC), aplicar\u00e1 as provas em 9 e 16 de novembro, nas 27 unidades da federa\u00e7\u00e3o. Somente as cidades de Bel\u00e9m, Ananindeua e Marituba, no Par\u00e1, ter\u00e3o o Enem aplicado em 30 de novembro e 7 de dezembro, devido \u00e0 30\u00aa Confer\u00eancia das Na\u00e7\u00f5es Unidas sobre Mudan\u00e7as Clim\u00e1ticas (COP30) no mesmo per\u00edodo.<\/p>\n<p><em>Siga o Acorda Cidade no<\/em><a href=\"https:\/\/news.google.com\/search?q=acorda%20cidade&amp;hl=pt-BR&amp;gl=BR&amp;ceid=BR%3Apt-419\"><strong><em>\u00a0Google Not\u00edcias<\/em><\/strong><\/a><em>\u00a0e receba os principais destaques do dia. Participe tamb\u00e9m dos nossos canais no\u00a0<\/em><a href=\"https:\/\/whatsapp.com\/channel\/0029Va6Rb4v3WHTNnsh8WI3N\"><strong><em>WhatsApp<\/em><\/strong><\/a><em>\u00a0e\u00a0<\/em><a href=\"https:\/\/www.youtube.com\/@acordacidadenoticias\/videos\"><strong>Youtube<\/strong><\/a><em>\u00a0e grupo de\u00a0<\/em><a href=\"https:\/\/t.me\/+sSz0khrgARA0ZmRh\"><strong><em>Telegram<\/em><\/strong><\/a><em>.<\/em><\/p>\n<\/div>\n","protected":false},"excerpt":{"rendered":"<div>\n<div>\n<figure><img decoding=\"async\" src=\"https:\/\/uploads.acordacidade.com.br\/2025\/04\/Enem-inep-foto-gov-federal.jpg\" alt=\"Enem\"><figcaption>Foto: Reprodu\u00e7\u00e3o\/GOV.Federal<\/figcaption><\/figure>\n<\/div>\n<p>O valor de R$ 85 pode ser pago por Pix ou cart\u00f5es de cr\u00e9dito e d\u00e9bito<\/p><\/div>\n","protected":false},"author":1,"featured_media":91029,"comment_status":"closed","ping_status":"closed","sticky":false,"template":"","format":"gallery","meta":{"footnotes":""},"categories":[8,9,6,57,56,10],"tags":[],"class_list":["post-91028","post","type-post","status-publish","format-gallery","has-post-thumbnail","hentry","category-bahia","category-brasil","category-feira-de-santana","category-mundo","category-policia","category-politica","post_format-post-format-gallery"],"featured_image_urls":{"full":["https:\/\/noticiasbahia360.com.br\/wp-content\/uploads\/2025\/06\/Enem-inep-foto-gov-federal-2.jpg",1200,717,false],"thumbnail":["https:\/\/noticiasbahia360.com.br\/wp-content\/uploads\/2025\/06\/Enem-inep-foto-gov-federal-2-150x150.jpg",150,150,true],"medium":["https:\/\/noticiasbahia360.com.br\/wp-content\/uploads\/2025\/06\/Enem-inep-foto-gov-federal-2-300x179.jpg",300,179,true],"medium_large":["https:\/\/noticiasbahia360.com.br\/wp-content\/uploads\/2025\/06\/Enem-inep-foto-gov-federal-2-768x459.jpg",640,383,true],"large":["https:\/\/noticiasbahia360.com.br\/wp-content\/uploads\/2025\/06\/Enem-inep-foto-gov-federal-2-1024x612.jpg",640,383,true],"1536x1536":["https:\/\/noticiasbahia360.com.br\/wp-content\/uploads\/2025\/06\/Enem-inep-foto-gov-federal-2.jpg",1200,717,false],"2048x2048":["https:\/\/noticiasbahia360.com.br\/wp-content\/uploads\/2025\/06\/Enem-inep-foto-gov-federal-2.jpg",1200,717,false],"chromenews-featured":["https:\/\/noticiasbahia360.com.br\/wp-content\/uploads\/2025\/06\/Enem-inep-foto-gov-federal-2-1024x612.jpg",1024,612,true],"chromenews-large":["https:\/\/noticiasbahia360.com.br\/wp-content\/uploads\/2025\/06\/Enem-inep-foto-gov-federal-2-825x575.jpg",825,575,true],"chromenews-medium":["https:\/\/noticiasbahia360.com.br\/wp-content\/uploads\/2025\/06\/Enem-inep-foto-gov-federal-2-590x410.jpg",590,410,true]},"author_info":{"display_name":"noticiasbahia360.com.br","author_link":"https:\/\/noticiasbahia360.com.br\/?author=1"},"category_info":"<a href=\"https:\/\/noticiasbahia360.com.br\/?cat=8\" rel=\"category\">Bahia<\/a> <a href=\"https:\/\/noticiasbahia360.com.br\/?cat=9\" rel=\"category\">Brasil<\/a> <a href=\"https:\/\/noticiasbahia360.com.br\/?cat=6\" rel=\"category\">Feira de Santana<\/a> <a href=\"https:\/\/noticiasbahia360.com.br\/?cat=57\" rel=\"category\">Mundo<\/a> <a href=\"https:\/\/noticiasbahia360.com.br\/?cat=56\" rel=\"category\">Pol\u00edcia<\/a> <a href=\"https:\/\/noticiasbahia360.com.br\/?cat=10\" rel=\"category\">Pol\u00edtica<\/a>","tag_info":"Pol\u00edtica","comment_count":"0","_links":{"self":[{"href":"https:\/\/noticiasbahia360.com.br\/index.php?rest_route=\/wp\/v2\/posts\/91028","targetHints":{"allow":["GET"]}}],"collection":[{"href":"https:\/\/noticiasbahia360.com.br\/index.php?rest_route=\/wp\/v2\/posts"}],"about":[{"href":"https:\/\/noticiasbahia360.com.br\/index.php?rest_route=\/wp\/v2\/types\/post"}],"author":[{"embeddable":true,"href":"https:\/\/noticiasbahia360.com.br\/index.php?rest_route=\/wp\/v2\/users\/1"}],"replies":[{"embeddable":true,"href":"https:\/\/noticiasbahia360.com.br\/index.php?rest_route=%2Fwp%2Fv2%2Fcomments&post=91028"}],"version-history":[{"count":0,"href":"https:\/\/noticiasbahia360.com.br\/index.php?rest_route=\/wp\/v2\/posts\/91028\/revisions"}],"wp:featuredmedia":[{"embeddable":true,"href":"https:\/\/noticiasbahia360.com.br\/index.php?rest_route=\/wp\/v2\/media\/91029"}],"wp:attachment":[{"href":"https:\/\/noticiasbahia360.com.br\/index.php?rest_route=%2Fwp%2Fv2%2Fmedia&parent=91028"}],"wp:term":[{"taxonomy":"category","embeddable":true,"href":"https:\/\/noticiasbahia360.com.br\/index.php?rest_route=%2Fwp%2Fv2%2Fcategories&post=91028"},{"taxonomy":"post_tag","embeddable":true,"href":"https:\/\/noticiasbahia360.com.br\/index.php?rest_route=%2Fwp%2Fv2%2Ftags&post=91028"}],"curies":[{"name":"wp","href":"https:\/\/api.w.org\/{rel}","templated":true}]}}