{"id":91030,"date":"2025-06-25T12:20:22","date_gmt":"2025-06-25T15:20:22","guid":{"rendered":"https:\/\/noticiasbahia360.com.br\/?p=91030"},"modified":"2025-06-25T12:20:22","modified_gmt":"2025-06-25T15:20:22","slug":"prefeitura-designa-novo-interino-para-o-gabinete-do-prefeito","status":"publish","type":"post","link":"https:\/\/noticiasbahia360.com.br\/?p=91030","title":{"rendered":"Prefeitura designa novo interino para o Gabinete do Prefeito"},"content":{"rendered":"<div>\n<div>\n<figure><img decoding=\"async\" src=\"http:\/\/noticiasbahia360.com.br\/wp-content\/uploads\/2025\/06\/Luiz-Bahia-Neto-sec-de-governo-foto-ney-silva-acorda-cidade-.jpg\" alt=\"secret\u00e1rio de governo\"><figcaption>Luiz Carlos Bahia Neto, secret\u00e1rio de governo | Foto: Ney Silva \/ Acorda Cidade <\/figcaption><\/figure>\n<\/div>\n<p>A Prefeitura de Feira de Santana divulgou, nesta quarta-feira (25), uma nota oficial informando que o secret\u00e1rio municipal de Governo, <strong>Luiz Carlos de Carvalho Bahia Neto<\/strong>, assumir\u00e1 interinamente e de forma cumulativa o cargo de chefe de Gabinete do prefeito, enquanto o titular da fun\u00e7\u00e3o, <strong>M\u00e1rio Borges<\/strong>, se recupera de um <strong>Acidente Vascular Cerebral (AVC) hemorr\u00e1gico<\/strong>.<\/p>\n<p>O AVC ocorreu na noite da \u00faltima segunda-feira (23), e <strong>M\u00e1rio Borges<\/strong> est\u00e1 internado no <strong>Hospital S\u00e3o Matheus<\/strong>, onde, segundo boletim m\u00e9dico, apresenta quadro cl\u00ednico est\u00e1vel e boa resposta ao tratamento.<\/p>\n<p><a href=\"https:\/\/www.acordacidade.com.br\/dilton-e-feito\/mario-borges-chefe-de-gabinete-de-jose-ronaldo-sofre-avc\/\">Conforme informa\u00e7\u00f5es de Risom\u00e1rio L\u00f4bo, amigo pr\u00f3ximo da fam\u00edlia, M\u00e1rio n\u00e3o estava passando bem na noite de ter\u00e7a-feira e precisou ser levado para o Hospital S\u00e3o Matheus, onde encontra-se internado na Unidade de Terapia Intensiva (UTI) em\u00a0Feira de Santana. <\/a><\/p>\n<p>\u201cEst\u00e1 internado de ontem para c\u00e1, l\u00e1 na UTI da S\u00e3o Mateus. Com AVC hemorr\u00e1gico de leve propor\u00e7\u00e3o. A esposa dele, Naiana, me ligou informando. O quadro dele \u00e9 est\u00e1vel, estou acompanhando de perto a situa\u00e7\u00e3o\u201d, afirmou ao Acorda Cidade. <\/p>\n<h2 class=\"wp-block-heading\" id=\"h-novo-nome-ao-gabinete\">Novo nome ao gabinete <\/h2>\n<p>O prefeito <strong>Jos\u00e9 Ronaldo de Carvalho<\/strong> foi quem designou oficialmente <strong>Luiz Carlos Bahia<\/strong> para responder pelas atribui\u00e7\u00f5es do cargo, garantindo a continuidade das a\u00e7\u00f5es da Chefia de Gabinete durante o per\u00edodo de afastamento por motivos de sa\u00fade.<\/p>\n<p>A administra\u00e7\u00e3o municipal informou ainda que tem prestado todo o suporte necess\u00e1rio \u00e0 fam\u00edlia de <strong>M\u00e1rio Borges<\/strong>, al\u00e9m de acompanhar de perto a evolu\u00e7\u00e3o de seu estado de sa\u00fade.<\/p>\n<p><em>\u201cA Prefeitura segue unida em corrente positiva por sua pronta recupera\u00e7\u00e3o\u201d, diz a nota, que encerra com votos de solidariedade ao servidor e sua fam\u00edlia.<\/em><\/p>\n<\/p>\n<p><em>Siga o Acorda Cidade no<\/em><a href=\"https:\/\/news.google.com\/search?q=acorda%20cidade&amp;hl=pt-BR&amp;gl=BR&amp;ceid=BR%3Apt-419\"><strong><em>\u00a0Google Not\u00edcias<\/em><\/strong><\/a><em>\u00a0e receba os principais destaques do dia. Participe tamb\u00e9m dos nossos canais no\u00a0<\/em><a href=\"https:\/\/www.whatsapp.com\/channel\/0029Va6Rb4v3WHTNnsh8WI3N\"><strong><em>WhatsApp<\/em><\/strong><\/a><em>\u00a0e\u00a0<\/em><a href=\"https:\/\/www.youtube.com\/@acordacidadenoticias\/videos\"><strong>Youtube<\/strong><\/a><em>\u00a0e grupo de\u00a0<\/em><a href=\"https:\/\/t.me\/+sSz0khrgARA0ZmRh\"><strong><em>Telegram<\/em><\/strong><\/a><em>.<\/em><a href=\"https:\/\/www.acordacidade.com.br\/colunas\/dilton-e-feito\/\"><\/a><\/p>\n<p><a href=\"https:\/\/www.acordacidade.com.br\/dilton-e-feito\/mario-borges-chefe-de-gabinete-de-jose-ronaldo-sofre-avc\/\"><br \/><\/a><\/p>\n<\/div>\n","protected":false},"excerpt":{"rendered":"<div>\n<div>\n<figure><img decoding=\"async\" src=\"https:\/\/uploads.acordacidade.com.br\/2024\/12\/Luiz-Bahia-Neto-sec-de-governo-foto-ney-silva-acorda-cidade-.jpg\" alt=\"secret\u00e1rio de governo\"><figcaption>Luiz Carlos Bahia Neto, secret\u00e1rio de governo | Foto: Ney Silva \/ Acorda Cidade <\/figcaption><\/figure>\n<\/div>\n<p>O titular da fun\u00e7\u00e3o, M\u00e1rio Borges, se recupera de um Acidente Vascular Cerebral (AVC) hemorr\u00e1gico.<\/p><\/div>\n","protected":false},"author":1,"featured_media":91031,"comment_status":"closed","ping_status":"closed","sticky":false,"template":"","format":"gallery","meta":{"footnotes":""},"categories":[8,9,6,57,56,10],"tags":[],"class_list":["post-91030","post","type-post","status-publish","format-gallery","has-post-thumbnail","hentry","category-bahia","category-brasil","category-feira-de-santana","category-mundo","category-policia","category-politica","post_format-post-format-gallery"],"featured_image_urls":{"full":["https:\/\/noticiasbahia360.com.br\/wp-content\/uploads\/2025\/06\/Luiz-Bahia-Neto-sec-de-governo-foto-ney-silva-acorda-cidade-.jpg",640,480,false],"thumbnail":["https:\/\/noticiasbahia360.com.br\/wp-content\/uploads\/2025\/06\/Luiz-Bahia-Neto-sec-de-governo-foto-ney-silva-acorda-cidade--150x150.jpg",150,150,true],"medium":["https:\/\/noticiasbahia360.com.br\/wp-content\/uploads\/2025\/06\/Luiz-Bahia-Neto-sec-de-governo-foto-ney-silva-acorda-cidade--300x225.jpg",300,225,true],"medium_large":["https:\/\/noticiasbahia360.com.br\/wp-content\/uploads\/2025\/06\/Luiz-Bahia-Neto-sec-de-governo-foto-ney-silva-acorda-cidade-.jpg",640,480,false],"large":["https:\/\/noticiasbahia360.com.br\/wp-content\/uploads\/2025\/06\/Luiz-Bahia-Neto-sec-de-governo-foto-ney-silva-acorda-cidade-.jpg",640,480,false],"1536x1536":["https:\/\/noticiasbahia360.com.br\/wp-content\/uploads\/2025\/06\/Luiz-Bahia-Neto-sec-de-governo-foto-ney-silva-acorda-cidade-.jpg",640,480,false],"2048x2048":["https:\/\/noticiasbahia360.com.br\/wp-content\/uploads\/2025\/06\/Luiz-Bahia-Neto-sec-de-governo-foto-ney-silva-acorda-cidade-.jpg",640,480,false],"chromenews-featured":["https:\/\/noticiasbahia360.com.br\/wp-content\/uploads\/2025\/06\/Luiz-Bahia-Neto-sec-de-governo-foto-ney-silva-acorda-cidade-.jpg",640,480,false],"chromenews-large":["https:\/\/noticiasbahia360.com.br\/wp-content\/uploads\/2025\/06\/Luiz-Bahia-Neto-sec-de-governo-foto-ney-silva-acorda-cidade-.jpg",640,480,false],"chromenews-medium":["https:\/\/noticiasbahia360.com.br\/wp-content\/uploads\/2025\/06\/Luiz-Bahia-Neto-sec-de-governo-foto-ney-silva-acorda-cidade--590x410.jpg",590,410,true]},"author_info":{"display_name":"noticiasbahia360.com.br","author_link":"https:\/\/noticiasbahia360.com.br\/?author=1"},"category_info":"<a href=\"https:\/\/noticiasbahia360.com.br\/?cat=8\" rel=\"category\">Bahia<\/a> <a href=\"https:\/\/noticiasbahia360.com.br\/?cat=9\" rel=\"category\">Brasil<\/a> <a href=\"https:\/\/noticiasbahia360.com.br\/?cat=6\" rel=\"category\">Feira de Santana<\/a> <a href=\"https:\/\/noticiasbahia360.com.br\/?cat=57\" rel=\"category\">Mundo<\/a> <a href=\"https:\/\/noticiasbahia360.com.br\/?cat=56\" rel=\"category\">Pol\u00edcia<\/a> <a href=\"https:\/\/noticiasbahia360.com.br\/?cat=10\" rel=\"category\">Pol\u00edtica<\/a>","tag_info":"Pol\u00edtica","comment_count":"0","_links":{"self":[{"href":"https:\/\/noticiasbahia360.com.br\/index.php?rest_route=\/wp\/v2\/posts\/91030","targetHints":{"allow":["GET"]}}],"collection":[{"href":"https:\/\/noticiasbahia360.com.br\/index.php?rest_route=\/wp\/v2\/posts"}],"about":[{"href":"https:\/\/noticiasbahia360.com.br\/index.php?rest_route=\/wp\/v2\/types\/post"}],"author":[{"embeddable":true,"href":"https:\/\/noticiasbahia360.com.br\/index.php?rest_route=\/wp\/v2\/users\/1"}],"replies":[{"embeddable":true,"href":"https:\/\/noticiasbahia360.com.br\/index.php?rest_route=%2Fwp%2Fv2%2Fcomments&post=91030"}],"version-history":[{"count":0,"href":"https:\/\/noticiasbahia360.com.br\/index.php?rest_route=\/wp\/v2\/posts\/91030\/revisions"}],"wp:featuredmedia":[{"embeddable":true,"href":"https:\/\/noticiasbahia360.com.br\/index.php?rest_route=\/wp\/v2\/media\/91031"}],"wp:attachment":[{"href":"https:\/\/noticiasbahia360.com.br\/index.php?rest_route=%2Fwp%2Fv2%2Fmedia&parent=91030"}],"wp:term":[{"taxonomy":"category","embeddable":true,"href":"https:\/\/noticiasbahia360.com.br\/index.php?rest_route=%2Fwp%2Fv2%2Fcategories&post=91030"},{"taxonomy":"post_tag","embeddable":true,"href":"https:\/\/noticiasbahia360.com.br\/index.php?rest_route=%2Fwp%2Fv2%2Ftags&post=91030"}],"curies":[{"name":"wp","href":"https:\/\/api.w.org\/{rel}","templated":true}]}}