{"id":91032,"date":"2025-06-25T12:30:11","date_gmt":"2025-06-25T15:30:11","guid":{"rendered":"https:\/\/noticiasbahia360.com.br\/?p=91032"},"modified":"2025-06-25T12:30:11","modified_gmt":"2025-06-25T15:30:11","slug":"sao-joao-da-bahia-2025-termina-com-19-foragidos-da-justica-localizados-e-baixo-numero-de-ocorrencias","status":"publish","type":"post","link":"https:\/\/noticiasbahia360.com.br\/?p=91032","title":{"rendered":"S\u00e3o Jo\u00e3o da Bahia 2025 termina com 19 foragidos da Justi\u00e7a localizados e baixo n\u00famero de ocorr\u00eancias"},"content":{"rendered":"<div>\n<div>\n<figure><img decoding=\"async\" src=\"http:\/\/noticiasbahia360.com.br\/wp-content\/uploads\/2025\/06\/sao-joao-da-Bahia.jpg\" alt=\"s\u00e3o jo\u00e3o da Bahia\"><figcaption>Foto: Rafael Rodrigues- Ascom\/SSP<br \/>\n<\/figcaption><\/figure>\n<\/div>\n<p>O S\u00e3o Jo\u00e3o da Bahia 2025, iniciado no \u00faltimo dia 18 e encerrado na madrugada desta quarta-feira (25), com eventos no Parque de Exposi\u00e7\u00f5es, no <a href=\"https:\/\/www.acordacidade.com.br\/tag\/pelourinho\/\">Pelourinho <\/a>(Centro Hist\u00f3rico), no bairro de Paripe, em <a href=\"https:\/\/www.acordacidade.com.br\/tag\/salvador-3\/\">Salvador<\/a>, al\u00e9m de 280 munic\u00edpios do interior, terminou com baixo n\u00famero de ocorr\u00eancias.<\/p>\n<p>A Opera\u00e7\u00e3o contou com mais de 12 mil policiais e <a href=\"https:\/\/www.acordacidade.com.br\/tag\/bombeiros\/\">bombeiros <\/a>e o emprego de 1.500 c\u00e2meras de videomonitoramento, sendo 500 de <a href=\"https:\/\/www.acordacidade.com.br\/tag\/reconhecimento-facial\/\">Reconhecimento Facial<\/a>.<\/p>\n<h2 class=\"wp-block-heading\" id=\"h-reconhecimento-facial\">Reconhecimento Facial<\/h2>\n<p>Dezenove foragidos da Justi\u00e7a foram presos ap\u00f3s alerta do Reconhecimento Facial da Secretaria da Seguran\u00e7a P\u00fablica (<a href=\"https:\/\/www.acordacidade.com.br\/tag\/ssp\/\">SSP<\/a>) durante os festejos de S\u00e3o Jo\u00e3o.<\/p>\n<p>As pris\u00f5es foram realizadas em Salvador, com sete mandados cumpridos, e nas cidades de <a href=\"https:\/\/www.acordacidade.com.br\/tag\/serrinha\/\">Serrinha<\/a>, Irec\u00ea, Vit\u00f3ria da Conquista, Porto Seguro, Jaguaquara, Itap\u00e9, Euclides da Cunha, Cruz das Almas, <a href=\"https:\/\/www.acordacidade.com.br\/tag\/camacari\/\">Cama\u00e7ari <\/a>e Barreiras.<\/p>\n<p>Os fugitivos eram procurados por homic\u00eddio, tr\u00e1fico de drogas, estelionato, furto e falta de pagamento de pens\u00e3o aliment\u00edcia.<\/p>\n<h2 class=\"wp-block-heading\" id=\"h-publico\">P\u00fablico<\/h2>\n<p>Mais de 868 mil foli\u00f5es curtiram o S\u00e3o Jo\u00e3o da Bahia 2025 na capital baiana. Os shows realizados no Pelourinho atra\u00edram a maior quantidade de p\u00fablico durante os seis dias de festejos, reunindo 583.282 foli\u00f5es. No Parque de Exposi\u00e7\u00f5es, a ferramenta tecnol\u00f3gica da SSP contabilizou 181.925 pessoas, enquanto no bairro de Paripe 103.412 baianos e turistas curtiram a festa.<\/p>\n<h2 class=\"wp-block-heading\" id=\"h-maiores-publicos-no-interior\">Maiores p\u00fablicos no interior<\/h2>\n<p>Vit\u00f3ria da Conquista (763.409), Cruz das Almas (630.051), Santo Ant\u00f4nio de Jesus (599.995), Irec\u00ea (386.792), Jaguaquara (364.335), Cama\u00e7ari (340.694), Itaberaba (329.041), Jequi\u00e9 (280.338) e Amargosa (273.622).<\/p>\n<p>A contagem do p\u00fablico nos espa\u00e7os foi realizada pelo Sistema de Reconhecimento Facial da SSP com a passagem das pessoas pelos Portais de Abordagem.<\/p>\n<p><em>Siga o Acorda Cidade no<\/em><a href=\"https:\/\/news.google.com\/search?q=acorda%20cidade&amp;hl=pt-BR&amp;gl=BR&amp;ceid=BR%3Apt-419\"><strong><em>\u00a0Google Not\u00edcias<\/em><\/strong><\/a><em>\u00a0e receba os principais destaques do dia. Participe tamb\u00e9m dos nossos canais no\u00a0<\/em><a href=\"https:\/\/whatsapp.com\/channel\/0029Va6Rb4v3WHTNnsh8WI3N\"><strong><em>WhatsApp<\/em><\/strong><\/a><em>\u00a0e\u00a0<\/em><a href=\"https:\/\/www.youtube.com\/@acordacidadenoticias\/videos\"><strong>Youtube<\/strong><\/a><em>\u00a0e grupo de\u00a0<\/em><a href=\"https:\/\/t.me\/+sSz0khrgARA0ZmRh\"><strong><em>Telegram<\/em><\/strong><\/a><em>.<\/em><\/p>\n<\/div>\n","protected":false},"excerpt":{"rendered":"<div>\n<div>\n<figure><img decoding=\"async\" src=\"https:\/\/uploads.acordacidade.com.br\/2025\/06\/sao-joao-da-Bahia.jpg\" alt=\"s\u00e3o jo\u00e3o da Bahia\"><figcaption>Foto: Rafael Rodrigues- Ascom\/SSP<br \/>\n<\/figcaption><\/figure>\n<\/div>\n<p>A Opera\u00e7\u00e3o contou com mais de 12 mil policiais e bombeiros e o emprego de 1.500 c\u00e2meras de videomonitoramento, sendo 500 de Reconhecimento Facial.<\/p><\/div>\n","protected":false},"author":1,"featured_media":91033,"comment_status":"closed","ping_status":"closed","sticky":false,"template":"","format":"gallery","meta":{"footnotes":""},"categories":[8,9,6,57,56,10],"tags":[],"class_list":["post-91032","post","type-post","status-publish","format-gallery","has-post-thumbnail","hentry","category-bahia","category-brasil","category-feira-de-santana","category-mundo","category-policia","category-politica","post_format-post-format-gallery"],"featured_image_urls":{"full":["https:\/\/noticiasbahia360.com.br\/wp-content\/uploads\/2025\/06\/sao-joao-da-Bahia.jpg",1200,900,false],"thumbnail":["https:\/\/noticiasbahia360.com.br\/wp-content\/uploads\/2025\/06\/sao-joao-da-Bahia-150x150.jpg",150,150,true],"medium":["https:\/\/noticiasbahia360.com.br\/wp-content\/uploads\/2025\/06\/sao-joao-da-Bahia-300x225.jpg",300,225,true],"medium_large":["https:\/\/noticiasbahia360.com.br\/wp-content\/uploads\/2025\/06\/sao-joao-da-Bahia-768x576.jpg",640,480,true],"large":["https:\/\/noticiasbahia360.com.br\/wp-content\/uploads\/2025\/06\/sao-joao-da-Bahia-1024x768.jpg",640,480,true],"1536x1536":["https:\/\/noticiasbahia360.com.br\/wp-content\/uploads\/2025\/06\/sao-joao-da-Bahia.jpg",1200,900,false],"2048x2048":["https:\/\/noticiasbahia360.com.br\/wp-content\/uploads\/2025\/06\/sao-joao-da-Bahia.jpg",1200,900,false],"chromenews-featured":["https:\/\/noticiasbahia360.com.br\/wp-content\/uploads\/2025\/06\/sao-joao-da-Bahia-1024x768.jpg",1024,768,true],"chromenews-large":["https:\/\/noticiasbahia360.com.br\/wp-content\/uploads\/2025\/06\/sao-joao-da-Bahia-825x575.jpg",825,575,true],"chromenews-medium":["https:\/\/noticiasbahia360.com.br\/wp-content\/uploads\/2025\/06\/sao-joao-da-Bahia-590x410.jpg",590,410,true]},"author_info":{"display_name":"noticiasbahia360.com.br","author_link":"https:\/\/noticiasbahia360.com.br\/?author=1"},"category_info":"<a href=\"https:\/\/noticiasbahia360.com.br\/?cat=8\" rel=\"category\">Bahia<\/a> <a href=\"https:\/\/noticiasbahia360.com.br\/?cat=9\" rel=\"category\">Brasil<\/a> <a href=\"https:\/\/noticiasbahia360.com.br\/?cat=6\" rel=\"category\">Feira de Santana<\/a> <a href=\"https:\/\/noticiasbahia360.com.br\/?cat=57\" rel=\"category\">Mundo<\/a> <a href=\"https:\/\/noticiasbahia360.com.br\/?cat=56\" rel=\"category\">Pol\u00edcia<\/a> <a href=\"https:\/\/noticiasbahia360.com.br\/?cat=10\" rel=\"category\">Pol\u00edtica<\/a>","tag_info":"Pol\u00edtica","comment_count":"0","_links":{"self":[{"href":"https:\/\/noticiasbahia360.com.br\/index.php?rest_route=\/wp\/v2\/posts\/91032","targetHints":{"allow":["GET"]}}],"collection":[{"href":"https:\/\/noticiasbahia360.com.br\/index.php?rest_route=\/wp\/v2\/posts"}],"about":[{"href":"https:\/\/noticiasbahia360.com.br\/index.php?rest_route=\/wp\/v2\/types\/post"}],"author":[{"embeddable":true,"href":"https:\/\/noticiasbahia360.com.br\/index.php?rest_route=\/wp\/v2\/users\/1"}],"replies":[{"embeddable":true,"href":"https:\/\/noticiasbahia360.com.br\/index.php?rest_route=%2Fwp%2Fv2%2Fcomments&post=91032"}],"version-history":[{"count":0,"href":"https:\/\/noticiasbahia360.com.br\/index.php?rest_route=\/wp\/v2\/posts\/91032\/revisions"}],"wp:featuredmedia":[{"embeddable":true,"href":"https:\/\/noticiasbahia360.com.br\/index.php?rest_route=\/wp\/v2\/media\/91033"}],"wp:attachment":[{"href":"https:\/\/noticiasbahia360.com.br\/index.php?rest_route=%2Fwp%2Fv2%2Fmedia&parent=91032"}],"wp:term":[{"taxonomy":"category","embeddable":true,"href":"https:\/\/noticiasbahia360.com.br\/index.php?rest_route=%2Fwp%2Fv2%2Fcategories&post=91032"},{"taxonomy":"post_tag","embeddable":true,"href":"https:\/\/noticiasbahia360.com.br\/index.php?rest_route=%2Fwp%2Fv2%2Ftags&post=91032"}],"curies":[{"name":"wp","href":"https:\/\/api.w.org\/{rel}","templated":true}]}}