{"id":91034,"date":"2025-06-25T12:36:21","date_gmt":"2025-06-25T15:36:21","guid":{"rendered":"https:\/\/noticiasbahia360.com.br\/?p=91034"},"modified":"2025-06-25T12:36:21","modified_gmt":"2025-06-25T15:36:21","slug":"ocupacao-em-hoteis-de-feira-de-santana-e-superior-a-90-no-periodo-do-sao-joao","status":"publish","type":"post","link":"https:\/\/noticiasbahia360.com.br\/?p=91034","title":{"rendered":"Ocupa\u00e7\u00e3o em hot\u00e9is de Feira de Santana \u00e9 superior a 90% no per\u00edodo do S\u00e3o Jo\u00e3o"},"content":{"rendered":"<div>\n<div>\n<figure><img decoding=\"async\" src=\"http:\/\/noticiasbahia360.com.br\/wp-content\/uploads\/2025\/06\/onibus-em-frente-a-hotel.jpg\" alt=\"\u00f4nibus em frente a hotel\"><figcaption>Foto: Leitor\/Enviada ao Acorda Cidade <\/figcaption><\/figure>\n<\/div>\n<p>Os hot\u00e9is de <a href=\"https:\/\/www.acordacidade.com.br\/feira-de-santana\/\">Feira de Santana<\/a> registraram bons n\u00fameros de ocupa\u00e7\u00e3o durante o per\u00edodo dos festejos juninos em cidades da regi\u00e3o. A avalia\u00e7\u00e3o \u00e9 de Marcelo Alexandrino, gestor de quatro hot\u00e9is em Feira de Santana, al\u00e9m de vice-presidente do Sindicato de Hot\u00e9is e presidente da Associa\u00e7\u00e3o Brasileira da Ind\u00fastria Hoteleira (ABIH). Ao Acorda Cidade, ele analisou que a proximidade com o feriado de Corpus Christi favoreceu a ocupa\u00e7\u00e3o por mais dias.<\/p>\n<p>\u201cTivemos uma boa ocupa\u00e7\u00e3o durante esse per\u00edodo. O feriado de <a href=\"https:\/\/www.acordacidade.com.br\/tag\/corpus-christi\/\">Corpus Christi<\/a> alongou o per\u00edodo de S\u00e3o Jo\u00e3o, pois as cidades vizinhas aumentaram o per\u00edodo de shows. Feira de Santana \u00e9 base para essas cidades; as equipes dos cantores e os artistas se hospedam aqui, e, com isso, tivemos um n\u00famero bom de ocupa\u00e7\u00e3o de 18 a 24 de junho\u201d, afirmou.<\/p>\n<figure class=\"wp-block-image size-full\"><img fetchpriority=\"high\" data-dominant-color=\"8d8a7d\" data-has-transparency=\"false\" style=\"--dominant-color: #8d8a7d;\" fetchpriority=\"high\" decoding=\"async\" width=\"1200\" height=\"675\" sizes=\"(max-width: 1200px) 100vw, 1200px\" src=\"http:\/\/noticiasbahia360.com.br\/wp-content\/uploads\/2025\/06\/f113feg1-Marcelo-Alexandrino-vice-presidente-do-Sindicato-de-Hoteis.webp\" alt=\"Marcelo Alexandrino vice-presidente do Sindicato de Hot\u00e9is\" class=\"wp-image-568959 not-transparent\" srcset=\"https:\/\/uploads.acordacidade.com.br\/2025\/06\/f113feg1-Marcelo-Alexandrino-vice-presidente-do-Sindicato-de-Hoteis-648x365.webp 648w, https:\/\/uploads.acordacidade.com.br\/2025\/06\/f113feg1-Marcelo-Alexandrino-vice-presidente-do-Sindicato-de-Hoteis-150x84.webp 150w, http:\/\/noticiasbahia360.com.br\/wp-content\/uploads\/2025\/06\/f113feg1-Marcelo-Alexandrino-vice-presidente-do-Sindicato-de-Hoteis.webp 1200w\"><figcaption class=\"wp-element-caption\">Marcelo Alexandrino | Foto: Ed Santos\/Acorda Cidade <\/figcaption><\/figure>\n<p>Segundo ele, a ocupa\u00e7\u00e3o em alguns hot\u00e9is ficou acima de 90% durante esse per\u00edodo. Alexandrino ressaltou que Feira de Santana tem se tornado uma base estrat\u00e9gica para artistas devido a fatores como localiza\u00e7\u00e3o, qualidade dos servi\u00e7os e a ampla oferta de leitos nos hot\u00e9is.<\/p>\n<p>\u201cEsses fatores atraem as bandas que tocam na regi\u00e3o a se hospedarem aqui. V\u00e1rias bandas que fizeram muitos <a href=\"https:\/\/www.acordacidade.com.br\/tag\/shows\/\">shows <\/a>na regi\u00e3o escolheram Feira de Santana como base para se hospedar neste per\u00edodo.\u201d<\/p>\n<p>Entre os artistas que se hospedaram em Feira de Santana, Marcelo Alexandrino mencionou nomes como Solange Almeida, Devinho Novaes, Banda Magn\u00edficos, Bruno e Marrone, entre outros. Al\u00e9m dos artistas, ele tamb\u00e9m destacou a presen\u00e7a do <a href=\"https:\/\/www.acordacidade.com.br\/tag\/governador-jeronimo-rodrigues\/\">governador Jer\u00f4nimo Rodrigues<\/a>, que percorreu diversas cidades baianas durante os festejos.<\/p>\n<p>\u201c\u00c9 importante estarmos preparados para receber todos esses artistas e muitos outros que estiveram na cidade neste per\u00edodo\u201d, afirmou, acrescentando que n\u00e3o apenas o setor hoteleiro foi beneficiado.<\/p>\n<p>\u201cAs bandas agregam bastante nesse per\u00edodo do S\u00e3o Jo\u00e3o e movimentam n\u00e3o apenas os hot\u00e9is. Eles abastecem os <a href=\"https:\/\/www.acordacidade.com.br\/tag\/onibus-2\/\">\u00f4nibus<\/a>, almo\u00e7am, e, \u00e0s vezes, fazem compras quando t\u00eam tempo. Ent\u00e3o, \u00e9 uma inje\u00e7\u00e3o significativa na economia de Feira de Santana\u201d, destacou Alexandrino.<\/p>\n<h2 class=\"wp-block-heading\" id=\"h-micareta-x-sao-joao\">Micareta x S\u00e3o Jo\u00e3o<\/h2>\n<p>Marcelo Alexandrino tamb\u00e9m fez uma compara\u00e7\u00e3o entre dois per\u00edodos movimentados para o setor em Feira de Santana: a <a href=\"https:\/\/www.acordacidade.com.br\/tag\/micareta\/\">Micareta<\/a> e o S\u00e3o Jo\u00e3o.<\/p>\n<p>\u201cDe modo geral, temos ocupa\u00e7\u00f5es parecidas entre a Micareta e o S\u00e3o Jo\u00e3o, mas, este ano, como teve o feriad\u00e3o, o S\u00e3o Jo\u00e3o foi melhor. Outro ponto \u00e9 que, na Micareta, os dias antecedentes t\u00eam ocupa\u00e7\u00e3o mais baixa. Mas os dias de Micareta s\u00e3o bons.\u201d<\/p>\n<p>Para S\u00e3o Pedro, Marcelo Alexandrino espera que o movimento nos hot\u00e9is de Feira de Santana continue positivo, embora reconhe\u00e7a que deve haver uma redu\u00e7\u00e3o em rela\u00e7\u00e3o ao per\u00edodo do S\u00e3o Jo\u00e3o.<\/p>\n<p><em>Com informa\u00e7\u00f5es do rep\u00f3rter Ed Santos do Acorda Cidade<\/em><\/p>\n<p><em>Siga o Acorda Cidade no<\/em><a href=\"https:\/\/news.google.com\/search?q=acorda%20cidade&amp;hl=pt-BR&amp;gl=BR&amp;ceid=BR%3Apt-419\"><strong><em>\u00a0Google Not\u00edcias<\/em><\/strong><\/a><em>\u00a0e receba os principais destaques do dia. Participe tamb\u00e9m dos nossos canais no\u00a0<\/em><a href=\"https:\/\/whatsapp.com\/channel\/0029Va6Rb4v3WHTNnsh8WI3N\"><strong><em>WhatsApp<\/em><\/strong><\/a><em>\u00a0e\u00a0<\/em><a href=\"https:\/\/www.youtube.com\/@acordacidadenoticias\/videos\"><strong>Youtube<\/strong><\/a><em>\u00a0e grupo de\u00a0<\/em><a href=\"https:\/\/t.me\/+sSz0khrgARA0ZmRh\"><strong><em>Telegram<\/em><\/strong><\/a><em>.<\/em><\/p>\n<\/div>\n","protected":false},"excerpt":{"rendered":"<div>\n<div>\n<figure><img decoding=\"async\" src=\"https:\/\/uploads.acordacidade.com.br\/2025\/06\/onibus-em-frente-a-hotel.jpg\" alt=\"\u00f4nibus em frente a hotel\"><figcaption>Foto: Leitor\/Enviada ao Acorda Cidade <\/figcaption><\/figure>\n<\/div>\n<p>Marcelo Alexandrino analisou que a proximidade com o feriado de Corpus Christi favoreceu a ocupa\u00e7\u00e3o por mais dias.<\/p><\/div>\n","protected":false},"author":1,"featured_media":91035,"comment_status":"closed","ping_status":"closed","sticky":false,"template":"","format":"gallery","meta":{"footnotes":""},"categories":[8,9,6,57,56,10],"tags":[],"class_list":["post-91034","post","type-post","status-publish","format-gallery","has-post-thumbnail","hentry","category-bahia","category-brasil","category-feira-de-santana","category-mundo","category-policia","category-politica","post_format-post-format-gallery"],"featured_image_urls":{"full":["https:\/\/noticiasbahia360.com.br\/wp-content\/uploads\/2025\/06\/onibus-em-frente-a-hotel.jpg",1200,675,false],"thumbnail":["https:\/\/noticiasbahia360.com.br\/wp-content\/uploads\/2025\/06\/onibus-em-frente-a-hotel-150x150.jpg",150,150,true],"medium":["https:\/\/noticiasbahia360.com.br\/wp-content\/uploads\/2025\/06\/onibus-em-frente-a-hotel-300x169.jpg",300,169,true],"medium_large":["https:\/\/noticiasbahia360.com.br\/wp-content\/uploads\/2025\/06\/onibus-em-frente-a-hotel-768x432.jpg",640,360,true],"large":["https:\/\/noticiasbahia360.com.br\/wp-content\/uploads\/2025\/06\/onibus-em-frente-a-hotel-1024x576.jpg",640,360,true],"1536x1536":["https:\/\/noticiasbahia360.com.br\/wp-content\/uploads\/2025\/06\/onibus-em-frente-a-hotel.jpg",1200,675,false],"2048x2048":["https:\/\/noticiasbahia360.com.br\/wp-content\/uploads\/2025\/06\/onibus-em-frente-a-hotel.jpg",1200,675,false],"chromenews-featured":["https:\/\/noticiasbahia360.com.br\/wp-content\/uploads\/2025\/06\/onibus-em-frente-a-hotel-1024x576.jpg",1024,576,true],"chromenews-large":["https:\/\/noticiasbahia360.com.br\/wp-content\/uploads\/2025\/06\/onibus-em-frente-a-hotel-825x575.jpg",825,575,true],"chromenews-medium":["https:\/\/noticiasbahia360.com.br\/wp-content\/uploads\/2025\/06\/onibus-em-frente-a-hotel-590x410.jpg",590,410,true]},"author_info":{"display_name":"noticiasbahia360.com.br","author_link":"https:\/\/noticiasbahia360.com.br\/?author=1"},"category_info":"<a href=\"https:\/\/noticiasbahia360.com.br\/?cat=8\" rel=\"category\">Bahia<\/a> <a href=\"https:\/\/noticiasbahia360.com.br\/?cat=9\" rel=\"category\">Brasil<\/a> <a href=\"https:\/\/noticiasbahia360.com.br\/?cat=6\" rel=\"category\">Feira de Santana<\/a> <a href=\"https:\/\/noticiasbahia360.com.br\/?cat=57\" rel=\"category\">Mundo<\/a> <a href=\"https:\/\/noticiasbahia360.com.br\/?cat=56\" rel=\"category\">Pol\u00edcia<\/a> <a href=\"https:\/\/noticiasbahia360.com.br\/?cat=10\" rel=\"category\">Pol\u00edtica<\/a>","tag_info":"Pol\u00edtica","comment_count":"0","_links":{"self":[{"href":"https:\/\/noticiasbahia360.com.br\/index.php?rest_route=\/wp\/v2\/posts\/91034","targetHints":{"allow":["GET"]}}],"collection":[{"href":"https:\/\/noticiasbahia360.com.br\/index.php?rest_route=\/wp\/v2\/posts"}],"about":[{"href":"https:\/\/noticiasbahia360.com.br\/index.php?rest_route=\/wp\/v2\/types\/post"}],"author":[{"embeddable":true,"href":"https:\/\/noticiasbahia360.com.br\/index.php?rest_route=\/wp\/v2\/users\/1"}],"replies":[{"embeddable":true,"href":"https:\/\/noticiasbahia360.com.br\/index.php?rest_route=%2Fwp%2Fv2%2Fcomments&post=91034"}],"version-history":[{"count":0,"href":"https:\/\/noticiasbahia360.com.br\/index.php?rest_route=\/wp\/v2\/posts\/91034\/revisions"}],"wp:featuredmedia":[{"embeddable":true,"href":"https:\/\/noticiasbahia360.com.br\/index.php?rest_route=\/wp\/v2\/media\/91035"}],"wp:attachment":[{"href":"https:\/\/noticiasbahia360.com.br\/index.php?rest_route=%2Fwp%2Fv2%2Fmedia&parent=91034"}],"wp:term":[{"taxonomy":"category","embeddable":true,"href":"https:\/\/noticiasbahia360.com.br\/index.php?rest_route=%2Fwp%2Fv2%2Fcategories&post=91034"},{"taxonomy":"post_tag","embeddable":true,"href":"https:\/\/noticiasbahia360.com.br\/index.php?rest_route=%2Fwp%2Fv2%2Ftags&post=91034"}],"curies":[{"name":"wp","href":"https:\/\/api.w.org\/{rel}","templated":true}]}}