{"id":91037,"date":"2025-06-25T12:36:27","date_gmt":"2025-06-25T15:36:27","guid":{"rendered":"https:\/\/noticiasbahia360.com.br\/?p=91037"},"modified":"2025-06-25T12:36:27","modified_gmt":"2025-06-25T15:36:27","slug":"del-feliz-classifica-adaptacoes-musicais-de-juliette-como-desrespeitosas-as-obras-originais","status":"publish","type":"post","link":"https:\/\/noticiasbahia360.com.br\/?p=91037","title":{"rendered":"Del Feliz classifica adapta\u00e7\u00f5es musicais de Juliette como desrespeitosas \u00e0s obras originais"},"content":{"rendered":"<div>\n<div>\n<figure><img decoding=\"async\" src=\"http:\/\/noticiasbahia360.com.br\/wp-content\/uploads\/2025\/06\/Del-Feliz-Divulgacao.jpg\" alt=\"cantor\"><figcaption>Foto: Divulga\u00e7\u00e3o<\/figcaption><\/figure>\n<\/div>\n<p>Em entrevista ao portal A Tarde, o cantor e compositor <a href=\"https:\/\/www.acordacidade.com.br\/tag\/del-feliz\/\">Del Feliz<\/a> comentou sobre adapta\u00e7\u00f5es de m\u00fasicas cl\u00e1ssicas do forr\u00f3, fazendo refer\u00eancia ao \u00e1lbum \u201cS\u00e3o Ju\u00e3o\u201d da artista e ex-BBB Juliette.<\/p>\n<p>O cantor pontuou que a mistura e experimenta\u00e7\u00e3o \u00e9 bem-vinda na m\u00fasica, desde que a ess\u00eancia das can\u00e7\u00f5es n\u00e3o seja ignorada.<\/p>\n<p>\u201cQuando voc\u00ea faz uma mudan\u00e7a e mexe na letra, diz outras coisas que nada t\u00eam a ver com o que o compositor pensou, a\u00ed eu acho que \u00e9 desrespeitoso. Eu me sentiria muito mal com uma modifica\u00e7\u00e3o dessa natureza em uma m\u00fasica minha\u201d. disse o cantor.<\/p>\n<h2 class=\"wp-block-heading\" id=\"h-releituras-de-juliette\">Releituras de Juliette<\/h2>\n<p>Juliette j\u00e1 foi criticada nas redes sociais por adapta\u00e7\u00f5es de faixas como \u201cVem Morena\u201d e \u201cPagode Russo\u201d. Ela afirmou quis homenagear a cultura do nordeste por meio das releituras que trazem o toque de contemporaneidade.<\/p>\n<p>Del Feliz acrescenta que a m\u00fasica permite misturas e homenagens, por\u00e9m at\u00e9 um certo ponto. \u201cO fato de misturar com outra coisa n\u00e3o determina que voc\u00ea est\u00e1 cometendo um crime. A m\u00fasica permite que as fus\u00f5es aconte\u00e7am em todas as dimens\u00f5es e a diversidade \u00e9 bem-vinda. Agora, acho que o limite de tudo \u00e9 o respeito\u201d, afirmou.<\/p>\n<p>O cantor que se apresentou no Pelourinho em Salvador no S\u00e3o Jo\u00e3o da Bahia, falou na entrevista para o A Tarde sobre a emo\u00e7\u00e3o de se apresentar no local. \u201cAt\u00e9 hoje eu n\u00e3o tinha conseguido fazer aqui no Pelourinho o dia 24 de junho. Ent\u00e3o foi bem especial para mim\u201d, disse.<\/p>\n<p>Ele ressaltou que no seu repert\u00f3rio, abre espa\u00e7o para as fus\u00f5es, mas mant\u00e9m a base do seu show no forr\u00f3 tradicional. \u201cTrago comigo Luiz Gonzaga, Dominguinhos, Trio Nordestino\u2026 Mas tamb\u00e9m fa\u00e7o uma homenagem a Edson Gomes dentro do meu show. O S\u00e3o Jo\u00e3o cabe um pouco de tudo, o problema est\u00e1 na dosagem\u201d, explicou.<\/p>\n<p>Del considera a preserva\u00e7\u00e3o essencial para manter a cultura viva. \u201cO que ainda identifica o S\u00e3o Jo\u00e3o em termos musicais \u00e9 o forr\u00f3 de raiz. A base do meu show vai ser sempre essa. Afinal de contas, \u00e9 o que eu amo fazer, gosto de fazer e sei fazer\u201d, declarou.<\/p>\n<p><em>Siga o Acorda Cidade no<\/em><a href=\"https:\/\/news.google.com\/search?q=acorda%20cidade&amp;hl=pt-BR&amp;gl=BR&amp;ceid=BR%3Apt-419\"><strong><em> Google Not\u00edcias<\/em><\/strong><\/a><em> e receba os principais destaques do dia. Participe tamb\u00e9m dos nossos canais no <\/em><a href=\"https:\/\/whatsapp.com\/channel\/0029Va6Rb4v3WHTNnsh8WI3N\"><strong><em>WhatsApp<\/em><\/strong><\/a><em> e <\/em><a href=\"https:\/\/www.youtube.com\/@acordacidadenoticias\/videos\"><strong>Youtube<\/strong><\/a><em> e grupo de <\/em><a href=\"https:\/\/t.me\/+sSz0khrgARA0ZmRh\"><strong><em>Telegram<\/em><\/strong><\/a><em>.<\/em><\/p>\n<\/div>\n","protected":false},"excerpt":{"rendered":"<div>\n<div>\n<figure><img decoding=\"async\" src=\"https:\/\/uploads.acordacidade.com.br\/wp-content\/uploads\/2024\/04\/26071829\/Del-Feliz-Divulgacao.jpg\" alt=\"cantor\"><figcaption>Foto: Divulga\u00e7\u00e3o<\/figcaption><\/figure>\n<\/div>\n<p>Forrozeiro defende a diversidade musical, mas acredita que \u00e9 necess\u00e1rio manter a ess\u00eancia original<\/p><\/div>\n","protected":false},"author":1,"featured_media":91038,"comment_status":"closed","ping_status":"closed","sticky":false,"template":"","format":"gallery","meta":{"footnotes":""},"categories":[8,9,6,57,56,10],"tags":[],"class_list":["post-91037","post","type-post","status-publish","format-gallery","has-post-thumbnail","hentry","category-bahia","category-brasil","category-feira-de-santana","category-mundo","category-policia","category-politica","post_format-post-format-gallery"],"featured_image_urls":{"full":["https:\/\/noticiasbahia360.com.br\/wp-content\/uploads\/2025\/06\/Del-Feliz-Divulgacao.jpg",640,426,false],"thumbnail":["https:\/\/noticiasbahia360.com.br\/wp-content\/uploads\/2025\/06\/Del-Feliz-Divulgacao-150x150.jpg",150,150,true],"medium":["https:\/\/noticiasbahia360.com.br\/wp-content\/uploads\/2025\/06\/Del-Feliz-Divulgacao-300x200.jpg",300,200,true],"medium_large":["https:\/\/noticiasbahia360.com.br\/wp-content\/uploads\/2025\/06\/Del-Feliz-Divulgacao.jpg",640,426,false],"large":["https:\/\/noticiasbahia360.com.br\/wp-content\/uploads\/2025\/06\/Del-Feliz-Divulgacao.jpg",640,426,false],"1536x1536":["https:\/\/noticiasbahia360.com.br\/wp-content\/uploads\/2025\/06\/Del-Feliz-Divulgacao.jpg",640,426,false],"2048x2048":["https:\/\/noticiasbahia360.com.br\/wp-content\/uploads\/2025\/06\/Del-Feliz-Divulgacao.jpg",640,426,false],"chromenews-featured":["https:\/\/noticiasbahia360.com.br\/wp-content\/uploads\/2025\/06\/Del-Feliz-Divulgacao.jpg",640,426,false],"chromenews-large":["https:\/\/noticiasbahia360.com.br\/wp-content\/uploads\/2025\/06\/Del-Feliz-Divulgacao.jpg",640,426,false],"chromenews-medium":["https:\/\/noticiasbahia360.com.br\/wp-content\/uploads\/2025\/06\/Del-Feliz-Divulgacao-590x410.jpg",590,410,true]},"author_info":{"display_name":"noticiasbahia360.com.br","author_link":"https:\/\/noticiasbahia360.com.br\/?author=1"},"category_info":"<a href=\"https:\/\/noticiasbahia360.com.br\/?cat=8\" rel=\"category\">Bahia<\/a> <a href=\"https:\/\/noticiasbahia360.com.br\/?cat=9\" rel=\"category\">Brasil<\/a> <a href=\"https:\/\/noticiasbahia360.com.br\/?cat=6\" rel=\"category\">Feira de Santana<\/a> <a href=\"https:\/\/noticiasbahia360.com.br\/?cat=57\" rel=\"category\">Mundo<\/a> <a href=\"https:\/\/noticiasbahia360.com.br\/?cat=56\" rel=\"category\">Pol\u00edcia<\/a> <a href=\"https:\/\/noticiasbahia360.com.br\/?cat=10\" rel=\"category\">Pol\u00edtica<\/a>","tag_info":"Pol\u00edtica","comment_count":"0","_links":{"self":[{"href":"https:\/\/noticiasbahia360.com.br\/index.php?rest_route=\/wp\/v2\/posts\/91037","targetHints":{"allow":["GET"]}}],"collection":[{"href":"https:\/\/noticiasbahia360.com.br\/index.php?rest_route=\/wp\/v2\/posts"}],"about":[{"href":"https:\/\/noticiasbahia360.com.br\/index.php?rest_route=\/wp\/v2\/types\/post"}],"author":[{"embeddable":true,"href":"https:\/\/noticiasbahia360.com.br\/index.php?rest_route=\/wp\/v2\/users\/1"}],"replies":[{"embeddable":true,"href":"https:\/\/noticiasbahia360.com.br\/index.php?rest_route=%2Fwp%2Fv2%2Fcomments&post=91037"}],"version-history":[{"count":0,"href":"https:\/\/noticiasbahia360.com.br\/index.php?rest_route=\/wp\/v2\/posts\/91037\/revisions"}],"wp:featuredmedia":[{"embeddable":true,"href":"https:\/\/noticiasbahia360.com.br\/index.php?rest_route=\/wp\/v2\/media\/91038"}],"wp:attachment":[{"href":"https:\/\/noticiasbahia360.com.br\/index.php?rest_route=%2Fwp%2Fv2%2Fmedia&parent=91037"}],"wp:term":[{"taxonomy":"category","embeddable":true,"href":"https:\/\/noticiasbahia360.com.br\/index.php?rest_route=%2Fwp%2Fv2%2Fcategories&post=91037"},{"taxonomy":"post_tag","embeddable":true,"href":"https:\/\/noticiasbahia360.com.br\/index.php?rest_route=%2Fwp%2Fv2%2Ftags&post=91037"}],"curies":[{"name":"wp","href":"https:\/\/api.w.org\/{rel}","templated":true}]}}