{"id":91041,"date":"2025-06-25T13:25:29","date_gmt":"2025-06-25T16:25:29","guid":{"rendered":"https:\/\/noticiasbahia360.com.br\/?p=91041"},"modified":"2025-06-25T13:25:29","modified_gmt":"2025-06-25T16:25:29","slug":"policia-investiga-fuga-de-tres-presos-e-promove-vistoria-em-todas-as-celas-do-conjunto-penal-de-feira-de-santana","status":"publish","type":"post","link":"https:\/\/noticiasbahia360.com.br\/?p=91041","title":{"rendered":"Pol\u00edcia investiga fuga de tr\u00eas presos e promove vistoria em todas as celas do conjunto penal de Feira de Santana"},"content":{"rendered":"<div>\n<div>\n<figure><img decoding=\"async\" src=\"http:\/\/noticiasbahia360.com.br\/wp-content\/uploads\/2025\/06\/conjuntopenaldefeiradesantana_edsantos_acordacidade-3.jpg\" alt=\"fuga de presos do Conjunto Penal de Feira de Santana\"><figcaption>Foto: Ed Santos\/Acorda Cidade<\/figcaption><\/figure>\n<\/div>\n<p>A <a href=\"https:\/\/www.acordacidade.com.br\/tag\/policia-civil\/\">Pol\u00edcia Civil<\/a> de Feira de Santana est\u00e1 investigando como tr\u00eas detentos conseguiram fugir do conjunto penal de Feira de Santana na madrugada desta quarta-feira (25). Todos os fugitivos j\u00e1 foram recapturados. A delegada Klaudine Passos est\u00e1, neste momento, na unidade prisional, que tamb\u00e9m passa por uma vistoria em todas as celas.<\/p>\n<figure class=\"wp-block-image size-full\"><img fetchpriority=\"high\" data-dominant-color=\"7f8181\" data-has-transparency=\"false\" style=\"--dominant-color: #7f8181;\" fetchpriority=\"high\" decoding=\"async\" width=\"1200\" height=\"675\" sizes=\"(max-width: 1200px) 100vw, 1200px\" src=\"http:\/\/noticiasbahia360.com.br\/wp-content\/uploads\/2025\/06\/PWxfy0ZO-conjuntopenaldefeiradesantana_edsantos_acordacidade-1.webp\" alt=\"fuga de presos do Conjunto Penal de Feira de Santana\" class=\"wp-image-569028 not-transparent\" srcset=\"https:\/\/uploads.acordacidade.com.br\/2025\/06\/PWxfy0ZO-conjuntopenaldefeiradesantana_edsantos_acordacidade-1-648x365.webp 648w, https:\/\/uploads.acordacidade.com.br\/2025\/06\/PWxfy0ZO-conjuntopenaldefeiradesantana_edsantos_acordacidade-1-150x84.webp 150w, http:\/\/noticiasbahia360.com.br\/wp-content\/uploads\/2025\/06\/PWxfy0ZO-conjuntopenaldefeiradesantana_edsantos_acordacidade-1.webp 1200w\"><figcaption class=\"wp-element-caption\">Foto: Ed Santos\/Acorda Cidade<\/figcaption><\/figure>\n<p><strong>Os fugitivos foram identificados como Wendson Fiuza de Jesus, conhecido como \u201cB\u00ea\u201d, de 24 anos, que cumpre pena em regime fechado por roubo e est\u00e1 em sua segunda entrada no sistema prisional; Valdemir Ferreira dos Santos, o \u201cKiko\u201d ou \u201cSobrancelas\u201d, de 26 anos, preso por roubo e homic\u00eddio; e Cleyton Gustavo dos Santos Bento, tamb\u00e9m de 24 anos, preso por roubo. Os dois \u00faltimos cumprem pena em regime fechado e est\u00e3o em sua primeira entrada no pres\u00eddio.<\/strong><\/p>\n<p>\u201cChegamos aqui na madrugada ap\u00f3s a not\u00edcia da fuga. A princ\u00edpio, a informa\u00e7\u00e3o era de que quatro presos haviam fugido, mas depois foi identificado que foram tr\u00eas, que j\u00e1 foram devidamente recapturados pela <a href=\"https:\/\/www.acordacidade.com.br\/tag\/policia-militar\/\">Pol\u00edcia Militar<\/a>, em um trabalho conjunto com a Pol\u00edcia Penal e a Pol\u00edcia Civil. Estamos realizando dilig\u00eancias, ouvindo os detentos que ficaram nas celas. Tamb\u00e9m vamos ouvir os que fugiram, e uma vistoria est\u00e1 sendo feita em todas as celas\u201d, afirmou Klaudine.<\/p>\n<figure class=\"wp-block-image size-full\"><img data-dominant-color=\"a9a49b\" data-has-transparency=\"false\" style=\"--dominant-color: #a9a49b;\" decoding=\"async\" width=\"1200\" height=\"675\" sizes=\"(max-width: 1200px) 100vw, 1200px\" src=\"http:\/\/noticiasbahia360.com.br\/wp-content\/uploads\/2025\/06\/zMao1Whv-klaudinepassos_edsantos_acordacidade.webp\" alt=\"Delegada Klaudine Passos fala sobre fuga de presos do Conjunto Penal de Feira de Santana\" class=\"wp-image-569027 not-transparent\" srcset=\"https:\/\/uploads.acordacidade.com.br\/2025\/06\/zMao1Whv-klaudinepassos_edsantos_acordacidade-648x365.webp 648w, https:\/\/uploads.acordacidade.com.br\/2025\/06\/zMao1Whv-klaudinepassos_edsantos_acordacidade-150x84.webp 150w, http:\/\/noticiasbahia360.com.br\/wp-content\/uploads\/2025\/06\/zMao1Whv-klaudinepassos_edsantos_acordacidade.webp 1200w\"><figcaption class=\"wp-element-caption\">Foto: Ed Santos\/Acorda Cidade<\/figcaption><\/figure>\n<p>De acordo com a delegada, os presos que figuram estavam no pavilh\u00e3o 10, onde h\u00e1 presos pertencentes a fac\u00e7\u00f5es distintas. Eles estavam na cela 16. Nove detentos estavam no local e a suspeita \u00e9 que os tr\u00eas tenham fugido atrav\u00e9s de um buraco encontrado na cela. Klaudine Passos destaca que uma per\u00edcia vai confirmar como ocorreu a fuga e disse que os outros detentos informaram que n\u00e3o fugiram, pois preferem sair com os benef\u00edcios pertinentes.<\/p>\n<p>\u201cH\u00e1 um orif\u00edcio na cela, mas n\u00e3o podemos confirmar que foi atrav\u00e9s dele que os presos fugiram, j\u00e1 que precisamos das provas t\u00e9cnicas. Alguns presos dizem uma coisa, outros dizem outra. Estamos apurando os fatos, j\u00e1 que cada interno apresenta uma vers\u00e3o diferente\u201d, destacou Klaudine.<\/p>\n<p>Al\u00e9m disso, a delegada informou que alguns presos relataram que os fugitivos contaram com a ajuda de cordas e ferros para escapar, mas ressaltou que essa informa\u00e7\u00e3o ainda n\u00e3o foi confirmada tecnicamente.<\/p>\n<figure class=\"wp-block-image size-full\"><img data-dominant-color=\"727577\" data-has-transparency=\"false\" style=\"--dominant-color: #727577;\" decoding=\"async\" width=\"1200\" height=\"675\" sizes=\"(max-width: 1200px) 100vw, 1200px\" src=\"http:\/\/noticiasbahia360.com.br\/wp-content\/uploads\/2025\/06\/nB7vDhcf-conjuntopenaldefeiradesantana_edsantos_acordacidade-4.webp\" alt=\"fuga de presos do Conjunto Penal de Feira de Santana\" class=\"wp-image-569029 not-transparent\" srcset=\"https:\/\/uploads.acordacidade.com.br\/2025\/06\/nB7vDhcf-conjuntopenaldefeiradesantana_edsantos_acordacidade-4-648x365.webp 648w, https:\/\/uploads.acordacidade.com.br\/2025\/06\/nB7vDhcf-conjuntopenaldefeiradesantana_edsantos_acordacidade-4-150x84.webp 150w, http:\/\/noticiasbahia360.com.br\/wp-content\/uploads\/2025\/06\/nB7vDhcf-conjuntopenaldefeiradesantana_edsantos_acordacidade-4.webp 1200w\"><figcaption class=\"wp-element-caption\">Foto: Ed Santos\/Acorda Cidade<\/figcaption><\/figure>\n<h2 class=\"wp-block-heading\" id=\"h-detentos-recapturados\">Detentos recapturados<\/h2>\n<p>A delegada explicou como os presos foram recapturados. Segundo ela, eles estavam na localidade de Terra Dura, no distrito de <a href=\"https:\/\/www.acordacidade.com.br\/tag\/humildes\/\">Humildes<\/a>.<\/p>\n<p>\u201cJ\u00e1 sab\u00edamos que eles estavam ali, tentando fugir utilizando um transporte. Estamos ouvindo os presos que permaneceram na cela e, em seguida, vamos conversar com os detentos que fugiram\u201d, disse.<\/p>\n<p>Eles estavam usando as roupas laranjas t\u00edpicas do sistema prisional, o que despertou a desconfian\u00e7a de moradores da regi\u00e3o, que acionaram a administra\u00e7\u00e3o do pres\u00eddio. Os foragidos chegaram a pedir que os moradores chamassem um carro de aplicativo, mas o pedido foi recusado. Antes da chegada da equipe da Pol\u00edcia Penal, os detentos conseguiram trocar de roupa. No entanto, com o uso de drones, os agentes conseguiram localizar os tr\u00eas escondidos em uma \u00e1rea de matagal nas proximidades e efetuaram a recaptura.<\/p>\n<p>O major Djomar, que \u00e9 comandante da CIA de Guarda, respons\u00e1vel por fazer o policiamento da parte externa do conjunto penal de <a href=\"https:\/\/www.acordacidade.com.br\/feira-de-santana\/\">Feira de Santana<\/a>, relatou ao Acorda Cidade as provid\u00eancias que foram tomadas assim que a fuga dos tr\u00eas detentos foi informada.<\/p>\n<p>\u201cAcionamos um protocolo que temos, acionamos nosso grupo de interven\u00e7\u00e3o de resgate prisional, recebemos informa\u00e7\u00f5es do Cicom de que eles estariam na localidade de Terra Dura e deslocamos junto com prepostos da pol\u00edcia penal, onde fizemos as averigua\u00e7\u00f5es e logramos \u00eaxito na recaptura dos tr\u00eas fugitivos\u201d.<\/p>\n<p>Segundo o major, os presos foram encaminhados para a delegacia no conjunto Jomafa para serem ouvidos e explicarem como conseguiram fugir. Ap\u00f3s os exames de les\u00e3o corporal, eles ser\u00e3o recambiados para o conjunto penal. \u201cTemos feito buscas, revistas para acentuar a sensa\u00e7\u00e3o de seguran\u00e7a na \u00e1rea externa do penal\u201d, frisou.<\/p>\n<h2 class=\"wp-block-heading\" id=\"h-quantidade-de-presos-fugitivos\">Quantidade de presos fugitivos<\/h2>\n<p>Sobre a informa\u00e7\u00e3o inicial sobre a quantidade de presos fugitivos, que foi informada como quatro e depois corrigida para tr\u00eas, Klaudine Passos explicou que isso pode ter ocorrido devido \u00e0 din\u00e2mica da unidade prisional.<\/p>\n<p>\u201c\u00c0s vezes, um preso \u00e9 transferido de uma cela para outra por algum motivo, e na listagem constavam quatro nomes, quando, na verdade, eram tr\u00eas, j\u00e1 que o outro havia sido transferido para uma cela diferente.\u201d<\/p>\n<h2 class=\"wp-block-heading\" id=\"h-possibilidade-de-transferencia\">Possibilidade de transfer\u00eancia<\/h2>\n<p>O juiz F\u00e1bio Falc\u00e3o, da Vara de Execu\u00e7\u00f5es Penais, informou ao Acorda Cidade que os presos recapturados poder\u00e3o ser transferidos para um pres\u00eddio que ofere\u00e7a mais seguran\u00e7a e impe\u00e7a novas fugas.<\/p>\n<p><strong>Leia tamb\u00e9m: <a href=\"https:\/\/www.acordacidade.com.br\/policia\/4-detentos-fogem-do-conjunto-penal-de-feira-de-santana-tres-ja-foram-recapturados\/\">3 detentos fogem do Conjunto Penal de Feira de Santana e s\u00e3o recapturados<\/a><\/strong><\/p>\n<p><em>Com informa\u00e7\u00f5es do rep\u00f3rter Ed Santos do Acorda Cidade<\/em><\/p>\n<p><em>Siga o Acorda Cidade no<\/em><a href=\"https:\/\/news.google.com\/search?q=acorda%20cidade&amp;hl=pt-BR&amp;gl=BR&amp;ceid=BR%3Apt-419\"><strong><em>\u00a0Google Not\u00edcias<\/em><\/strong><\/a><em>\u00a0e receba os principais destaques do dia. Participe tamb\u00e9m dos nossos canais no\u00a0<\/em><a href=\"https:\/\/whatsapp.com\/channel\/0029Va6Rb4v3WHTNnsh8WI3N\"><strong><em>WhatsApp<\/em><\/strong><\/a><em>\u00a0e\u00a0<\/em><a href=\"https:\/\/www.youtube.com\/@acordacidadenoticias\/videos\"><strong>Youtube<\/strong><\/a><em>\u00a0e grupo de\u00a0<\/em><a href=\"https:\/\/t.me\/+sSz0khrgARA0ZmRh\"><strong><em>Telegram<\/em><\/strong><\/a><em>.<\/em><\/p>\n<\/div>\n","protected":false},"excerpt":{"rendered":"<div>\n<div>\n<figure><img decoding=\"async\" src=\"https:\/\/uploads.acordacidade.com.br\/2025\/06\/conjuntopenaldefeiradesantana_edsantos_acordacidade-3.jpg\" alt=\"fuga de presos do Conjunto Penal de Feira de Santana\"><figcaption>Foto: Ed Santos\/Acorda Cidade<\/figcaption><\/figure>\n<\/div>\n<p>A Pol\u00edcia Civil de Feira de Santana est\u00e1 investigando como tr\u00eas detentos conseguiram fugir do conjunto penal de Feira de Santana na madrugada desta quarta-feira (25). Todos os fugitivos j\u00e1 foram recapturados. A delegada Klaudine Passos est\u00e1, neste momento, na unidade prisional, que tamb\u00e9m passa por uma vistoria em todas as celas. Os fugitivos foram [\u2026]<\/p><\/div>\n","protected":false},"author":1,"featured_media":91042,"comment_status":"closed","ping_status":"closed","sticky":false,"template":"","format":"gallery","meta":{"footnotes":""},"categories":[8,9,6,57,56,10],"tags":[],"class_list":["post-91041","post","type-post","status-publish","format-gallery","has-post-thumbnail","hentry","category-bahia","category-brasil","category-feira-de-santana","category-mundo","category-policia","category-politica","post_format-post-format-gallery"],"featured_image_urls":{"full":["https:\/\/noticiasbahia360.com.br\/wp-content\/uploads\/2025\/06\/conjuntopenaldefeiradesantana_edsantos_acordacidade-3.jpg",1200,675,false],"thumbnail":["https:\/\/noticiasbahia360.com.br\/wp-content\/uploads\/2025\/06\/conjuntopenaldefeiradesantana_edsantos_acordacidade-3-150x150.jpg",150,150,true],"medium":["https:\/\/noticiasbahia360.com.br\/wp-content\/uploads\/2025\/06\/conjuntopenaldefeiradesantana_edsantos_acordacidade-3-300x169.jpg",300,169,true],"medium_large":["https:\/\/noticiasbahia360.com.br\/wp-content\/uploads\/2025\/06\/conjuntopenaldefeiradesantana_edsantos_acordacidade-3-768x432.jpg",640,360,true],"large":["https:\/\/noticiasbahia360.com.br\/wp-content\/uploads\/2025\/06\/conjuntopenaldefeiradesantana_edsantos_acordacidade-3-1024x576.jpg",640,360,true],"1536x1536":["https:\/\/noticiasbahia360.com.br\/wp-content\/uploads\/2025\/06\/conjuntopenaldefeiradesantana_edsantos_acordacidade-3.jpg",1200,675,false],"2048x2048":["https:\/\/noticiasbahia360.com.br\/wp-content\/uploads\/2025\/06\/conjuntopenaldefeiradesantana_edsantos_acordacidade-3.jpg",1200,675,false],"chromenews-featured":["https:\/\/noticiasbahia360.com.br\/wp-content\/uploads\/2025\/06\/conjuntopenaldefeiradesantana_edsantos_acordacidade-3-1024x576.jpg",1024,576,true],"chromenews-large":["https:\/\/noticiasbahia360.com.br\/wp-content\/uploads\/2025\/06\/conjuntopenaldefeiradesantana_edsantos_acordacidade-3-825x575.jpg",825,575,true],"chromenews-medium":["https:\/\/noticiasbahia360.com.br\/wp-content\/uploads\/2025\/06\/conjuntopenaldefeiradesantana_edsantos_acordacidade-3-590x410.jpg",590,410,true]},"author_info":{"display_name":"noticiasbahia360.com.br","author_link":"https:\/\/noticiasbahia360.com.br\/?author=1"},"category_info":"<a href=\"https:\/\/noticiasbahia360.com.br\/?cat=8\" rel=\"category\">Bahia<\/a> <a href=\"https:\/\/noticiasbahia360.com.br\/?cat=9\" rel=\"category\">Brasil<\/a> <a href=\"https:\/\/noticiasbahia360.com.br\/?cat=6\" rel=\"category\">Feira de Santana<\/a> <a href=\"https:\/\/noticiasbahia360.com.br\/?cat=57\" rel=\"category\">Mundo<\/a> <a href=\"https:\/\/noticiasbahia360.com.br\/?cat=56\" rel=\"category\">Pol\u00edcia<\/a> <a href=\"https:\/\/noticiasbahia360.com.br\/?cat=10\" rel=\"category\">Pol\u00edtica<\/a>","tag_info":"Pol\u00edtica","comment_count":"0","_links":{"self":[{"href":"https:\/\/noticiasbahia360.com.br\/index.php?rest_route=\/wp\/v2\/posts\/91041","targetHints":{"allow":["GET"]}}],"collection":[{"href":"https:\/\/noticiasbahia360.com.br\/index.php?rest_route=\/wp\/v2\/posts"}],"about":[{"href":"https:\/\/noticiasbahia360.com.br\/index.php?rest_route=\/wp\/v2\/types\/post"}],"author":[{"embeddable":true,"href":"https:\/\/noticiasbahia360.com.br\/index.php?rest_route=\/wp\/v2\/users\/1"}],"replies":[{"embeddable":true,"href":"https:\/\/noticiasbahia360.com.br\/index.php?rest_route=%2Fwp%2Fv2%2Fcomments&post=91041"}],"version-history":[{"count":0,"href":"https:\/\/noticiasbahia360.com.br\/index.php?rest_route=\/wp\/v2\/posts\/91041\/revisions"}],"wp:featuredmedia":[{"embeddable":true,"href":"https:\/\/noticiasbahia360.com.br\/index.php?rest_route=\/wp\/v2\/media\/91042"}],"wp:attachment":[{"href":"https:\/\/noticiasbahia360.com.br\/index.php?rest_route=%2Fwp%2Fv2%2Fmedia&parent=91041"}],"wp:term":[{"taxonomy":"category","embeddable":true,"href":"https:\/\/noticiasbahia360.com.br\/index.php?rest_route=%2Fwp%2Fv2%2Fcategories&post=91041"},{"taxonomy":"post_tag","embeddable":true,"href":"https:\/\/noticiasbahia360.com.br\/index.php?rest_route=%2Fwp%2Fv2%2Ftags&post=91041"}],"curies":[{"name":"wp","href":"https:\/\/api.w.org\/{rel}","templated":true}]}}