{"id":91046,"date":"2025-06-25T14:46:04","date_gmt":"2025-06-25T17:46:04","guid":{"rendered":"https:\/\/noticiasbahia360.com.br\/?p=91046"},"modified":"2025-06-25T14:46:04","modified_gmt":"2025-06-25T17:46:04","slug":"de-pedro-a-leao-xiv","status":"publish","type":"post","link":"https:\/\/noticiasbahia360.com.br\/?p=91046","title":{"rendered":"De Pedro A Le\u00e3o XIV"},"content":{"rendered":"<div>\n<div>\n<figure><img decoding=\"async\" src=\"http:\/\/noticiasbahia360.com.br\/wp-content\/uploads\/2025\/06\/saopedro_reproducao.jpg\" alt=\"\"><figcaption>Foto: Reprodu\u00e7\u00e3o<\/figcaption><\/figure>\n<\/div>\n<p><strong>Junho, m\u00eas dos santos festivos, Santo Ant\u00f4nio, S\u00e3o Jo\u00e3o e S\u00e3o Pedro est\u00e1 chegando ao fim. Ap\u00f3s as comemora\u00e7\u00f5es dos dois primeiros, resta, agora, celebrar S\u00e3o Pedro, que a <a href=\"https:\/\/www.acordacidade.com.br\/tag\/igreja-catolica\/\">Igreja Cat\u00f3lica<\/a>, neste ano, festeja no pr\u00f3ximo domingo. Depois de Jesus, Pedro \u00e9 o personagem mais conhecido no Novo Testamento. Com diferentes nomes, \u00e9 citado 154 vezes.\u00a0<\/strong><\/p>\n<p><strong>A VOCA\u00c7\u00c3O <\/strong>de Pedro acontece \u00e0s margens do Lago de Genesar\u00e9, quando Jesus, depois dos ap\u00f3stolos terem passado a noite inteira sem nada pescar, lhes encheu os barcos de peixes. Naquele momento, Jesus disse a Pedro: \u201cN\u00e3o tenhas medo, de agora em diante, ser\u00e1s pescador de homens\u201d (Lc. 5,10). Essas palavras valeram para os outros companheiros de Pedro que, tamb\u00e9m, deixaram as redes e seguiram a Jesus.<\/p>\n<p><strong>OS EVANGELHOS <\/strong>revelam<strong> <\/strong>duas caracter\u00edsticas muito distintas de Pedro. De um lado, \u00e9 aquele que se recusou a ter os p\u00e9s lavados por Jesus e o negou tr\u00eas vezes. Por\u00e9m, Pedro, tamb\u00e9m, deixou as redes e o barco, para seguir o Mestre, chorou arrependido por sua fraqueza, e, enfim, deu sua vida no mart\u00edrio, morrendo por anunciar, com coragem, o Evangelho de Jesus.\u00a0<\/p>\n<p><strong>S\u00c3O PEDRO<\/strong> \u00e9 invocado como protetor de diversos grupos: Os pescadores o comemoram porque ele era pescador. Vi\u00favos e vi\u00favas tem nele sua prote\u00e7\u00e3o porque Pedro era vi\u00favo. Porteiros e pessoas que fazem promessas para conseguirem moradia, tamb\u00e9m o t\u00eam como padroeiro, porque Jesus concedeu o poder das \u201cchaves do c\u00e9u\u201d a Pedro. Al\u00e9m disso, \u00e9 o padroeiro da Igreja Cat\u00f3lica.<\/p>\n<p><strong>POR QUE<\/strong> a imagem de S\u00e3o Pedro traz chaves nas m\u00e3os? Como a Igreja n\u00e3o tem fotografias dos ap\u00f3stolos identifica-os por s\u00edmbolos. S\u00e3o Pedro \u00e9 identificado pelas chaves, lembrando que Jesus lhe dissera: \u201cEu te darei as chaves do Reino dos C\u00e9us: Tudo o que ligares na terra, ser\u00e1 ligado nos c\u00e9us, e tudo o que desligares na terra, ser\u00e1 desligado nos c\u00e9us\u201d (Mt. 16,19).\u00a0 Jesus lhe confia a dire\u00e7\u00e3o da Igreja Cat\u00f3lica e o nomeia o primeiro Papa.\u00a0\u00a0<\/p>\n<p><strong>O PAPA<\/strong> Le\u00e3o XIV, hoje, \u00e9 o sucessor de Pedro no governo da Igreja. De Pedro ao Papa Le\u00e3o, a Igreja teve 267 Papas. O Papa \u00e9 o representante de Cristo no mundo, o bom pastor, denunciador de injusti\u00e7as, profeta da vida e da esperan\u00e7a, peregrino da paz e da fraternidade, servidor dos servidores de Deus. \u201cQue o Senhor o conserve, d\u00ea longa vida e o fa\u00e7a feliz na terra e jamais permita que as for\u00e7as inimigas prevale\u00e7am contra ele\u201d.<\/p>\n<p class=\"has-text-align-center\">Dom Itamar Vian<br \/>Arcebispo Em\u00e9rito<br \/>di.vianfs@ig.com.br<\/p>\n<\/div>\n","protected":false},"excerpt":{"rendered":"<div>\n<div>\n<figure><img decoding=\"async\" src=\"https:\/\/uploads.acordacidade.com.br\/2025\/06\/saopedro_reproducao.jpg\" alt=\"\"><figcaption>Foto: Reprodu\u00e7\u00e3o<\/figcaption><\/figure>\n<\/div>\n<p>Junho, m\u00eas dos santos festivos, Santo Ant\u00f4nio, S\u00e3o Jo\u00e3o e S\u00e3o Pedro est\u00e1 chegando ao fim. Ap\u00f3s as comemora\u00e7\u00f5es dos dois primeiros, resta, agora, celebrar S\u00e3o Pedro, que a Igreja Cat\u00f3lica, neste ano, festeja no pr\u00f3ximo domingo. Depois de Jesus, Pedro \u00e9 o personagem mais conhecido no Novo Testamento. Com diferentes nomes, \u00e9 citado 154 [\u2026]<\/p><\/div>\n","protected":false},"author":1,"featured_media":91047,"comment_status":"closed","ping_status":"closed","sticky":false,"template":"","format":"gallery","meta":{"footnotes":""},"categories":[8,9,6,57,56,10],"tags":[],"class_list":["post-91046","post","type-post","status-publish","format-gallery","has-post-thumbnail","hentry","category-bahia","category-brasil","category-feira-de-santana","category-mundo","category-policia","category-politica","post_format-post-format-gallery"],"featured_image_urls":{"full":["https:\/\/noticiasbahia360.com.br\/wp-content\/uploads\/2025\/06\/saopedro_reproducao.jpg",1200,668,false],"thumbnail":["https:\/\/noticiasbahia360.com.br\/wp-content\/uploads\/2025\/06\/saopedro_reproducao-150x150.jpg",150,150,true],"medium":["https:\/\/noticiasbahia360.com.br\/wp-content\/uploads\/2025\/06\/saopedro_reproducao-300x167.jpg",300,167,true],"medium_large":["https:\/\/noticiasbahia360.com.br\/wp-content\/uploads\/2025\/06\/saopedro_reproducao-768x428.jpg",640,357,true],"large":["https:\/\/noticiasbahia360.com.br\/wp-content\/uploads\/2025\/06\/saopedro_reproducao-1024x570.jpg",640,356,true],"1536x1536":["https:\/\/noticiasbahia360.com.br\/wp-content\/uploads\/2025\/06\/saopedro_reproducao.jpg",1200,668,false],"2048x2048":["https:\/\/noticiasbahia360.com.br\/wp-content\/uploads\/2025\/06\/saopedro_reproducao.jpg",1200,668,false],"chromenews-featured":["https:\/\/noticiasbahia360.com.br\/wp-content\/uploads\/2025\/06\/saopedro_reproducao-1024x570.jpg",1024,570,true],"chromenews-large":["https:\/\/noticiasbahia360.com.br\/wp-content\/uploads\/2025\/06\/saopedro_reproducao-825x575.jpg",825,575,true],"chromenews-medium":["https:\/\/noticiasbahia360.com.br\/wp-content\/uploads\/2025\/06\/saopedro_reproducao-590x410.jpg",590,410,true]},"author_info":{"display_name":"noticiasbahia360.com.br","author_link":"https:\/\/noticiasbahia360.com.br\/?author=1"},"category_info":"<a href=\"https:\/\/noticiasbahia360.com.br\/?cat=8\" rel=\"category\">Bahia<\/a> <a href=\"https:\/\/noticiasbahia360.com.br\/?cat=9\" rel=\"category\">Brasil<\/a> <a href=\"https:\/\/noticiasbahia360.com.br\/?cat=6\" rel=\"category\">Feira de Santana<\/a> <a href=\"https:\/\/noticiasbahia360.com.br\/?cat=57\" rel=\"category\">Mundo<\/a> <a href=\"https:\/\/noticiasbahia360.com.br\/?cat=56\" rel=\"category\">Pol\u00edcia<\/a> <a href=\"https:\/\/noticiasbahia360.com.br\/?cat=10\" rel=\"category\">Pol\u00edtica<\/a>","tag_info":"Pol\u00edtica","comment_count":"0","_links":{"self":[{"href":"https:\/\/noticiasbahia360.com.br\/index.php?rest_route=\/wp\/v2\/posts\/91046","targetHints":{"allow":["GET"]}}],"collection":[{"href":"https:\/\/noticiasbahia360.com.br\/index.php?rest_route=\/wp\/v2\/posts"}],"about":[{"href":"https:\/\/noticiasbahia360.com.br\/index.php?rest_route=\/wp\/v2\/types\/post"}],"author":[{"embeddable":true,"href":"https:\/\/noticiasbahia360.com.br\/index.php?rest_route=\/wp\/v2\/users\/1"}],"replies":[{"embeddable":true,"href":"https:\/\/noticiasbahia360.com.br\/index.php?rest_route=%2Fwp%2Fv2%2Fcomments&post=91046"}],"version-history":[{"count":0,"href":"https:\/\/noticiasbahia360.com.br\/index.php?rest_route=\/wp\/v2\/posts\/91046\/revisions"}],"wp:featuredmedia":[{"embeddable":true,"href":"https:\/\/noticiasbahia360.com.br\/index.php?rest_route=\/wp\/v2\/media\/91047"}],"wp:attachment":[{"href":"https:\/\/noticiasbahia360.com.br\/index.php?rest_route=%2Fwp%2Fv2%2Fmedia&parent=91046"}],"wp:term":[{"taxonomy":"category","embeddable":true,"href":"https:\/\/noticiasbahia360.com.br\/index.php?rest_route=%2Fwp%2Fv2%2Fcategories&post=91046"},{"taxonomy":"post_tag","embeddable":true,"href":"https:\/\/noticiasbahia360.com.br\/index.php?rest_route=%2Fwp%2Fv2%2Ftags&post=91046"}],"curies":[{"name":"wp","href":"https:\/\/api.w.org\/{rel}","templated":true}]}}