{"id":91051,"date":"2025-06-25T15:07:35","date_gmt":"2025-06-25T18:07:35","guid":{"rendered":"https:\/\/noticiasbahia360.com.br\/?p=91051"},"modified":"2025-06-25T15:07:35","modified_gmt":"2025-06-25T18:07:35","slug":"tres-pessoas-morrem-em-acidentes-durante-operacao-festejos-juninos-nas-rodovias-federais-de-feira-de-santana","status":"publish","type":"post","link":"https:\/\/noticiasbahia360.com.br\/?p=91051","title":{"rendered":"Tr\u00eas pessoas morrem em acidentes durante Opera\u00e7\u00e3o Festejos Juninos nas rodovias federais de Feira de Santana"},"content":{"rendered":"<div>\n<div>\n<figure><img decoding=\"async\" src=\"http:\/\/noticiasbahia360.com.br\/wp-content\/uploads\/2025\/06\/operacaofestejosjuninos_prf_foto_edantos_acordacidade-1.jpg\" alt=\"Opera\u00e7\u00e3o Festejos Juninos 2025\"><figcaption>Foto: Ed Santos\/Acorda Cidade<\/figcaption><\/figure>\n<\/div>\n<p>A Opera\u00e7\u00e3o Festejos Juninos 2024, realizada pela Pol\u00edcia Rodovi\u00e1ria Federal (PRF) nas rodovias que cortam Feira de Santana, registrou um saldo preocupante: tr\u00eas pessoas morreram em nove acidentes contabilizados entre os dias 18 e 25 de junho. Os dados foram divulgados pela inspetora da PRF, L\u00edvia Marcelino.<\/p>\n<p>Durante o per\u00edodo, foram fiscalizadas 1.070 pessoas e 898 ve\u00edculos. Al\u00e9m disso, foram realizados 838 testes de alcoolemia. Dos nove sinistros registrados, quatro foram considerados graves, sendo que tr\u00eas deles resultaram em mortes.<\/p>\n<p>Segundo a inspetora, o que chama aten\u00e7\u00e3o \u00e9 o perfil dos acidentes fatais. Dois envolveram pedestres durante tentativas de travessia no Anel de Contorno, trecho que, apesar do refor\u00e7o na fiscaliza\u00e7\u00e3o, segue como ponto cr\u00edtico.<\/p>\n<figure class=\"wp-block-image size-full\"><img fetchpriority=\"high\" data-dominant-color=\"818484\" data-has-transparency=\"false\" style=\"--dominant-color: #818484;\" fetchpriority=\"high\" decoding=\"async\" width=\"1200\" height=\"675\" sizes=\"(max-width: 1200px) 100vw, 1200px\" src=\"http:\/\/noticiasbahia360.com.br\/wp-content\/uploads\/2025\/06\/4SrjnfTu-liviamarcelino_operacaofestejosjuninos_prf_foto_edantos_acordacidade-1.webp\" alt=\"Inspetora L\u00edvia Marcelino - Opera\u00e7\u00e3o Festejos Juninos 2025\" class=\"wp-image-566696 not-transparent\" srcset=\"https:\/\/uploads.acordacidade.com.br\/2025\/06\/4SrjnfTu-liviamarcelino_operacaofestejosjuninos_prf_foto_edantos_acordacidade-648x365.webp 648w, https:\/\/uploads.acordacidade.com.br\/2025\/06\/4SrjnfTu-liviamarcelino_operacaofestejosjuninos_prf_foto_edantos_acordacidade-150x84.webp 150w, http:\/\/noticiasbahia360.com.br\/wp-content\/uploads\/2025\/06\/4SrjnfTu-liviamarcelino_operacaofestejosjuninos_prf_foto_edantos_acordacidade-1.webp 1200w\"><figcaption class=\"wp-element-caption\">Inspetora Livia Marcelino \u2013 Foto: Ed Santos\/Acorda Cidade<\/figcaption><\/figure>\n<p>\u201cTivemos uma equipe dedicada exclusivamente ao trecho entre os bairros Santa M\u00f4nica e Cidade Nova, mas infelizmente n\u00e3o foi suficiente para evitar essas ocorr\u00eancias\u201d, destacou a inspetora.<\/p>\n<p>Entre as v\u00edtimas, est\u00e3o um <a href=\"https:\/\/www.acordacidade.com.br\/feira-de-santana\/acidentes\/vendedor-de-lanches-morre-apos-ser-atropelado-na-av-eduardo-froes-da-mota\/\">vendedor de lanches que empurrava sua bicicleta ao atravessar a via<\/a>, e um condutor que, ap\u00f3s estacionar o ve\u00edculo, foi atropelado tamb\u00e9m durante a travessia. A terceira morte ocorreu em uma colis\u00e3o entre uma motocicleta e um autom\u00f3vel.<\/p>\n<p>A inspetora ressaltou que, embora a fiscaliza\u00e7\u00e3o tenha sido intensificada, \u00e9 fundamental que haja maior conscientiza\u00e7\u00e3o da popula\u00e7\u00e3o quanto \u00e0 travessia segura. \u201cO Anel de Contorno exige melhorias estruturais, mas, diante da realidade atual, a aten\u00e7\u00e3o e o cuidado no momento da travessia s\u00e3o indispens\u00e1veis\u201d, alertou.<\/p>\n<p>A opera\u00e7\u00e3o se estende at\u00e9 a noite do dia 25 de junho, com expectativa de movimento intenso tamb\u00e9m nas primeiras horas do dia 26.<\/p>\n<p><em>Com informa\u00e7\u00f5es da jornalista Iasmim Santos do Acorda Cidade<\/em><\/p>\n<p><strong>Leia tamb\u00e9m:<\/strong><\/p>\n<p><a href=\"https:\/\/www.acordacidade.com.br\/feira-de-santana\/acidente-idoso-morre-atropelado-por-motocicleta-na-avenida-eduardo-froes-da-mota\/\">Acidente: idoso morre atropelado por motocicleta na Avenida Eduardo Fr\u00f3es da Mota<\/a><\/p>\n<p><a href=\"https:\/\/www.acordacidade.com.br\/feira-de-santana\/acidentes\/vendedor-de-lanches-morre-apos-ser-atropelado-na-av-eduardo-froes-da-mota\/\">Vendedor de lanches morre ap\u00f3s ser atropelado na Avenida Eduardo Fr\u00f3es da Mota<\/a><\/p>\n<p><em>Siga o Acorda Cidade no<\/em><a href=\"https:\/\/news.google.com\/search?q=acorda%20cidade&amp;hl=pt-BR&amp;gl=BR&amp;ceid=BR%3Apt-419\"><strong><em> Google Not\u00edcias<\/em><\/strong><\/a><em> e receba os principais destaques do dia. Participe tamb\u00e9m dos nossos canais no <\/em><a href=\"https:\/\/whatsapp.com\/channel\/0029Va6Rb4v3WHTNnsh8WI3N\"><strong><em>WhatsApp<\/em><\/strong><\/a><em> e <\/em><a href=\"https:\/\/www.youtube.com\/@acordacidadenoticias\/videos\"><strong>Youtube<\/strong><\/a><em> e grupo de <\/em><a href=\"https:\/\/t.me\/+sSz0khrgARA0ZmRh\"><strong><em>Telegram<\/em><\/strong><\/a><em>.<\/em><\/p>\n<\/div>\n","protected":false},"excerpt":{"rendered":"<div>\n<div>\n<figure><img decoding=\"async\" src=\"https:\/\/uploads.acordacidade.com.br\/2025\/06\/operacaofestejosjuninos_prf_foto_edantos_acordacidade.jpg\" alt=\"Opera\u00e7\u00e3o Festejos Juninos 2025\"><figcaption>Foto: Ed Santos\/Acorda Cidade<\/figcaption><\/figure>\n<\/div>\n<p>Segundo a inspetora, o que chama aten\u00e7\u00e3o \u00e9 o perfil dos acidentes fatais.<\/p><\/div>\n","protected":false},"author":1,"featured_media":91052,"comment_status":"closed","ping_status":"closed","sticky":false,"template":"","format":"gallery","meta":{"footnotes":""},"categories":[8,9,6,57,56,10],"tags":[],"class_list":["post-91051","post","type-post","status-publish","format-gallery","has-post-thumbnail","hentry","category-bahia","category-brasil","category-feira-de-santana","category-mundo","category-policia","category-politica","post_format-post-format-gallery"],"featured_image_urls":{"full":["https:\/\/noticiasbahia360.com.br\/wp-content\/uploads\/2025\/06\/operacaofestejosjuninos_prf_foto_edantos_acordacidade-1.jpg",1200,675,false],"thumbnail":["https:\/\/noticiasbahia360.com.br\/wp-content\/uploads\/2025\/06\/operacaofestejosjuninos_prf_foto_edantos_acordacidade-1-150x150.jpg",150,150,true],"medium":["https:\/\/noticiasbahia360.com.br\/wp-content\/uploads\/2025\/06\/operacaofestejosjuninos_prf_foto_edantos_acordacidade-1-300x169.jpg",300,169,true],"medium_large":["https:\/\/noticiasbahia360.com.br\/wp-content\/uploads\/2025\/06\/operacaofestejosjuninos_prf_foto_edantos_acordacidade-1-768x432.jpg",640,360,true],"large":["https:\/\/noticiasbahia360.com.br\/wp-content\/uploads\/2025\/06\/operacaofestejosjuninos_prf_foto_edantos_acordacidade-1-1024x576.jpg",640,360,true],"1536x1536":["https:\/\/noticiasbahia360.com.br\/wp-content\/uploads\/2025\/06\/operacaofestejosjuninos_prf_foto_edantos_acordacidade-1.jpg",1200,675,false],"2048x2048":["https:\/\/noticiasbahia360.com.br\/wp-content\/uploads\/2025\/06\/operacaofestejosjuninos_prf_foto_edantos_acordacidade-1.jpg",1200,675,false],"chromenews-featured":["https:\/\/noticiasbahia360.com.br\/wp-content\/uploads\/2025\/06\/operacaofestejosjuninos_prf_foto_edantos_acordacidade-1-1024x576.jpg",1024,576,true],"chromenews-large":["https:\/\/noticiasbahia360.com.br\/wp-content\/uploads\/2025\/06\/operacaofestejosjuninos_prf_foto_edantos_acordacidade-1-825x575.jpg",825,575,true],"chromenews-medium":["https:\/\/noticiasbahia360.com.br\/wp-content\/uploads\/2025\/06\/operacaofestejosjuninos_prf_foto_edantos_acordacidade-1-590x410.jpg",590,410,true]},"author_info":{"display_name":"noticiasbahia360.com.br","author_link":"https:\/\/noticiasbahia360.com.br\/?author=1"},"category_info":"<a href=\"https:\/\/noticiasbahia360.com.br\/?cat=8\" rel=\"category\">Bahia<\/a> <a href=\"https:\/\/noticiasbahia360.com.br\/?cat=9\" rel=\"category\">Brasil<\/a> <a href=\"https:\/\/noticiasbahia360.com.br\/?cat=6\" rel=\"category\">Feira de Santana<\/a> <a href=\"https:\/\/noticiasbahia360.com.br\/?cat=57\" rel=\"category\">Mundo<\/a> <a href=\"https:\/\/noticiasbahia360.com.br\/?cat=56\" rel=\"category\">Pol\u00edcia<\/a> <a href=\"https:\/\/noticiasbahia360.com.br\/?cat=10\" rel=\"category\">Pol\u00edtica<\/a>","tag_info":"Pol\u00edtica","comment_count":"0","_links":{"self":[{"href":"https:\/\/noticiasbahia360.com.br\/index.php?rest_route=\/wp\/v2\/posts\/91051","targetHints":{"allow":["GET"]}}],"collection":[{"href":"https:\/\/noticiasbahia360.com.br\/index.php?rest_route=\/wp\/v2\/posts"}],"about":[{"href":"https:\/\/noticiasbahia360.com.br\/index.php?rest_route=\/wp\/v2\/types\/post"}],"author":[{"embeddable":true,"href":"https:\/\/noticiasbahia360.com.br\/index.php?rest_route=\/wp\/v2\/users\/1"}],"replies":[{"embeddable":true,"href":"https:\/\/noticiasbahia360.com.br\/index.php?rest_route=%2Fwp%2Fv2%2Fcomments&post=91051"}],"version-history":[{"count":0,"href":"https:\/\/noticiasbahia360.com.br\/index.php?rest_route=\/wp\/v2\/posts\/91051\/revisions"}],"wp:featuredmedia":[{"embeddable":true,"href":"https:\/\/noticiasbahia360.com.br\/index.php?rest_route=\/wp\/v2\/media\/91052"}],"wp:attachment":[{"href":"https:\/\/noticiasbahia360.com.br\/index.php?rest_route=%2Fwp%2Fv2%2Fmedia&parent=91051"}],"wp:term":[{"taxonomy":"category","embeddable":true,"href":"https:\/\/noticiasbahia360.com.br\/index.php?rest_route=%2Fwp%2Fv2%2Fcategories&post=91051"},{"taxonomy":"post_tag","embeddable":true,"href":"https:\/\/noticiasbahia360.com.br\/index.php?rest_route=%2Fwp%2Fv2%2Ftags&post=91051"}],"curies":[{"name":"wp","href":"https:\/\/api.w.org\/{rel}","templated":true}]}}