{"id":91056,"date":"2025-06-25T15:46:47","date_gmt":"2025-06-25T18:46:47","guid":{"rendered":"https:\/\/noticiasbahia360.com.br\/?p=91056"},"modified":"2025-06-25T15:46:47","modified_gmt":"2025-06-25T18:46:47","slug":"petrobras-anuncia-doacao-de-ate-5-mil-computadores-para-escolas-municipais-e-instituicoes-do-3o-setor","status":"publish","type":"post","link":"https:\/\/noticiasbahia360.com.br\/?p=91056","title":{"rendered":"Petrobras anuncia doa\u00e7\u00e3o de at\u00e9 5 mil computadores para escolas municipais e institui\u00e7\u00f5es do 3\u00ba setor"},"content":{"rendered":"<div>\n<div>\n<figure><img decoding=\"async\" src=\"http:\/\/noticiasbahia360.com.br\/wp-content\/uploads\/2025\/06\/petrobras.jpg\" alt=\"Petrobras reduz pre\u00e7o do diesel em R$ 0,12 para distribuidoras\"><figcaption>Foto: Petrobras\/ Divulga\u00e7\u00e3o<\/figcaption><\/figure>\n<\/div>\n<p>A Petrobras ir\u00e1 doar at\u00e9 5 mil computadores no segundo semestre de 2025 para <a href=\"https:\/\/www.acordacidade.com.br\/tag\/escolas-publicas\/\">escolas p\u00fablicas<\/a> municipais e institui\u00e7\u00f5es do terceiro setor. A companhia lan\u00e7ou chamadas p\u00fablicas para que essas organiza\u00e7\u00f5es se candidatem ao recebimento de notebooks, que dever\u00e3o ser utilizados em atividades pedag\u00f3gicas e de educa\u00e7\u00e3o digital, procurando ampliar a inclus\u00e3o digital.<\/p>\n<p>S\u00e3o duas chamadas p\u00fablicas distintas: uma voltada para escolas p\u00fablicas municipais localizadas nos estados do Amap\u00e1, Amazonas, Bahia, Minas Gerais, Par\u00e1, Paran\u00e1, Pernambuco e Rio Grande do Sul; outra para institui\u00e7\u00f5es do terceiro setor que participam dos comit\u00eas comunit\u00e1rios ativos da Petrobras, que s\u00e3o f\u00f3runs de di\u00e1logo e aproxima\u00e7\u00e3o entre a empresa e as comunidades da \u00e1rea de abrang\u00eancia das suas opera\u00e7\u00f5es.<\/p>\n<p>Para se qualificarem \u00e0s doa\u00e7\u00f5es, as escolas devem ser p\u00fablicas municipais, atender \u00e0 educa\u00e7\u00e3o infantil, fundamental, m\u00e9dio ou Educa\u00e7\u00e3o de Jovens e Adultos (EJA), e estar localizadas em comunidades dentro da \u00e1rea de abrang\u00eancia das atividades da Petrobras, conforme especificado no edital. Para viabilizar a log\u00edstica das doa\u00e7\u00f5es, \u00e9 necess\u00e1rio que sejam acess\u00edveis por carro ou que ofere\u00e7am condi\u00e7\u00f5es vi\u00e1veis para o transporte dos equipamentos.<\/p>\n<p>No caso das institui\u00e7\u00f5es do terceiro setor, os crit\u00e9rios incluem ser uma entidade sem fins lucrativos, ter participado recentemente de reuni\u00f5es dos Comit\u00eas Comunit\u00e1rios ativos da Petrobras, e ter possibilidade de retirar e transportar os equipamentos doados das instala\u00e7\u00f5es da Petrobras at\u00e9 o local onde ser\u00e3o utilizados. N\u00e3o ser\u00e3o aceitas inscri\u00e7\u00f5es de institui\u00e7\u00f5es que j\u00e1 tenham patroc\u00ednios ativos da empresa.<\/p>\n<p>As inscri\u00e7\u00f5es para ambas as chamadas est\u00e3o abertas at\u00e9 30 de junho. Os interessados podem acessar os editais e se inscrever por meio do link: <a href=\"https:\/\/click.cse360.com.br\/Click\/AddCampaignEmailClick\/9a86603f-b236-4e91-a704-08ddae9e839f\/https%253a%252f%252fpetrobras.com.br%252fnegocios%252fdoacao-de-bens\/aceed035-1e06-4733-f543-08d7c5ff26d1\/andreatrindade@acordacidade.com.br\/True\" target=\"_blank\" rel=\"noreferrer noopener\">https:\/\/petrobras.com.br\/negocios\/doacao-de-bens<\/a>.<\/p>\n<p><em>Siga o Acorda Cidade no<\/em><a href=\"https:\/\/news.google.com\/search?q=acorda%20cidade&amp;hl=pt-BR&amp;gl=BR&amp;ceid=BR%3Apt-419\"><strong><em> Google Not\u00edcias<\/em><\/strong><\/a><em> e receba os principais destaques do dia. Participe tamb\u00e9m dos nossos canais no <\/em><a href=\"https:\/\/whatsapp.com\/channel\/0029Va6Rb4v3WHTNnsh8WI3N\"><strong><em>WhatsApp<\/em><\/strong><\/a><em> e <\/em><a href=\"https:\/\/www.youtube.com\/@acordacidadenoticias\/videos\"><strong>Youtube<\/strong><\/a><em> e grupo de <\/em><a href=\"https:\/\/t.me\/+sSz0khrgARA0ZmRh\"><strong><em>Telegram<\/em><\/strong><\/a><em>.<\/em><\/p>\n<\/div>\n","protected":false},"excerpt":{"rendered":"<div>\n<div>\n<figure><img decoding=\"async\" src=\"https:\/\/uploads.acordacidade.com.br\/2025\/04\/petrobras.jpg\" alt=\"Petrobras reduz pre\u00e7o do diesel em R$ 0,12 para distribuidoras\"><figcaption>Foto: Petrobras\/ Divulga\u00e7\u00e3o<\/figcaption><\/figure>\n<\/div>\n<p>Ser\u00e3o duas chamadas p\u00fablicas distintas<\/p><\/div>\n","protected":false},"author":1,"featured_media":91057,"comment_status":"closed","ping_status":"closed","sticky":false,"template":"","format":"gallery","meta":{"footnotes":""},"categories":[8,9,6,57,56,10],"tags":[],"class_list":["post-91056","post","type-post","status-publish","format-gallery","has-post-thumbnail","hentry","category-bahia","category-brasil","category-feira-de-santana","category-mundo","category-policia","category-politica","post_format-post-format-gallery"],"featured_image_urls":{"full":["https:\/\/noticiasbahia360.com.br\/wp-content\/uploads\/2025\/06\/petrobras.jpg",1170,700,false],"thumbnail":["https:\/\/noticiasbahia360.com.br\/wp-content\/uploads\/2025\/06\/petrobras-150x150.jpg",150,150,true],"medium":["https:\/\/noticiasbahia360.com.br\/wp-content\/uploads\/2025\/06\/petrobras-300x179.jpg",300,179,true],"medium_large":["https:\/\/noticiasbahia360.com.br\/wp-content\/uploads\/2025\/06\/petrobras-768x459.jpg",640,383,true],"large":["https:\/\/noticiasbahia360.com.br\/wp-content\/uploads\/2025\/06\/petrobras-1024x613.jpg",640,383,true],"1536x1536":["https:\/\/noticiasbahia360.com.br\/wp-content\/uploads\/2025\/06\/petrobras.jpg",1170,700,false],"2048x2048":["https:\/\/noticiasbahia360.com.br\/wp-content\/uploads\/2025\/06\/petrobras.jpg",1170,700,false],"chromenews-featured":["https:\/\/noticiasbahia360.com.br\/wp-content\/uploads\/2025\/06\/petrobras-1024x613.jpg",1024,613,true],"chromenews-large":["https:\/\/noticiasbahia360.com.br\/wp-content\/uploads\/2025\/06\/petrobras-825x575.jpg",825,575,true],"chromenews-medium":["https:\/\/noticiasbahia360.com.br\/wp-content\/uploads\/2025\/06\/petrobras-590x410.jpg",590,410,true]},"author_info":{"display_name":"noticiasbahia360.com.br","author_link":"https:\/\/noticiasbahia360.com.br\/?author=1"},"category_info":"<a href=\"https:\/\/noticiasbahia360.com.br\/?cat=8\" rel=\"category\">Bahia<\/a> <a href=\"https:\/\/noticiasbahia360.com.br\/?cat=9\" rel=\"category\">Brasil<\/a> <a href=\"https:\/\/noticiasbahia360.com.br\/?cat=6\" rel=\"category\">Feira de Santana<\/a> <a href=\"https:\/\/noticiasbahia360.com.br\/?cat=57\" rel=\"category\">Mundo<\/a> <a href=\"https:\/\/noticiasbahia360.com.br\/?cat=56\" rel=\"category\">Pol\u00edcia<\/a> <a href=\"https:\/\/noticiasbahia360.com.br\/?cat=10\" rel=\"category\">Pol\u00edtica<\/a>","tag_info":"Pol\u00edtica","comment_count":"0","_links":{"self":[{"href":"https:\/\/noticiasbahia360.com.br\/index.php?rest_route=\/wp\/v2\/posts\/91056","targetHints":{"allow":["GET"]}}],"collection":[{"href":"https:\/\/noticiasbahia360.com.br\/index.php?rest_route=\/wp\/v2\/posts"}],"about":[{"href":"https:\/\/noticiasbahia360.com.br\/index.php?rest_route=\/wp\/v2\/types\/post"}],"author":[{"embeddable":true,"href":"https:\/\/noticiasbahia360.com.br\/index.php?rest_route=\/wp\/v2\/users\/1"}],"replies":[{"embeddable":true,"href":"https:\/\/noticiasbahia360.com.br\/index.php?rest_route=%2Fwp%2Fv2%2Fcomments&post=91056"}],"version-history":[{"count":0,"href":"https:\/\/noticiasbahia360.com.br\/index.php?rest_route=\/wp\/v2\/posts\/91056\/revisions"}],"wp:featuredmedia":[{"embeddable":true,"href":"https:\/\/noticiasbahia360.com.br\/index.php?rest_route=\/wp\/v2\/media\/91057"}],"wp:attachment":[{"href":"https:\/\/noticiasbahia360.com.br\/index.php?rest_route=%2Fwp%2Fv2%2Fmedia&parent=91056"}],"wp:term":[{"taxonomy":"category","embeddable":true,"href":"https:\/\/noticiasbahia360.com.br\/index.php?rest_route=%2Fwp%2Fv2%2Fcategories&post=91056"},{"taxonomy":"post_tag","embeddable":true,"href":"https:\/\/noticiasbahia360.com.br\/index.php?rest_route=%2Fwp%2Fv2%2Ftags&post=91056"}],"curies":[{"name":"wp","href":"https:\/\/api.w.org\/{rel}","templated":true}]}}