{"id":91058,"date":"2025-06-25T16:10:49","date_gmt":"2025-06-25T19:10:49","guid":{"rendered":"https:\/\/noticiasbahia360.com.br\/?p=91058"},"modified":"2025-06-25T16:10:49","modified_gmt":"2025-06-25T19:10:49","slug":"governador-da-bahia-reune-mais-de-90-prefeitos-em-caravana-pelo-interior","status":"publish","type":"post","link":"https:\/\/noticiasbahia360.com.br\/?p=91058","title":{"rendered":"Governador da Bahia re\u00fane mais de 90 prefeitos em caravana pelo interior"},"content":{"rendered":"<div>\n<div>\n<figure><img decoding=\"async\" src=\"http:\/\/noticiasbahia360.com.br\/wp-content\/uploads\/2025\/06\/jeronimoegeraldo_saojoao_dabahia_foto_adrielfrancisco.jpg\" alt=\"Jer\u00f4nimo Rodrigues re\u00fane prefeitos em caravana pelo interior no S\u00e3o Jo\u00e3o\"><figcaption>Foto: Adriel Francisco<\/figcaption><\/figure>\n<\/div>\n<p>Com um dos maiores investimentos j\u00e1 feitos na hist\u00f3ria do <a href=\"https:\/\/www.acordacidade.com.br\/tag\/sao-joao-da-bahia\/\">S\u00e3o Jo\u00e3o da Bahia<\/a> e 280 cidades recebendo apoio direto do Estado para a realiza\u00e7\u00e3o dos festejos, o governador Jer\u00f4nimo Rodrigues jogou livre no campo da pol\u00edtica na festa deste ano. <\/p>\n<p>Sem uma oposi\u00e7\u00e3o que pudesse fazer frente \u00e0 forte presen\u00e7a do governo no interior do estado, Jer\u00f4nimo, o vice-governador Geraldo J\u00fanior e o secret\u00e1rio de Rela\u00e7\u00f5es Institucionais, Adolpho Loyola, estiveram em nada menos que 31 cidades ao todo, reuniram mais de 90 prefeitos, 12 deputados e deputadas, al\u00e9m dos senadores Otto Alencar e Jaques Wagner. <\/p>\n<p>A grande presen\u00e7a de lideran\u00e7as pol\u00edticas mostrou a for\u00e7a do grupo liderado por Jer\u00f4nimo no interior.<\/p>\n<figure class=\"wp-block-image size-large\"><img fetchpriority=\"high\" data-dominant-color=\"847a70\" data-has-transparency=\"false\" style=\"--dominant-color: #847a70;\" fetchpriority=\"high\" decoding=\"async\" width=\"1152\" height=\"768\" sizes=\"(max-width: 1152px) 100vw, 1152px\" src=\"http:\/\/noticiasbahia360.com.br\/wp-content\/uploads\/2025\/06\/53H7Biz6-jeronimoegeraldo_saojoao_dabahia_foto_adrielfrancisco_2-1152x768-1.webp\" alt=\"Jer\u00f4nimo Rodrigues re\u00fane prefeitos em caravana pelo interior no S\u00e3o Jo\u00e3o\" class=\"wp-image-569077 not-transparent\" srcset=\"https:\/\/uploads.acordacidade.com.br\/2025\/06\/53H7Biz6-jeronimoegeraldo_saojoao_dabahia_foto_adrielfrancisco_2-548x365.webp 548w, http:\/\/noticiasbahia360.com.br\/wp-content\/uploads\/2025\/06\/53H7Biz6-jeronimoegeraldo_saojoao_dabahia_foto_adrielfrancisco_2-1152x768-1.webp 1152w, https:\/\/uploads.acordacidade.com.br\/2025\/06\/53H7Biz6-jeronimoegeraldo_saojoao_dabahia_foto_adrielfrancisco_2-830x553.webp 830w, https:\/\/uploads.acordacidade.com.br\/2025\/06\/53H7Biz6-jeronimoegeraldo_saojoao_dabahia_foto_adrielfrancisco_2-150x100.webp 150w, https:\/\/uploads.acordacidade.com.br\/2025\/06\/53H7Biz6-jeronimoegeraldo_saojoao_dabahia_foto_adrielfrancisco_2.webp 1200w\"><figcaption class=\"wp-element-caption\">Foto: Adriel Francisco<\/figcaption><\/figure>\n<p>A caravana do governo do Estado pelos munic\u00edpios foi iniciada dia 18, no munic\u00edpio de Rio de Contas, e encerrada ontem, em Jequi\u00e9, mas passou tamb\u00e9m, entre outras, por cidades como Itoror\u00f3, Ibicu\u00ed, Itapetinga, Ipir\u00e1, Len\u00e7\u00f3is, Jussiape, Seabra, Muritiba, S\u00e3o F\u00e9lix, Cruz das Almas e Marac\u00e1s. Em todas elas, a presen\u00e7a de p\u00fablico e o carinho recebido pelo governador foram grandes, entre pedidos de fotos e v\u00eddeos, muitos agradecimentos pela valoriza\u00e7\u00e3o da tradi\u00e7\u00e3o do S\u00e3o Jo\u00e3o.<\/p>\n<p>\u201cN\u00f3s fizemos a nossa parte. O S\u00e3o Jo\u00e3o da Bahia \u00e9 o maior do Brasil, uma tradi\u00e7\u00e3o que mexe com todo o interior. Esse carinho e reconhecimento vem desse trabalho que faz das nossas festas de Santo Ant\u00f4nio, S\u00e3o Jo\u00e3o e S\u00e3o Pedro, cada vez maiores e melhores, com sua tradi\u00e7\u00e3o preservada\u201d, afirmou o governador.<\/p>\n<figure class=\"wp-block-image size-large\"><img data-dominant-color=\"a69f94\" data-has-transparency=\"false\" style=\"--dominant-color: #a69f94;\" decoding=\"async\" width=\"1152\" height=\"768\" sizes=\"(max-width: 1152px) 100vw, 1152px\" src=\"http:\/\/noticiasbahia360.com.br\/wp-content\/uploads\/2025\/06\/t0CmuRHr-jeronimoegeraldo_saojoao_dabahia_foto_adrielfrancisco_3-1152x768-1.webp\" alt=\"Jer\u00f4nimo Rodrigues re\u00fane prefeitos em caravana pelo interior no S\u00e3o Jo\u00e3o\" class=\"wp-image-569076 not-transparent\" srcset=\"https:\/\/uploads.acordacidade.com.br\/2025\/06\/t0CmuRHr-jeronimoegeraldo_saojoao_dabahia_foto_adrielfrancisco_3-548x365.webp 548w, http:\/\/noticiasbahia360.com.br\/wp-content\/uploads\/2025\/06\/t0CmuRHr-jeronimoegeraldo_saojoao_dabahia_foto_adrielfrancisco_3-1152x768-1.webp 1152w, https:\/\/uploads.acordacidade.com.br\/2025\/06\/t0CmuRHr-jeronimoegeraldo_saojoao_dabahia_foto_adrielfrancisco_3-830x553.webp 830w, https:\/\/uploads.acordacidade.com.br\/2025\/06\/t0CmuRHr-jeronimoegeraldo_saojoao_dabahia_foto_adrielfrancisco_3-150x100.webp 150w, https:\/\/uploads.acordacidade.com.br\/2025\/06\/t0CmuRHr-jeronimoegeraldo_saojoao_dabahia_foto_adrielfrancisco_3.webp 1200w\"><figcaption class=\"wp-element-caption\">Foto: Adriel Francisco<\/figcaption><\/figure>\n<p>No \u00e2mbito pol\u00edtico, o S\u00e3o Jo\u00e3o foi considerado um sucesso, a comitiva do governo foi recebida com pompa por prefeitos que, em 2022, estavam na oposi\u00e7\u00e3o, como Z\u00e9 Coc\u00e1, em Jequi\u00e9, e Ednaldo Ribeiro, em Cruz das Almas. \u201cN\u00e3o usamos o S\u00e3o Jo\u00e3o para tratar de pol\u00edtica, mas fomos muito bem recebidos pelos prefeitos que reconhecem nosso compromisso em melhorar a vida dos baianos e baianas\u201d, completou Jer\u00f4nimo.<\/p>\n<figure class=\"wp-block-image size-large\"><img data-dominant-color=\"71746a\" data-has-transparency=\"false\" style=\"--dominant-color: #71746a;\" decoding=\"async\" width=\"1164\" height=\"768\" sizes=\"(max-width: 1164px) 100vw, 1164px\" src=\"http:\/\/noticiasbahia360.com.br\/wp-content\/uploads\/2025\/06\/H6OVWWY7-jeronimoegeraldo_saojoao_dabahia_foto_adrielfrancisco_-1164x768-1.webp\" alt=\"Jer\u00f4nimo Rodrigues re\u00fane prefeitos em caravana pelo interior no S\u00e3o Jo\u00e3o\" class=\"wp-image-569079 not-transparent\" srcset=\"https:\/\/uploads.acordacidade.com.br\/2025\/06\/H6OVWWY7-jeronimoegeraldo_saojoao_dabahia_foto_adrielfrancisco_-553x365.webp 553w, http:\/\/noticiasbahia360.com.br\/wp-content\/uploads\/2025\/06\/H6OVWWY7-jeronimoegeraldo_saojoao_dabahia_foto_adrielfrancisco_-1164x768-1.webp 1164w, https:\/\/uploads.acordacidade.com.br\/2025\/06\/H6OVWWY7-jeronimoegeraldo_saojoao_dabahia_foto_adrielfrancisco_-838x553.webp 838w, https:\/\/uploads.acordacidade.com.br\/2025\/06\/H6OVWWY7-jeronimoegeraldo_saojoao_dabahia_foto_adrielfrancisco_-150x99.webp 150w, https:\/\/uploads.acordacidade.com.br\/2025\/06\/H6OVWWY7-jeronimoegeraldo_saojoao_dabahia_foto_adrielfrancisco_.webp 1200w\"><figcaption class=\"wp-element-caption\">Foto: Adriel Francisco<\/figcaption><\/figure>\n<p><em>Siga o Acorda Cidade no<\/em><a href=\"https:\/\/news.google.com\/search?q=acorda%20cidade&amp;hl=pt-BR&amp;gl=BR&amp;ceid=BR%3Apt-419\"><strong><em> Google Not\u00edcias<\/em><\/strong><\/a><em> e receba os principais destaques do dia. Participe tamb\u00e9m dos nossos canais no <\/em><a href=\"https:\/\/whatsapp.com\/channel\/0029Va6Rb4v3WHTNnsh8WI3N\"><strong><em>WhatsApp<\/em><\/strong><\/a><em> e <\/em><a href=\"https:\/\/www.youtube.com\/@acordacidadenoticias\/videos\"><strong>Youtube<\/strong><\/a><em> e grupo de <\/em><a href=\"https:\/\/t.me\/+sSz0khrgARA0ZmRh\"><strong><em>Telegram<\/em><\/strong><\/a><em>.<\/em><\/p>\n<\/div>\n","protected":false},"excerpt":{"rendered":"<div>\n<div>\n<figure><img decoding=\"async\" src=\"https:\/\/uploads.acordacidade.com.br\/2025\/06\/jeronimoegeraldo_saojoao_dabahia_foto_adrielfrancisco.jpg\" alt=\"Jer\u00f4nimo Rodrigues re\u00fane prefeitos em caravana pelo interior no S\u00e3o Jo\u00e3o\"><figcaption>Foto: Adriel Francisco<\/figcaption><\/figure>\n<\/div>\n<p>Jer\u00f4nimo Rodrigues e Geraldo J\u00fanior visitaram 31 cidades durante o per\u00edodo junino<\/p><\/div>\n","protected":false},"author":1,"featured_media":91059,"comment_status":"closed","ping_status":"closed","sticky":false,"template":"","format":"gallery","meta":{"footnotes":""},"categories":[8,9,6,57,56,10],"tags":[],"class_list":["post-91058","post","type-post","status-publish","format-gallery","has-post-thumbnail","hentry","category-bahia","category-brasil","category-feira-de-santana","category-mundo","category-policia","category-politica","post_format-post-format-gallery"],"featured_image_urls":{"full":["https:\/\/noticiasbahia360.com.br\/wp-content\/uploads\/2025\/06\/jeronimoegeraldo_saojoao_dabahia_foto_adrielfrancisco.jpg",1200,770,false],"thumbnail":["https:\/\/noticiasbahia360.com.br\/wp-content\/uploads\/2025\/06\/jeronimoegeraldo_saojoao_dabahia_foto_adrielfrancisco-150x150.jpg",150,150,true],"medium":["https:\/\/noticiasbahia360.com.br\/wp-content\/uploads\/2025\/06\/jeronimoegeraldo_saojoao_dabahia_foto_adrielfrancisco-300x193.jpg",300,193,true],"medium_large":["https:\/\/noticiasbahia360.com.br\/wp-content\/uploads\/2025\/06\/jeronimoegeraldo_saojoao_dabahia_foto_adrielfrancisco-768x493.jpg",640,411,true],"large":["https:\/\/noticiasbahia360.com.br\/wp-content\/uploads\/2025\/06\/jeronimoegeraldo_saojoao_dabahia_foto_adrielfrancisco-1024x657.jpg",640,411,true],"1536x1536":["https:\/\/noticiasbahia360.com.br\/wp-content\/uploads\/2025\/06\/jeronimoegeraldo_saojoao_dabahia_foto_adrielfrancisco.jpg",1200,770,false],"2048x2048":["https:\/\/noticiasbahia360.com.br\/wp-content\/uploads\/2025\/06\/jeronimoegeraldo_saojoao_dabahia_foto_adrielfrancisco.jpg",1200,770,false],"chromenews-featured":["https:\/\/noticiasbahia360.com.br\/wp-content\/uploads\/2025\/06\/jeronimoegeraldo_saojoao_dabahia_foto_adrielfrancisco-1024x657.jpg",1024,657,true],"chromenews-large":["https:\/\/noticiasbahia360.com.br\/wp-content\/uploads\/2025\/06\/jeronimoegeraldo_saojoao_dabahia_foto_adrielfrancisco-825x575.jpg",825,575,true],"chromenews-medium":["https:\/\/noticiasbahia360.com.br\/wp-content\/uploads\/2025\/06\/jeronimoegeraldo_saojoao_dabahia_foto_adrielfrancisco-590x410.jpg",590,410,true]},"author_info":{"display_name":"noticiasbahia360.com.br","author_link":"https:\/\/noticiasbahia360.com.br\/?author=1"},"category_info":"<a href=\"https:\/\/noticiasbahia360.com.br\/?cat=8\" rel=\"category\">Bahia<\/a> <a href=\"https:\/\/noticiasbahia360.com.br\/?cat=9\" rel=\"category\">Brasil<\/a> <a href=\"https:\/\/noticiasbahia360.com.br\/?cat=6\" rel=\"category\">Feira de Santana<\/a> <a href=\"https:\/\/noticiasbahia360.com.br\/?cat=57\" rel=\"category\">Mundo<\/a> <a href=\"https:\/\/noticiasbahia360.com.br\/?cat=56\" rel=\"category\">Pol\u00edcia<\/a> <a href=\"https:\/\/noticiasbahia360.com.br\/?cat=10\" rel=\"category\">Pol\u00edtica<\/a>","tag_info":"Pol\u00edtica","comment_count":"0","_links":{"self":[{"href":"https:\/\/noticiasbahia360.com.br\/index.php?rest_route=\/wp\/v2\/posts\/91058","targetHints":{"allow":["GET"]}}],"collection":[{"href":"https:\/\/noticiasbahia360.com.br\/index.php?rest_route=\/wp\/v2\/posts"}],"about":[{"href":"https:\/\/noticiasbahia360.com.br\/index.php?rest_route=\/wp\/v2\/types\/post"}],"author":[{"embeddable":true,"href":"https:\/\/noticiasbahia360.com.br\/index.php?rest_route=\/wp\/v2\/users\/1"}],"replies":[{"embeddable":true,"href":"https:\/\/noticiasbahia360.com.br\/index.php?rest_route=%2Fwp%2Fv2%2Fcomments&post=91058"}],"version-history":[{"count":0,"href":"https:\/\/noticiasbahia360.com.br\/index.php?rest_route=\/wp\/v2\/posts\/91058\/revisions"}],"wp:featuredmedia":[{"embeddable":true,"href":"https:\/\/noticiasbahia360.com.br\/index.php?rest_route=\/wp\/v2\/media\/91059"}],"wp:attachment":[{"href":"https:\/\/noticiasbahia360.com.br\/index.php?rest_route=%2Fwp%2Fv2%2Fmedia&parent=91058"}],"wp:term":[{"taxonomy":"category","embeddable":true,"href":"https:\/\/noticiasbahia360.com.br\/index.php?rest_route=%2Fwp%2Fv2%2Fcategories&post=91058"},{"taxonomy":"post_tag","embeddable":true,"href":"https:\/\/noticiasbahia360.com.br\/index.php?rest_route=%2Fwp%2Fv2%2Ftags&post=91058"}],"curies":[{"name":"wp","href":"https:\/\/api.w.org\/{rel}","templated":true}]}}