{"id":91063,"date":"2025-06-25T16:18:45","date_gmt":"2025-06-25T19:18:45","guid":{"rendered":"https:\/\/noticiasbahia360.com.br\/?p=91063"},"modified":"2025-06-25T16:18:45","modified_gmt":"2025-06-25T19:18:45","slug":"prefeitura-de-feira-de-santana-antecipara-salarios-dos-servidores-publicos","status":"publish","type":"post","link":"https:\/\/noticiasbahia360.com.br\/?p=91063","title":{"rendered":"Prefeitura de Feira de Santana antecipar\u00e1 sal\u00e1rios dos servidores p\u00fablicos"},"content":{"rendered":"<div>\n<div>\n<figure><img decoding=\"async\" src=\"http:\/\/noticiasbahia360.com.br\/wp-content\/uploads\/2025\/06\/Prefeitura-de-Feira-de-Santana-1-1.jpg\" alt=\"Prefeitura de Feira de Santana nomeados\"><figcaption>Foto: Kaio Vinicius\/ Acorda Cidade <\/figcaption><\/figure>\n<\/div>\n<p>A <a href=\"https:\/\/www.acordacidade.com.br\/tag\/prefeitura-de-feira-de-santana\/\">Prefeitura de Feira de Santana<\/a> vai antecipar o pagamento dos sal\u00e1rios dos servidores p\u00fablicos municipais ativos, inativos e pensionistas para a pr\u00f3xima sexta-feira (27). A decis\u00e3o foi anunciada pelo prefeito Jos\u00e9 Ronaldo de Carvalho na manh\u00e3 desta quarta-feira (25), mantendo tamb\u00e9m a determina\u00e7\u00e3o de pagar os vencimentos dentro do pr\u00f3prio m\u00eas.<\/p>\n<p>A libera\u00e7\u00e3o dos sal\u00e1rios representa uma inje\u00e7\u00e3o de cerca de R$ 40 milh\u00f5es na economia local e garante aos servidores p\u00fablicos municipais a possibilidade de antecipar as compras para os festejos de S\u00e3o Pedro, comemorados neste fim de semana.<\/p>\n<p><em>Siga o Acorda Cidade no<\/em><a href=\"https:\/\/news.google.com\/search?q=acorda%20cidade&amp;hl=pt-BR&amp;gl=BR&amp;ceid=BR%3Apt-419\"><strong><em> Google Not\u00edcias<\/em><\/strong><\/a><em> e receba os principais destaques do dia. Participe tamb\u00e9m dos nossos canais no <\/em><a href=\"https:\/\/whatsapp.com\/channel\/0029Va6Rb4v3WHTNnsh8WI3N\"><strong><em>WhatsApp<\/em><\/strong><\/a><em> e <\/em><a href=\"https:\/\/www.youtube.com\/@acordacidadenoticias\/videos\"><strong>Youtube<\/strong><\/a><em> e grupo de <\/em><a href=\"https:\/\/t.me\/+sSz0khrgARA0ZmRh\"><strong><em>Telegram<\/em><\/strong><\/a><em>.<\/em><\/p>\n<\/div>\n","protected":false},"excerpt":{"rendered":"<div>\n<div>\n<figure><img decoding=\"async\" src=\"https:\/\/uploads.acordacidade.com.br\/2025\/05\/Prefeitura-de-Feira-de-Santana-.jpg\" alt=\"Prefeitura de Feira de Santana nomeados\"><figcaption>Foto: Kaio Vinicius\/ Acorda Cidade <\/figcaption><\/figure>\n<\/div>\n<p>A libera\u00e7\u00e3o dos sal\u00e1rios representa uma inje\u00e7\u00e3o de cerca de R$ 40 milh\u00f5es na economia local<\/p><\/div>\n","protected":false},"author":1,"featured_media":91064,"comment_status":"closed","ping_status":"closed","sticky":false,"template":"","format":"gallery","meta":{"footnotes":""},"categories":[8,9,6,57,56,10],"tags":[],"class_list":["post-91063","post","type-post","status-publish","format-gallery","has-post-thumbnail","hentry","category-bahia","category-brasil","category-feira-de-santana","category-mundo","category-policia","category-politica","post_format-post-format-gallery"],"featured_image_urls":{"full":["https:\/\/noticiasbahia360.com.br\/wp-content\/uploads\/2025\/06\/Prefeitura-de-Feira-de-Santana-1-1.jpg",1422,844,false],"thumbnail":["https:\/\/noticiasbahia360.com.br\/wp-content\/uploads\/2025\/06\/Prefeitura-de-Feira-de-Santana-1-1-150x150.jpg",150,150,true],"medium":["https:\/\/noticiasbahia360.com.br\/wp-content\/uploads\/2025\/06\/Prefeitura-de-Feira-de-Santana-1-1-300x178.jpg",300,178,true],"medium_large":["https:\/\/noticiasbahia360.com.br\/wp-content\/uploads\/2025\/06\/Prefeitura-de-Feira-de-Santana-1-1-768x456.jpg",640,380,true],"large":["https:\/\/noticiasbahia360.com.br\/wp-content\/uploads\/2025\/06\/Prefeitura-de-Feira-de-Santana-1-1-1024x608.jpg",640,380,true],"1536x1536":["https:\/\/noticiasbahia360.com.br\/wp-content\/uploads\/2025\/06\/Prefeitura-de-Feira-de-Santana-1-1.jpg",1422,844,false],"2048x2048":["https:\/\/noticiasbahia360.com.br\/wp-content\/uploads\/2025\/06\/Prefeitura-de-Feira-de-Santana-1-1.jpg",1422,844,false],"chromenews-featured":["https:\/\/noticiasbahia360.com.br\/wp-content\/uploads\/2025\/06\/Prefeitura-de-Feira-de-Santana-1-1-1024x608.jpg",1024,608,true],"chromenews-large":["https:\/\/noticiasbahia360.com.br\/wp-content\/uploads\/2025\/06\/Prefeitura-de-Feira-de-Santana-1-1-825x575.jpg",825,575,true],"chromenews-medium":["https:\/\/noticiasbahia360.com.br\/wp-content\/uploads\/2025\/06\/Prefeitura-de-Feira-de-Santana-1-1-590x410.jpg",590,410,true]},"author_info":{"display_name":"noticiasbahia360.com.br","author_link":"https:\/\/noticiasbahia360.com.br\/?author=1"},"category_info":"<a href=\"https:\/\/noticiasbahia360.com.br\/?cat=8\" rel=\"category\">Bahia<\/a> <a href=\"https:\/\/noticiasbahia360.com.br\/?cat=9\" rel=\"category\">Brasil<\/a> <a href=\"https:\/\/noticiasbahia360.com.br\/?cat=6\" rel=\"category\">Feira de Santana<\/a> <a href=\"https:\/\/noticiasbahia360.com.br\/?cat=57\" rel=\"category\">Mundo<\/a> <a href=\"https:\/\/noticiasbahia360.com.br\/?cat=56\" rel=\"category\">Pol\u00edcia<\/a> <a href=\"https:\/\/noticiasbahia360.com.br\/?cat=10\" rel=\"category\">Pol\u00edtica<\/a>","tag_info":"Pol\u00edtica","comment_count":"0","_links":{"self":[{"href":"https:\/\/noticiasbahia360.com.br\/index.php?rest_route=\/wp\/v2\/posts\/91063","targetHints":{"allow":["GET"]}}],"collection":[{"href":"https:\/\/noticiasbahia360.com.br\/index.php?rest_route=\/wp\/v2\/posts"}],"about":[{"href":"https:\/\/noticiasbahia360.com.br\/index.php?rest_route=\/wp\/v2\/types\/post"}],"author":[{"embeddable":true,"href":"https:\/\/noticiasbahia360.com.br\/index.php?rest_route=\/wp\/v2\/users\/1"}],"replies":[{"embeddable":true,"href":"https:\/\/noticiasbahia360.com.br\/index.php?rest_route=%2Fwp%2Fv2%2Fcomments&post=91063"}],"version-history":[{"count":0,"href":"https:\/\/noticiasbahia360.com.br\/index.php?rest_route=\/wp\/v2\/posts\/91063\/revisions"}],"wp:featuredmedia":[{"embeddable":true,"href":"https:\/\/noticiasbahia360.com.br\/index.php?rest_route=\/wp\/v2\/media\/91064"}],"wp:attachment":[{"href":"https:\/\/noticiasbahia360.com.br\/index.php?rest_route=%2Fwp%2Fv2%2Fmedia&parent=91063"}],"wp:term":[{"taxonomy":"category","embeddable":true,"href":"https:\/\/noticiasbahia360.com.br\/index.php?rest_route=%2Fwp%2Fv2%2Fcategories&post=91063"},{"taxonomy":"post_tag","embeddable":true,"href":"https:\/\/noticiasbahia360.com.br\/index.php?rest_route=%2Fwp%2Fv2%2Ftags&post=91063"}],"curies":[{"name":"wp","href":"https:\/\/api.w.org\/{rel}","templated":true}]}}