{"id":91065,"date":"2025-06-25T16:20:40","date_gmt":"2025-06-25T19:20:40","guid":{"rendered":"https:\/\/noticiasbahia360.com.br\/?p=91065"},"modified":"2025-06-25T16:20:40","modified_gmt":"2025-06-25T19:20:40","slug":"video-cerca-de-120-mil-pessoas-marcam-presenca-na-ultima-noite-do-sao-joao-de-jequie","status":"publish","type":"post","link":"https:\/\/noticiasbahia360.com.br\/?p=91065","title":{"rendered":"V\u00eddeo: cerca de 120 mil pessoas marcam presen\u00e7a na \u00faltima noite do S\u00e3o Jo\u00e3o de Jequi\u00e9"},"content":{"rendered":"<div>\n<div>\n<figure><img decoding=\"async\" src=\"http:\/\/noticiasbahia360.com.br\/wp-content\/uploads\/2025\/06\/Jequie-250625.jpg\" alt=\"S\u00e3o Jo\u00e3o de Jequi\u00e9: cerca de 120 mil pessoas marcam presen\u00e7a na \u00faltima noite\"><figcaption>Foto: Thiago Fonseca\/ Acorda Cidade<\/figcaption><\/figure>\n<\/div>\n<p>Na manh\u00e3 desta quarta-feira (25), foram encerrados os festejos juninos de Jequi\u00e9, realizados pela prefeitura do munic\u00edpio. O evento teve 11 dias de festa, tendo sido iniciado no dia 14 de junho, com abertura da Vila Junina na Pra\u00e7a Rui Barbosa e, em seguida, com o <a href=\"https:\/\/www.acordacidade.com.br\/tag\/sao-joao\/\">S\u00e3o Jo\u00e3o<\/a> da Pra\u00e7a da Bandeira, a partir do dia 20.<\/p>\n<p>Com uma programa\u00e7\u00e3o diversificada, com artistas como Gusttavo Lima, Alok, Calcinha Preta, Fl\u00e1vio Jos\u00e9, Theuzinho, Murilo Huff e Iguinho &amp; Lulinha.<\/p>\n<p>A \u00faltima noite do evento foi marcada pelo grande presen\u00e7a do p\u00fablico. De forma in\u00e9dita, o S\u00e3o Jo\u00e3o de Jequi\u00e9 conseguiu atrair, nesta edi\u00e7\u00e3o, um p\u00fablico maior que todas as outras, atingindo na \u00faltima ter\u00e7a-feira (24) cerca de 120 mil pessoas ocupando os circuitos juninos.<\/p>\n<figure class=\"wp-block-image size-large\"><img fetchpriority=\"high\" data-dominant-color=\"4c473e\" data-has-transparency=\"false\" style=\"--dominant-color: #4c473e;\" fetchpriority=\"high\" decoding=\"async\" width=\"576\" height=\"768\" sizes=\"(max-width: 576px) 100vw, 576px\" src=\"http:\/\/noticiasbahia360.com.br\/wp-content\/uploads\/2025\/06\/RijgoNUY-Jequie-250625-2-576x768-1.webp\" alt=\"S\u00e3o Jo\u00e3o de Jequi\u00e9: cerca de 120 mil pessoas marcam presen\u00e7a na \u00faltima noite\" class=\"wp-image-569071 not-transparent\" srcset=\"https:\/\/uploads.acordacidade.com.br\/2025\/06\/RijgoNUY-Jequie-250625-2-274x365.webp 274w, http:\/\/noticiasbahia360.com.br\/wp-content\/uploads\/2025\/06\/RijgoNUY-Jequie-250625-2-576x768-1.webp 576w, https:\/\/uploads.acordacidade.com.br\/2025\/06\/RijgoNUY-Jequie-250625-2-415x553.webp 415w, https:\/\/uploads.acordacidade.com.br\/2025\/06\/RijgoNUY-Jequie-250625-2-640x853.webp 640w, https:\/\/uploads.acordacidade.com.br\/2025\/06\/RijgoNUY-Jequie-250625-2-150x200.webp 150w, https:\/\/uploads.acordacidade.com.br\/2025\/06\/RijgoNUY-Jequie-250625-2.webp 1000w\"><figcaption class=\"wp-element-caption\">Foto: Thiago Fonseca\/ Acorda Cidade<\/figcaption><\/figure>\n<p>Artistas como Natanzinho Lima, Wesley Safad\u00e3o e Henry Freitas, embalaram uma multid\u00e3o na Pra\u00e7a da Bandeira, no palco Carlos Pitta.<\/p>\n<p><strong>Veja o v\u00eddeo:<\/strong><\/p>\n<figure class=\"wp-block-embed is-type-video is-provider-youtube wp-block-embed-youtube wp-embed-aspect-16-9 wp-has-aspect-ratio\">\n<div class=\"wp-block-embed__wrapper\">\n<iframe class=\"aspect-9x16\" loading=\"lazy\" title=\"Wesley Safad\u00e3o e Natanzinho Lima se apresentam para cerca de 120 mil pessoas no S\u00e3o Jo\u00e3o de Jequi\u00e9\" width=\"500\" height=\"281\" src=\"https:\/\/www.youtube.com\/embed\/TUbaJd_CHMc?feature=oembed\" frameborder=\"0\" allow=\"accelerometer; autoplay; clipboard-write; encrypted-media; gyroscope; picture-in-picture; web-share\" referrerpolicy=\"strict-origin-when-cross-origin\" allowfullscreen><\/iframe>\n<\/div>\n<\/figure>\n<p>\u201cEstamos muito felizes! O S\u00e3o Jo\u00e3o de Jequi\u00e9 foi um sucesso, gra\u00e7as a Deus! Tivemos aqui na cidade, o maior S\u00e3o Jo\u00e3o de todos os tempos, reunindo grandes atra\u00e7\u00f5es nacionais e at\u00e9 internacional. Mesmo com todos os desafios log\u00edsticos para a montagem do palco, no Centro, tivemos mais de 120\u202fmil pessoas brincando, se divertindo e participando ativamente dos festejos\u201d, comemorou o prefeito, Z\u00e9 Coc\u00e1.<\/p>\n<p><em>As informa\u00e7\u00f5es s\u00e3o da Prefeitura Municipal de Jequi\u00e9<\/em><\/p>\n<p><em>Siga o Acorda Cidade no<\/em><a href=\"https:\/\/news.google.com\/search?q=acorda%20cidade&amp;hl=pt-BR&amp;gl=BR&amp;ceid=BR%3Apt-419\"><strong><em>\u00a0Google Not\u00edcias<\/em><\/strong><\/a><em>\u00a0e receba os principais destaques do dia. Participe tamb\u00e9m dos nossos canais no\u00a0<\/em><a href=\"https:\/\/www.whatsapp.com\/channel\/0029Va6Rb4v3WHTNnsh8WI3N\"><strong><em>WhatsApp<\/em><\/strong><\/a><em>\u00a0e\u00a0<\/em><a href=\"https:\/\/www.youtube.com\/@acordacidadenoticias\/videos\"><strong>Youtube<\/strong><\/a><em>\u00a0e grupo de\u00a0<\/em><a href=\"https:\/\/t.me\/+sSz0khrgARA0ZmRh\"><strong><em>Telegram<\/em><\/strong><\/a><em>.<\/em><\/p>\n<\/div>\n","protected":false},"excerpt":{"rendered":"<div>\n<div>\n<figure><img decoding=\"async\" src=\"https:\/\/uploads.acordacidade.com.br\/2025\/06\/Jequie-250625.jpg\" alt=\"S\u00e3o Jo\u00e3o de Jequi\u00e9: cerca de 120 mil pessoas marcam presen\u00e7a na \u00faltima noite\"><figcaption>Foto: Thiago Fonseca\/ Acorda Cidade<\/figcaption><\/figure>\n<\/div>\n<p>Artistas como Natanzinho Lima, Wesley Safad\u00e3o e Henry Freitas, embalaram uma multid\u00e3o na Pra\u00e7a da Bandeira, no palco Carlos Pitta.<\/p><\/div>\n","protected":false},"author":1,"featured_media":91066,"comment_status":"closed","ping_status":"closed","sticky":false,"template":"","format":"gallery","meta":{"footnotes":""},"categories":[8,9,6,57,56,10],"tags":[],"class_list":["post-91065","post","type-post","status-publish","format-gallery","has-post-thumbnail","hentry","category-bahia","category-brasil","category-feira-de-santana","category-mundo","category-policia","category-politica","post_format-post-format-gallery"],"featured_image_urls":{"full":["https:\/\/noticiasbahia360.com.br\/wp-content\/uploads\/2025\/06\/Jequie-250625.jpg",1200,1014,false],"thumbnail":["https:\/\/noticiasbahia360.com.br\/wp-content\/uploads\/2025\/06\/Jequie-250625-150x150.jpg",150,150,true],"medium":["https:\/\/noticiasbahia360.com.br\/wp-content\/uploads\/2025\/06\/Jequie-250625-300x254.jpg",300,254,true],"medium_large":["https:\/\/noticiasbahia360.com.br\/wp-content\/uploads\/2025\/06\/Jequie-250625-768x649.jpg",640,541,true],"large":["https:\/\/noticiasbahia360.com.br\/wp-content\/uploads\/2025\/06\/Jequie-250625-1024x865.jpg",640,541,true],"1536x1536":["https:\/\/noticiasbahia360.com.br\/wp-content\/uploads\/2025\/06\/Jequie-250625.jpg",1200,1014,false],"2048x2048":["https:\/\/noticiasbahia360.com.br\/wp-content\/uploads\/2025\/06\/Jequie-250625.jpg",1200,1014,false],"chromenews-featured":["https:\/\/noticiasbahia360.com.br\/wp-content\/uploads\/2025\/06\/Jequie-250625-1024x865.jpg",1024,865,true],"chromenews-large":["https:\/\/noticiasbahia360.com.br\/wp-content\/uploads\/2025\/06\/Jequie-250625-825x575.jpg",825,575,true],"chromenews-medium":["https:\/\/noticiasbahia360.com.br\/wp-content\/uploads\/2025\/06\/Jequie-250625-590x410.jpg",590,410,true]},"author_info":{"display_name":"noticiasbahia360.com.br","author_link":"https:\/\/noticiasbahia360.com.br\/?author=1"},"category_info":"<a href=\"https:\/\/noticiasbahia360.com.br\/?cat=8\" rel=\"category\">Bahia<\/a> <a href=\"https:\/\/noticiasbahia360.com.br\/?cat=9\" rel=\"category\">Brasil<\/a> <a href=\"https:\/\/noticiasbahia360.com.br\/?cat=6\" rel=\"category\">Feira de Santana<\/a> <a href=\"https:\/\/noticiasbahia360.com.br\/?cat=57\" rel=\"category\">Mundo<\/a> <a href=\"https:\/\/noticiasbahia360.com.br\/?cat=56\" rel=\"category\">Pol\u00edcia<\/a> <a href=\"https:\/\/noticiasbahia360.com.br\/?cat=10\" rel=\"category\">Pol\u00edtica<\/a>","tag_info":"Pol\u00edtica","comment_count":"0","_links":{"self":[{"href":"https:\/\/noticiasbahia360.com.br\/index.php?rest_route=\/wp\/v2\/posts\/91065","targetHints":{"allow":["GET"]}}],"collection":[{"href":"https:\/\/noticiasbahia360.com.br\/index.php?rest_route=\/wp\/v2\/posts"}],"about":[{"href":"https:\/\/noticiasbahia360.com.br\/index.php?rest_route=\/wp\/v2\/types\/post"}],"author":[{"embeddable":true,"href":"https:\/\/noticiasbahia360.com.br\/index.php?rest_route=\/wp\/v2\/users\/1"}],"replies":[{"embeddable":true,"href":"https:\/\/noticiasbahia360.com.br\/index.php?rest_route=%2Fwp%2Fv2%2Fcomments&post=91065"}],"version-history":[{"count":0,"href":"https:\/\/noticiasbahia360.com.br\/index.php?rest_route=\/wp\/v2\/posts\/91065\/revisions"}],"wp:featuredmedia":[{"embeddable":true,"href":"https:\/\/noticiasbahia360.com.br\/index.php?rest_route=\/wp\/v2\/media\/91066"}],"wp:attachment":[{"href":"https:\/\/noticiasbahia360.com.br\/index.php?rest_route=%2Fwp%2Fv2%2Fmedia&parent=91065"}],"wp:term":[{"taxonomy":"category","embeddable":true,"href":"https:\/\/noticiasbahia360.com.br\/index.php?rest_route=%2Fwp%2Fv2%2Fcategories&post=91065"},{"taxonomy":"post_tag","embeddable":true,"href":"https:\/\/noticiasbahia360.com.br\/index.php?rest_route=%2Fwp%2Fv2%2Ftags&post=91065"}],"curies":[{"name":"wp","href":"https:\/\/api.w.org\/{rel}","templated":true}]}}