{"id":91068,"date":"2025-06-25T16:34:45","date_gmt":"2025-06-25T19:34:45","guid":{"rendered":"https:\/\/noticiasbahia360.com.br\/?p=91068"},"modified":"2025-06-25T16:34:45","modified_gmt":"2025-06-25T19:34:45","slug":"resgate-da-tradicao-cultural-atrai-publico-para-o-sao-joao-no-pelourinho","status":"publish","type":"post","link":"https:\/\/noticiasbahia360.com.br\/?p=91068","title":{"rendered":"Resgate da tradi\u00e7\u00e3o cultural atrai p\u00fablico para o S\u00e3o Jo\u00e3o no Pelourinho"},"content":{"rendered":"<div>\n<div>\n<figure><img decoding=\"async\" src=\"http:\/\/noticiasbahia360.com.br\/wp-content\/uploads\/2025\/06\/Saojoao_pelourinho_foto_icarosoares_secomgov_bahia.jpg\" alt=\"S\u00e3o Jo\u00e3o do Pelourinho\"><figcaption>Foto: Icaro Soares\/Secom Governo da Bahia<\/figcaption><\/figure>\n<\/div>\n<p>Desde a \u00faltima quinta-feira (19), o Pelourinho se tornou o centro da tradi\u00e7\u00e3o junina na <a href=\"https:\/\/www.acordacidade.com.br\/tag\/capital-baiana\/\">capital baiana<\/a>, atraindo milhares de turistas e moradores para uma programa\u00e7\u00e3o gratuita promovida pelo Governo do Estado atrav\u00e9s da Superintend\u00eancia de Fomento ao Turismo do Estado da Bahia (Sufotur). Com uma estrutura que incluiu policiamento refor\u00e7ado e decora\u00e7\u00e3o especial, o evento garantiu seguran\u00e7a e conforto para quem aproveitou os shows de dezenas de atra\u00e7\u00f5es, distribu\u00eddas entre largos e pra\u00e7as.\u00a0<\/p>\n<p>\u201cHoje \u00e9 o meu segundo dia no Pelourinho. Vir para c\u00e1 foi muito melhor do que eu esperava. Ontem, eu vim assistir o show de Alceu Valen\u00e7a e Falamansa, e quis voltar hoje\u201d comentou o auxiliar administrativo, Jo\u00e3o Paulo Dantas, turista que queria conhecer o S\u00e3o Jo\u00e3o no Nordeste e escolheu Salvador como destino.\u00a0<\/p>\n<p>Al\u00e9m de resgatar as tradi\u00e7\u00f5es culturais, a festa se mostrou um importante vetor de gera\u00e7\u00e3o de renda para a regi\u00e3o. Comerciantes locais relataram aumento significativo nas vendas durante os seis dias de evento. \u201cO movimento este ano est\u00e1 tudo de bom, a festa de S\u00e3o Jo\u00e3o trouxe muita gente pro Pelourinho\u201d, comemorou a baiana de acaraj\u00e9, Sueli Tavares, que ocupa um ponto no Terreiro de Jesus. \u201cEu ocupo este ponto que era de minha m\u00e3e h\u00e1 58 anos, agora estamos vendendo acaraj\u00e9 aqui na terceira gera\u00e7\u00e3o, eu trabalhando com minha filha Suelen\u201d, acrescentou.\u00a0<\/p>\n<figure class=\"wp-block-image size-large\"><img fetchpriority=\"high\" data-dominant-color=\"6e6265\" data-has-transparency=\"false\" style=\"--dominant-color: #6e6265;\" fetchpriority=\"high\" decoding=\"async\" width=\"1152\" height=\"768\" sizes=\"(max-width: 1152px) 100vw, 1152px\" src=\"http:\/\/noticiasbahia360.com.br\/wp-content\/uploads\/2025\/06\/qt3iFWNF-Saojoao_pelourinho_foto_icarosoares_secomgov_bahia_-1152x768-1.webp\" alt=\"S\u00e3o Jo\u00e3o do Pelourinho\" class=\"wp-image-569088 not-transparent\" srcset=\"https:\/\/uploads.acordacidade.com.br\/2025\/06\/qt3iFWNF-Saojoao_pelourinho_foto_icarosoares_secomgov_bahia_-548x365.webp 548w, http:\/\/noticiasbahia360.com.br\/wp-content\/uploads\/2025\/06\/qt3iFWNF-Saojoao_pelourinho_foto_icarosoares_secomgov_bahia_-1152x768-1.webp 1152w, https:\/\/uploads.acordacidade.com.br\/2025\/06\/qt3iFWNF-Saojoao_pelourinho_foto_icarosoares_secomgov_bahia_-830x553.webp 830w, https:\/\/uploads.acordacidade.com.br\/2025\/06\/qt3iFWNF-Saojoao_pelourinho_foto_icarosoares_secomgov_bahia_-150x100.webp 150w, https:\/\/uploads.acordacidade.com.br\/2025\/06\/qt3iFWNF-Saojoao_pelourinho_foto_icarosoares_secomgov_bahia_.webp 1200w\"><figcaption class=\"wp-element-caption\">Foto: Icaro Soares\/Secom Governo da Bahia<\/figcaption><\/figure>\n<p>A diversidade de atra\u00e7\u00f5es musicais foi outro ponto alto destacado pelos visitantes. Desde forr\u00f3 p\u00e9-de-serra at\u00e9 arrocha, a programa\u00e7\u00e3o agradou a diferentes gera\u00e7\u00f5es. \u201cAqui \u00e9 a melhor festa que tem na Bahia. Eu passei parte do feriado em Candeias, a\u00ed quis vir para c\u00e1 tamb\u00e9m, e a festa t\u00e1 linda, estrutura e decora\u00e7\u00e3o tamb\u00e9m\u201d, elogiou a salgadeira Taianara Paiva.\u00a0<\/p>\n<p>A seguran\u00e7a, com policiamento ostensivo e c\u00e2meras de monitoramento, tamb\u00e9m foi o motivo de fam\u00edlias terem escolhido o S\u00e3o Jo\u00e3o do Pelourinho: \u201cEu tenho uma filha de quatro anos e aqui \u00e9 um lugar seguro e tranquilo para ela brincar e soltar fogos. Aqui \u00e9 a minha primeira op\u00e7\u00e3o\u201d, comentou o comerciante Josenilton Brand\u00e3o.\u00a0<\/p>\n<p>Combinando preserva\u00e7\u00e3o cultural, est\u00edmulo econ\u00f4mico e inclus\u00e3o, o S\u00e3o Jo\u00e3o no Pelourinho se consolida como um dos principais eventos do calend\u00e1rio tur\u00edstico baiano.\u00a0<\/p>\n<p><em>Informa\u00e7\u00f5es da Secom do Governo da Bahia<\/em><\/p>\n<p><em>Siga o Acorda Cidade no<\/em><a href=\"https:\/\/news.google.com\/search?q=acorda%20cidade&amp;hl=pt-BR&amp;gl=BR&amp;ceid=BR%3Apt-419\"><strong><em> Google Not\u00edcias<\/em><\/strong><\/a><em> e receba os principais destaques do dia. Participe tamb\u00e9m dos nossos canais no <\/em><a href=\"https:\/\/whatsapp.com\/channel\/0029Va6Rb4v3WHTNnsh8WI3N\"><strong><em>WhatsApp<\/em><\/strong><\/a><em> e <\/em><a href=\"https:\/\/www.youtube.com\/@acordacidadenoticias\/videos\"><strong>Youtube<\/strong><\/a><em> e grupo de <\/em><a href=\"https:\/\/t.me\/+sSz0khrgARA0ZmRh\"><strong><em>Telegram<\/em><\/strong><\/a><em>.<\/em><\/p>\n<\/div>\n","protected":false},"excerpt":{"rendered":"<div>\n<div>\n<figure><img decoding=\"async\" src=\"https:\/\/uploads.acordacidade.com.br\/2025\/06\/Saojoao_pelourinho_foto_icarosoares_secomgov_bahia.jpg\" alt=\"S\u00e3o Jo\u00e3o do Pelourinho\"><figcaption>Foto: Icaro Soares\/Secom Governo da Bahia<\/figcaption><\/figure>\n<\/div>\n<p>Cultura, seguran\u00e7a e economia movimentam os dias de festa<\/p><\/div>\n","protected":false},"author":1,"featured_media":91069,"comment_status":"closed","ping_status":"closed","sticky":false,"template":"","format":"gallery","meta":{"footnotes":""},"categories":[8,9,6,57,56,10],"tags":[],"class_list":["post-91068","post","type-post","status-publish","format-gallery","has-post-thumbnail","hentry","category-bahia","category-brasil","category-feira-de-santana","category-mundo","category-policia","category-politica","post_format-post-format-gallery"],"featured_image_urls":{"full":["https:\/\/noticiasbahia360.com.br\/wp-content\/uploads\/2025\/06\/Saojoao_pelourinho_foto_icarosoares_secomgov_bahia.jpg",1200,800,false],"thumbnail":["https:\/\/noticiasbahia360.com.br\/wp-content\/uploads\/2025\/06\/Saojoao_pelourinho_foto_icarosoares_secomgov_bahia-150x150.jpg",150,150,true],"medium":["https:\/\/noticiasbahia360.com.br\/wp-content\/uploads\/2025\/06\/Saojoao_pelourinho_foto_icarosoares_secomgov_bahia-300x200.jpg",300,200,true],"medium_large":["https:\/\/noticiasbahia360.com.br\/wp-content\/uploads\/2025\/06\/Saojoao_pelourinho_foto_icarosoares_secomgov_bahia-768x512.jpg",640,427,true],"large":["https:\/\/noticiasbahia360.com.br\/wp-content\/uploads\/2025\/06\/Saojoao_pelourinho_foto_icarosoares_secomgov_bahia-1024x683.jpg",640,427,true],"1536x1536":["https:\/\/noticiasbahia360.com.br\/wp-content\/uploads\/2025\/06\/Saojoao_pelourinho_foto_icarosoares_secomgov_bahia.jpg",1200,800,false],"2048x2048":["https:\/\/noticiasbahia360.com.br\/wp-content\/uploads\/2025\/06\/Saojoao_pelourinho_foto_icarosoares_secomgov_bahia.jpg",1200,800,false],"chromenews-featured":["https:\/\/noticiasbahia360.com.br\/wp-content\/uploads\/2025\/06\/Saojoao_pelourinho_foto_icarosoares_secomgov_bahia-1024x683.jpg",1024,683,true],"chromenews-large":["https:\/\/noticiasbahia360.com.br\/wp-content\/uploads\/2025\/06\/Saojoao_pelourinho_foto_icarosoares_secomgov_bahia-825x575.jpg",825,575,true],"chromenews-medium":["https:\/\/noticiasbahia360.com.br\/wp-content\/uploads\/2025\/06\/Saojoao_pelourinho_foto_icarosoares_secomgov_bahia-590x410.jpg",590,410,true]},"author_info":{"display_name":"noticiasbahia360.com.br","author_link":"https:\/\/noticiasbahia360.com.br\/?author=1"},"category_info":"<a href=\"https:\/\/noticiasbahia360.com.br\/?cat=8\" rel=\"category\">Bahia<\/a> <a href=\"https:\/\/noticiasbahia360.com.br\/?cat=9\" rel=\"category\">Brasil<\/a> <a href=\"https:\/\/noticiasbahia360.com.br\/?cat=6\" rel=\"category\">Feira de Santana<\/a> <a href=\"https:\/\/noticiasbahia360.com.br\/?cat=57\" rel=\"category\">Mundo<\/a> <a href=\"https:\/\/noticiasbahia360.com.br\/?cat=56\" rel=\"category\">Pol\u00edcia<\/a> <a href=\"https:\/\/noticiasbahia360.com.br\/?cat=10\" rel=\"category\">Pol\u00edtica<\/a>","tag_info":"Pol\u00edtica","comment_count":"0","_links":{"self":[{"href":"https:\/\/noticiasbahia360.com.br\/index.php?rest_route=\/wp\/v2\/posts\/91068","targetHints":{"allow":["GET"]}}],"collection":[{"href":"https:\/\/noticiasbahia360.com.br\/index.php?rest_route=\/wp\/v2\/posts"}],"about":[{"href":"https:\/\/noticiasbahia360.com.br\/index.php?rest_route=\/wp\/v2\/types\/post"}],"author":[{"embeddable":true,"href":"https:\/\/noticiasbahia360.com.br\/index.php?rest_route=\/wp\/v2\/users\/1"}],"replies":[{"embeddable":true,"href":"https:\/\/noticiasbahia360.com.br\/index.php?rest_route=%2Fwp%2Fv2%2Fcomments&post=91068"}],"version-history":[{"count":0,"href":"https:\/\/noticiasbahia360.com.br\/index.php?rest_route=\/wp\/v2\/posts\/91068\/revisions"}],"wp:featuredmedia":[{"embeddable":true,"href":"https:\/\/noticiasbahia360.com.br\/index.php?rest_route=\/wp\/v2\/media\/91069"}],"wp:attachment":[{"href":"https:\/\/noticiasbahia360.com.br\/index.php?rest_route=%2Fwp%2Fv2%2Fmedia&parent=91068"}],"wp:term":[{"taxonomy":"category","embeddable":true,"href":"https:\/\/noticiasbahia360.com.br\/index.php?rest_route=%2Fwp%2Fv2%2Fcategories&post=91068"},{"taxonomy":"post_tag","embeddable":true,"href":"https:\/\/noticiasbahia360.com.br\/index.php?rest_route=%2Fwp%2Fv2%2Ftags&post=91068"}],"curies":[{"name":"wp","href":"https:\/\/api.w.org\/{rel}","templated":true}]}}