{"id":91071,"date":"2025-06-25T16:42:55","date_gmt":"2025-06-25T19:42:55","guid":{"rendered":"https:\/\/noticiasbahia360.com.br\/?p=91071"},"modified":"2025-06-25T16:42:55","modified_gmt":"2025-06-25T19:42:55","slug":"alexandre-pato-custeara-translado-do-corpo-de-juliana-marins-para-o-brasil","status":"publish","type":"post","link":"https:\/\/noticiasbahia360.com.br\/?p=91071","title":{"rendered":"Alexandre Pato custear\u00e1 translado do corpo de Juliana Marins para o Brasil"},"content":{"rendered":"<div>\n<div>\n<figure><img decoding=\"async\" src=\"http:\/\/noticiasbahia360.com.br\/wp-content\/uploads\/2025\/06\/julianamarins_brasileira_indonesia_foto_reproducao_instagram-2.jpg\" alt=\"Brasileira desaparecida em trilha na Indon\u00e9sia\"><figcaption>Juliana Marins &#8211; Foto: Reprodu\u00e7\u00e3o<\/figcaption><\/figure>\n<\/div>\n<p>O ex-jogador Alexandre Pato decidiu arcar com os custos do translado do corpo da jovem Juliana Marins, encontrada morta ap\u00f3s uma queda durante uma trilha no vulc\u00e3o Rinjani, na ilha de Lombok, na Indon\u00e9sia.<\/p>\n<p>De acordo com o Jornal Correio, o atleta se prontificou a ajudar a fam\u00edlia, que enfrenta dificuldades financeiras para trazer o corpo ao Brasil.<\/p>\n<p>A atitude de Pato ocorreu ap\u00f3s a mobiliza\u00e7\u00e3o nas redes sociais, onde p\u00e1ginas come\u00e7aram a divulgar a hist\u00f3ria de Juliana e os obst\u00e1culos enfrentados por seus familiares.<\/p>\n<p>A como\u00e7\u00e3o gerada impulsionou uma onda de solidariedade, que chegou at\u00e9 o ex-jogador, levando-o a oferecer apoio imediato.<\/p>\n<p><strong>Leia tamb\u00e9m:<\/strong><\/p>\n<p><a href=\"https:\/\/www.acordacidade.com.br\/mundo\/corpo-de-turista-brasileira-e-resgatado-de-cratera-na-indonesia\/\">Corpo de turista brasileira \u00e9 resgatado de cratera na Indon\u00e9sia<\/a><\/p>\n<p><a href=\"https:\/\/www.acordacidade.com.br\/brasil\/pai-de-juliana-marins-desabafa-pedaco-tirado-de-mim\/\">Pai de Juliana Marins desabafa: \u2018Peda\u00e7o tirado de mim\u2019<\/a><\/p>\n<p><a href=\"https:\/\/www.acordacidade.com.br\/dilton-e-feito\/governo-brasileiro-lamenta-morte-de-jovem-em-vulcao-na-indonesia\/\">Governo brasileiro lamenta morte de jovem em vulc\u00e3o na Indon\u00e9sia<\/a><\/p>\n<p><a href=\"https:\/\/www.acordacidade.com.br\/mundo\/juliana-marins-brasileira-que-caiu-em-trilha-de-vulcao-na-indonesia-e-encontrada-morta\/\">Juliana Marins, brasileira que caiu em trilha de vulc\u00e3o na Indon\u00e9sia, \u00e9 encontrada morta<\/a><\/p>\n<p><a href=\"https:\/\/www.acordacidade.com.br\/brasil\/autoridades-da-indonesia-confirmam-que-turista-brasileira-foi-localizada\/\">Autoridades da Indon\u00e9sia confirmam que turista brasileira foi localizada<\/a><\/p>\n<p><a href=\"https:\/\/www.acordacidade.com.br\/mundo\/brasileira-que-caiu-em-vulcao-na-indonesia-continua-desaparecida\/\">Brasileira que caiu em vulc\u00e3o na Indon\u00e9sia continua desaparecida<\/a><\/p>\n<p><em>Siga o Acorda Cidade no<\/em><a href=\"https:\/\/news.google.com\/search?q=acorda%20cidade&amp;hl=pt-BR&amp;gl=BR&amp;ceid=BR%3Apt-419\"><strong><em> Google Not\u00edcias<\/em><\/strong><\/a><em> e receba os principais destaques do dia. Participe tamb\u00e9m dos nossos canais no <\/em><a href=\"https:\/\/whatsapp.com\/channel\/0029Va6Rb4v3WHTNnsh8WI3N\"><strong><em>WhatsApp<\/em><\/strong><\/a><em> e <\/em><a href=\"https:\/\/www.youtube.com\/@acordacidadenoticias\/videos\"><strong>Youtube<\/strong><\/a><em> e grupo de <\/em><a href=\"https:\/\/t.me\/+sSz0khrgARA0ZmRh\"><strong><em>Telegram<\/em><\/strong><\/a><em>.<\/em><\/p>\n<\/div>\n","protected":false},"excerpt":{"rendered":"<div>\n<div>\n<figure><img decoding=\"async\" src=\"https:\/\/uploads.acordacidade.com.br\/2025\/06\/julianamarins_brasileira_indonesia_foto_reproducao_instagram.jpg\" alt=\"Brasileira desaparecida em trilha na Indon\u00e9sia\"><figcaption>Juliana Marins &#8211; Foto: Reprodu\u00e7\u00e3o<\/figcaption><\/figure>\n<\/div>\n<p>A atitude de Pato ocorreu ap\u00f3s a mobiliza\u00e7\u00e3o nas redes sociais, onde p\u00e1ginas come\u00e7aram a divulgar a hist\u00f3ria de Juliana e os obst\u00e1culos enfrentados por seus familiares.<\/p><\/div>\n","protected":false},"author":1,"featured_media":91072,"comment_status":"closed","ping_status":"closed","sticky":false,"template":"","format":"gallery","meta":{"footnotes":""},"categories":[8,9,6,57,56,10],"tags":[],"class_list":["post-91071","post","type-post","status-publish","format-gallery","has-post-thumbnail","hentry","category-bahia","category-brasil","category-feira-de-santana","category-mundo","category-policia","category-politica","post_format-post-format-gallery"],"featured_image_urls":{"full":["https:\/\/noticiasbahia360.com.br\/wp-content\/uploads\/2025\/06\/julianamarins_brasileira_indonesia_foto_reproducao_instagram-2.jpg",1200,718,false],"thumbnail":["https:\/\/noticiasbahia360.com.br\/wp-content\/uploads\/2025\/06\/julianamarins_brasileira_indonesia_foto_reproducao_instagram-2-150x150.jpg",150,150,true],"medium":["https:\/\/noticiasbahia360.com.br\/wp-content\/uploads\/2025\/06\/julianamarins_brasileira_indonesia_foto_reproducao_instagram-2-300x180.jpg",300,180,true],"medium_large":["https:\/\/noticiasbahia360.com.br\/wp-content\/uploads\/2025\/06\/julianamarins_brasileira_indonesia_foto_reproducao_instagram-2-768x460.jpg",640,383,true],"large":["https:\/\/noticiasbahia360.com.br\/wp-content\/uploads\/2025\/06\/julianamarins_brasileira_indonesia_foto_reproducao_instagram-2-1024x613.jpg",640,383,true],"1536x1536":["https:\/\/noticiasbahia360.com.br\/wp-content\/uploads\/2025\/06\/julianamarins_brasileira_indonesia_foto_reproducao_instagram-2.jpg",1200,718,false],"2048x2048":["https:\/\/noticiasbahia360.com.br\/wp-content\/uploads\/2025\/06\/julianamarins_brasileira_indonesia_foto_reproducao_instagram-2.jpg",1200,718,false],"chromenews-featured":["https:\/\/noticiasbahia360.com.br\/wp-content\/uploads\/2025\/06\/julianamarins_brasileira_indonesia_foto_reproducao_instagram-2-1024x613.jpg",1024,613,true],"chromenews-large":["https:\/\/noticiasbahia360.com.br\/wp-content\/uploads\/2025\/06\/julianamarins_brasileira_indonesia_foto_reproducao_instagram-2-825x575.jpg",825,575,true],"chromenews-medium":["https:\/\/noticiasbahia360.com.br\/wp-content\/uploads\/2025\/06\/julianamarins_brasileira_indonesia_foto_reproducao_instagram-2-590x410.jpg",590,410,true]},"author_info":{"display_name":"noticiasbahia360.com.br","author_link":"https:\/\/noticiasbahia360.com.br\/?author=1"},"category_info":"<a href=\"https:\/\/noticiasbahia360.com.br\/?cat=8\" rel=\"category\">Bahia<\/a> <a href=\"https:\/\/noticiasbahia360.com.br\/?cat=9\" rel=\"category\">Brasil<\/a> <a href=\"https:\/\/noticiasbahia360.com.br\/?cat=6\" rel=\"category\">Feira de Santana<\/a> <a href=\"https:\/\/noticiasbahia360.com.br\/?cat=57\" rel=\"category\">Mundo<\/a> <a href=\"https:\/\/noticiasbahia360.com.br\/?cat=56\" rel=\"category\">Pol\u00edcia<\/a> <a href=\"https:\/\/noticiasbahia360.com.br\/?cat=10\" rel=\"category\">Pol\u00edtica<\/a>","tag_info":"Pol\u00edtica","comment_count":"0","_links":{"self":[{"href":"https:\/\/noticiasbahia360.com.br\/index.php?rest_route=\/wp\/v2\/posts\/91071","targetHints":{"allow":["GET"]}}],"collection":[{"href":"https:\/\/noticiasbahia360.com.br\/index.php?rest_route=\/wp\/v2\/posts"}],"about":[{"href":"https:\/\/noticiasbahia360.com.br\/index.php?rest_route=\/wp\/v2\/types\/post"}],"author":[{"embeddable":true,"href":"https:\/\/noticiasbahia360.com.br\/index.php?rest_route=\/wp\/v2\/users\/1"}],"replies":[{"embeddable":true,"href":"https:\/\/noticiasbahia360.com.br\/index.php?rest_route=%2Fwp%2Fv2%2Fcomments&post=91071"}],"version-history":[{"count":0,"href":"https:\/\/noticiasbahia360.com.br\/index.php?rest_route=\/wp\/v2\/posts\/91071\/revisions"}],"wp:featuredmedia":[{"embeddable":true,"href":"https:\/\/noticiasbahia360.com.br\/index.php?rest_route=\/wp\/v2\/media\/91072"}],"wp:attachment":[{"href":"https:\/\/noticiasbahia360.com.br\/index.php?rest_route=%2Fwp%2Fv2%2Fmedia&parent=91071"}],"wp:term":[{"taxonomy":"category","embeddable":true,"href":"https:\/\/noticiasbahia360.com.br\/index.php?rest_route=%2Fwp%2Fv2%2Fcategories&post=91071"},{"taxonomy":"post_tag","embeddable":true,"href":"https:\/\/noticiasbahia360.com.br\/index.php?rest_route=%2Fwp%2Fv2%2Ftags&post=91071"}],"curies":[{"name":"wp","href":"https:\/\/api.w.org\/{rel}","templated":true}]}}