{"id":91073,"date":"2025-06-25T16:42:59","date_gmt":"2025-06-25T19:42:59","guid":{"rendered":"https:\/\/noticiasbahia360.com.br\/?p=91073"},"modified":"2025-06-25T16:42:59","modified_gmt":"2025-06-25T19:42:59","slug":"policia-investiga-se-houve-facilitacao-na-fuga-de-detentos-do-conjunto-penal-de-feira-de-santana","status":"publish","type":"post","link":"https:\/\/noticiasbahia360.com.br\/?p=91073","title":{"rendered":"Pol\u00edcia investiga se houve facilita\u00e7\u00e3o na fuga de detentos do conjunto penal de Feira de Santana"},"content":{"rendered":"<div>\n<div>\n<figure><img decoding=\"async\" src=\"http:\/\/noticiasbahia360.com.br\/wp-content\/uploads\/2025\/06\/conjuntopenaldefeiradesantana_edsantos_acordacidade-4.jpg\" alt=\"fuga de presos do Conjunto Penal de Feira de Santana\"><figcaption>Foto: Ed Santos\/Acorda Cidade<\/figcaption><\/figure>\n<\/div>\n<p>Os<a href=\"https:\/\/www.acordacidade.com.br\/policia\/4-detentos-fogem-do-conjunto-penal-de-feira-de-santana-tres-ja-foram-recapturados\/\"> tr\u00eas detentos que fugiram do conjunto penal de Feira de Santana na madrugada desta quarta-feira (25)<\/a> j\u00e1 foram ouvidos pelo delegado Jo\u00e3o Rodrigo Uzzum, titular da 1\u00aa delegacia, ap\u00f3s serem recapturados pelas pol\u00edcias militar e penal. Ao Acorda Cidade, o delegado informou que eles disseram que n\u00e3o contaram com ajuda na fuga, mas a Pol\u00edcia Civil segue investigando.<\/p>\n<p>\u201cEles informaram que ap\u00f3s solicitar socorro para um colega de uma cela ao lado, eles sacudiram a grade com for\u00e7a para chamar aten\u00e7\u00e3o e passado um tempo, eles verificaram que a cela estava aberta. Ent\u00e3o, na madrugada, eles passaram para a \u00e1rea externa, depois pularam o primeiro muro, e em seguida, pularam o segundo muro. Os tr\u00eas negaram que houve qualquer facilita\u00e7\u00e3o, mas vamos aguardar o laudo e tamb\u00e9m seguir ouvindo os depoimentos\u201d, frisou.<\/p>\n<figure class=\"wp-block-image size-full is-resized\"><img fetchpriority=\"high\" data-dominant-color=\"91908c\" data-has-transparency=\"false\" fetchpriority=\"high\" decoding=\"async\" width=\"640\" height=\"360\" sizes=\"(max-width: 640px) 100vw, 640px\" src=\"http:\/\/noticiasbahia360.com.br\/wp-content\/uploads\/2025\/06\/70D6Qyvc-delegado-joao-rodrigo-uzzum-jpg.webp\" alt=\"delegado jo\u00e3o rodrigo uzzum \nfuga presos \n\" class=\"wp-image-437029 not-transparent\" style=\"--dominant-color: #91908c; width:840px;height:auto\" srcset=\"https:\/\/uploads.acordacidade.com.br\/2024\/08\/70D6Qyvc-delegado-joao-rodrigo-uzzum--150x84.webp 150w, http:\/\/noticiasbahia360.com.br\/wp-content\/uploads\/2025\/06\/70D6Qyvc-delegado-joao-rodrigo-uzzum-jpg.webp 640w\"><figcaption class=\"wp-element-caption\">Foto: Ed Santos\/Acorda Cidade<\/figcaption><\/figure>\n<p>Segundo o delegado, os tr\u00eas detentos tamb\u00e9m disseram no depoimento que pularam os muros sem aux\u00edlio de nada. Um deles, inclusive, quebrou dedos dos p\u00e9s, e outro apresenta les\u00f5es de queda. Uzzum analisa que \u00e9 preciso melhorias na <a href=\"https:\/\/www.acordacidade.com.br\/tag\/seguranca\/\">seguran\u00e7a <\/a>do conjunto penal.<\/p>\n<p>\u201cH\u00e1 uma aus\u00eancia dos policiais nas guaritas, h\u00e1 necessidade de c\u00e2meras, hoje existem recursos tecnol\u00f3gicos que s\u00e3o poss\u00edveis de serem implementados, inclusive com a economia de pessoal. Talvez tenha que se verificar esses aspectos\u201d, afirmou.<\/p>\n<h2 class=\"wp-block-heading\" id=\"h-policia-civil-segue-investigando\">Pol\u00edcia civil segue investigando<\/h2>\n<p>O delgado destacou que outra equipe da <a href=\"https:\/\/www.acordacidade.com.br\/tag\/policia-civil\/\">Pol\u00edcia Civil<\/a> segue no pres\u00eddio ouvindo outros detentos, al\u00e9m de funcion\u00e1rios e informou que as investiga\u00e7\u00f5es v\u00e3o ser presididas pela 1\u00aa delegacia.<\/p>\n<p>\u201cVamos analisar as condutas para verificar se houve facilita\u00e7\u00e3o da fuga para poder concluir o procedimento e mandar para justi\u00e7a\u201d, afirmou. Uzzum esclareceu ainda que a fuga do preso n\u00e3o consiste um delito na legisla\u00e7\u00e3o penal brasileira. Segundo ele, o delito consiste na facilita\u00e7\u00e3o.<\/p>\n<p>\u201cIsso para mim \u00e9 um erro. Mas a fuga consiste apenas numa falta de natureza disciplinar, ent\u00e3o vamos comunicar isso a vara de execu\u00e7\u00f5es penais para que o juiz tome as medidas administrativas. O delito consiste na facilita\u00e7\u00e3o, ou seja, algu\u00e9m que tenha ajudado na fuga ser\u00e1 responsabilizado no \u00e2mbito penal. Estamos investigando se houve essa facilita\u00e7\u00e3o, foi realizada per\u00edcia e estamos ouvindo v\u00e1rias pessoas\u201d, disse.<\/p>\n<h2 class=\"wp-block-heading\" id=\"h-quem-sao-os-detentos\">Quem s\u00e3o os detentos <\/h2>\n<p><strong>Os fugitivos foram identificados como Wendson Fiuza de Jesus, conhecido como \u201cB\u00ea\u201d, de 24 anos, que cumpre pena em regime fechado por roubo e est\u00e1 em sua segunda entrada no sistema prisional; Valdemir Ferreira dos Santos, o \u201cKiko\u201d ou \u201cSobrancelas\u201d, de 26 anos, preso por roubo e homic\u00eddio; e Cleyton Gustavo dos Santos Bento, tamb\u00e9m de 24 anos, preso por roubo. Os dois \u00faltimos cumprem pena em regime fechado e est\u00e3o em sua primeira entrada no pres\u00eddio.<\/strong><\/p>\n<p><strong>Leia tamb\u00e9m<\/strong><\/p>\n<p><a href=\"https:\/\/www.acordacidade.com.br\/policia\/uso-de-cordas-pode-ter-facilitado-fuga-no-conjunto-penal-de-feira-de-santana-afirmam-detentos-a-delegada\/\">Uso de cordas pode ter facilitado fuga no Conjunto Penal de Feira de Santana, afirmam detentos a delegada<\/a><\/p>\n<p><a href=\"https:\/\/www.acordacidade.com.br\/policia\/4-detentos-fogem-do-conjunto-penal-de-feira-de-santana-tres-ja-foram-recapturados\/\">3 detentos fogem do Conjunto Penal de Feira de Santana e s\u00e3o recapturados<\/a><\/p>\n<p><em>As informa\u00e7\u00f5es s\u00e3o do rep\u00f3rter Ed Santos do Acorda Cidade<\/em><\/p>\n<p><em>Siga o Acorda Cidade no<\/em><a href=\"https:\/\/news.google.com\/search?q=acorda%20cidade&amp;hl=pt-BR&amp;gl=BR&amp;ceid=BR%3Apt-419\"><strong><em>\u00a0Google Not\u00edcias<\/em><\/strong><\/a><em>\u00a0e receba os principais destaques do dia. Participe tamb\u00e9m dos nossos canais no\u00a0<\/em><a href=\"https:\/\/www.whatsapp.com\/channel\/0029Va6Rb4v3WHTNnsh8WI3N\"><strong><em>WhatsApp<\/em><\/strong><\/a><em>\u00a0e\u00a0<\/em><a href=\"https:\/\/www.youtube.com\/@acordacidadenoticias\/videos\"><strong>Youtube<\/strong><\/a><em>\u00a0e grupo de\u00a0<\/em><a href=\"https:\/\/t.me\/+sSz0khrgARA0ZmRh\"><strong><em>Telegram<\/em><\/strong><\/a><em>.<\/em><\/p>\n<\/div>\n","protected":false},"excerpt":{"rendered":"<div>\n<div>\n<figure><img decoding=\"async\" src=\"https:\/\/uploads.acordacidade.com.br\/2025\/06\/conjuntopenaldefeiradesantana_edsantos_acordacidade-4.jpg\" alt=\"fuga de presos do Conjunto Penal de Feira de Santana\"><figcaption>Foto: Ed Santos\/Acorda Cidade<\/figcaption><\/figure>\n<\/div>\n<p>Segundo o delegado, os tr\u00eas detentos tamb\u00e9m disseram no depoimento que pularam os muros sem aux\u00edlio de nada.<\/p><\/div>\n","protected":false},"author":1,"featured_media":91074,"comment_status":"closed","ping_status":"closed","sticky":false,"template":"","format":"gallery","meta":{"footnotes":""},"categories":[8,9,6,57,56,10],"tags":[],"class_list":["post-91073","post","type-post","status-publish","format-gallery","has-post-thumbnail","hentry","category-bahia","category-brasil","category-feira-de-santana","category-mundo","category-policia","category-politica","post_format-post-format-gallery"],"featured_image_urls":{"full":["https:\/\/noticiasbahia360.com.br\/wp-content\/uploads\/2025\/06\/conjuntopenaldefeiradesantana_edsantos_acordacidade-4.jpg",1200,675,false],"thumbnail":["https:\/\/noticiasbahia360.com.br\/wp-content\/uploads\/2025\/06\/conjuntopenaldefeiradesantana_edsantos_acordacidade-4-150x150.jpg",150,150,true],"medium":["https:\/\/noticiasbahia360.com.br\/wp-content\/uploads\/2025\/06\/conjuntopenaldefeiradesantana_edsantos_acordacidade-4-300x169.jpg",300,169,true],"medium_large":["https:\/\/noticiasbahia360.com.br\/wp-content\/uploads\/2025\/06\/conjuntopenaldefeiradesantana_edsantos_acordacidade-4-768x432.jpg",640,360,true],"large":["https:\/\/noticiasbahia360.com.br\/wp-content\/uploads\/2025\/06\/conjuntopenaldefeiradesantana_edsantos_acordacidade-4-1024x576.jpg",640,360,true],"1536x1536":["https:\/\/noticiasbahia360.com.br\/wp-content\/uploads\/2025\/06\/conjuntopenaldefeiradesantana_edsantos_acordacidade-4.jpg",1200,675,false],"2048x2048":["https:\/\/noticiasbahia360.com.br\/wp-content\/uploads\/2025\/06\/conjuntopenaldefeiradesantana_edsantos_acordacidade-4.jpg",1200,675,false],"chromenews-featured":["https:\/\/noticiasbahia360.com.br\/wp-content\/uploads\/2025\/06\/conjuntopenaldefeiradesantana_edsantos_acordacidade-4-1024x576.jpg",1024,576,true],"chromenews-large":["https:\/\/noticiasbahia360.com.br\/wp-content\/uploads\/2025\/06\/conjuntopenaldefeiradesantana_edsantos_acordacidade-4-825x575.jpg",825,575,true],"chromenews-medium":["https:\/\/noticiasbahia360.com.br\/wp-content\/uploads\/2025\/06\/conjuntopenaldefeiradesantana_edsantos_acordacidade-4-590x410.jpg",590,410,true]},"author_info":{"display_name":"noticiasbahia360.com.br","author_link":"https:\/\/noticiasbahia360.com.br\/?author=1"},"category_info":"<a href=\"https:\/\/noticiasbahia360.com.br\/?cat=8\" rel=\"category\">Bahia<\/a> <a href=\"https:\/\/noticiasbahia360.com.br\/?cat=9\" rel=\"category\">Brasil<\/a> <a href=\"https:\/\/noticiasbahia360.com.br\/?cat=6\" rel=\"category\">Feira de Santana<\/a> <a href=\"https:\/\/noticiasbahia360.com.br\/?cat=57\" rel=\"category\">Mundo<\/a> <a href=\"https:\/\/noticiasbahia360.com.br\/?cat=56\" rel=\"category\">Pol\u00edcia<\/a> <a href=\"https:\/\/noticiasbahia360.com.br\/?cat=10\" rel=\"category\">Pol\u00edtica<\/a>","tag_info":"Pol\u00edtica","comment_count":"0","_links":{"self":[{"href":"https:\/\/noticiasbahia360.com.br\/index.php?rest_route=\/wp\/v2\/posts\/91073","targetHints":{"allow":["GET"]}}],"collection":[{"href":"https:\/\/noticiasbahia360.com.br\/index.php?rest_route=\/wp\/v2\/posts"}],"about":[{"href":"https:\/\/noticiasbahia360.com.br\/index.php?rest_route=\/wp\/v2\/types\/post"}],"author":[{"embeddable":true,"href":"https:\/\/noticiasbahia360.com.br\/index.php?rest_route=\/wp\/v2\/users\/1"}],"replies":[{"embeddable":true,"href":"https:\/\/noticiasbahia360.com.br\/index.php?rest_route=%2Fwp%2Fv2%2Fcomments&post=91073"}],"version-history":[{"count":0,"href":"https:\/\/noticiasbahia360.com.br\/index.php?rest_route=\/wp\/v2\/posts\/91073\/revisions"}],"wp:featuredmedia":[{"embeddable":true,"href":"https:\/\/noticiasbahia360.com.br\/index.php?rest_route=\/wp\/v2\/media\/91074"}],"wp:attachment":[{"href":"https:\/\/noticiasbahia360.com.br\/index.php?rest_route=%2Fwp%2Fv2%2Fmedia&parent=91073"}],"wp:term":[{"taxonomy":"category","embeddable":true,"href":"https:\/\/noticiasbahia360.com.br\/index.php?rest_route=%2Fwp%2Fv2%2Fcategories&post=91073"},{"taxonomy":"post_tag","embeddable":true,"href":"https:\/\/noticiasbahia360.com.br\/index.php?rest_route=%2Fwp%2Fv2%2Ftags&post=91073"}],"curies":[{"name":"wp","href":"https:\/\/api.w.org\/{rel}","templated":true}]}}