{"id":91076,"date":"2025-06-25T16:51:43","date_gmt":"2025-06-25T19:51:43","guid":{"rendered":"https:\/\/noticiasbahia360.com.br\/?p=91076"},"modified":"2025-06-25T16:51:43","modified_gmt":"2025-06-25T19:51:43","slug":"transicao-de-carreira-para-o-mundo-da-tecnologia","status":"publish","type":"post","link":"https:\/\/noticiasbahia360.com.br\/?p=91076","title":{"rendered":"Transi\u00e7\u00e3o de carreira para o mundo da tecnologia"},"content":{"rendered":"<div>\n<div>\n<figure><img decoding=\"async\" src=\"http:\/\/noticiasbahia360.com.br\/wp-content\/uploads\/2025\/06\/NKc0Badu-tecnologia-cursos.jpeg\" alt=\"tecnologia cursos\"><figcaption>Foto: Freepik<\/figcaption><\/figure>\n<\/div>\n<p>O setor de tecnologia no <a href=\"https:\/\/www.acordacidade.com.br\/tag\/brasil\/\">Brasil<\/a> vive um paradoxo: alta demanda por talentos, mas uma lacuna de habilidades que freia seu potencial. Embora 31% dos profissionais no mercado demonstrem interesse ativo por uma mudan\u00e7a de \u00e1rea, conforme mostra a 30\u00aa edi\u00e7\u00e3o do \u00cdndice de Confian\u00e7a Robert Half (ICRH), de novembro de 2024, e haja uma lacuna importante de profissionais no setor \u2013 que apresenta um d\u00e9ficit anual de 106 mil posi\u00e7\u00f5es \u2013 uma transi\u00e7\u00e3o exige mais do que entusiasmo. <\/p>\n<p>Migrar para a \u00e1rea de tecnologia n\u00e3o \u00e9 um atalho, mas uma jornada que exige aptid\u00e3o, dedica\u00e7\u00e3o e, acima de tudo, uma prepara\u00e7\u00e3o estrat\u00e9gica. A transforma\u00e7\u00e3o digital, acelerada exponencialmente pela Intelig\u00eancia Artificial (IA), n\u00e3o apenas cria novas fun\u00e7\u00f5es, mas redefine a natureza das existentes, demandando um perfil de profissional que vai al\u00e9m do conhecimento t\u00e9cnico tradicional.<\/p>\n<p>Para quem decide se preparar, entretanto, as estradas s\u00e3o largas e de fluxo acelerado. Tatiana Porto, chefe do departamento de pessoas em uma ag\u00eancia de tecnologia, ressalta que o setor busca perfis de profissionais capazes de resolver problemas complexos, apresentam curiosidade, resili\u00eancia e uma mentalidade voltada \u00e0 aprendizagem cont\u00ednua.<\/p>\n<p>\u201cA IA cria novas portas, mas exige que o profissional traga a bagagem necess\u00e1ria para explorar os cen\u00e1rios que se descortinam\u201d. Pensando nisso, a especialista compartilha um roteiro estrat\u00e9gico para aqueles que buscam por uma transi\u00e7\u00e3o de sucesso em um mercado altamente din\u00e2mico.<\/p>\n<h2 class=\"wp-block-heading\" id=\"h-1-trace-um-plano-de-acao\"><strong>1- Trace um plano de a\u00e7\u00e3o:<\/strong> <\/h2>\n<p>Desenvolva um plano detalhado que considere suas afinidades, aptid\u00f5es inatas \u2013 como racioc\u00ednio l\u00f3gico, resolu\u00e7\u00e3o de problemas, criatividade \u2013 e tamb\u00e9m as soft skills, como comunica\u00e7\u00e3o, colabora\u00e7\u00e3o, intelig\u00eancia emocional. <\/p>\n<p>A transi\u00e7\u00e3o bem-sucedida conecta seus talentos existentes com as oportunidades emergentes. Pesquise as oportunidades, converse com profissionais da \u00e1rea e entenda as rotinas e desafios para evitar frustra\u00e7\u00f5es e direcionar seu investimento de tempo e recursos \u00e0s \u00e1reas com maior sinergia com o seu perfil. Trace um planejamento claro e detalhado para os objetivos que deseja alcan\u00e7ar, definindo metas claras e concretas para acompanhar seu progresso.<\/p>\n<h2 class=\"wp-block-heading\" id=\"h-2-tenha-clareza-dos-caminhos-para-conquistar-uma-nova-carreira\"><strong>2- Tenha clareza dos caminhos para conquistar uma nova carreira:<\/strong> <\/h2>\n<p>Decis\u00f5es impulsivas tendem a gerar frustra\u00e7\u00e3o. An\u00e1lise estrategicamente cada passo antes de se lan\u00e7ar a uma transi\u00e7\u00e3o radical. \u201cAo conhecer os campos em ascens\u00e3o, respons\u00e1veis por acelerar a transforma\u00e7\u00e3o digital, o profissional reconhece ambientes com alta demanda e pode combin\u00e1-las com seu perfil pessoal. <\/p>\n<p>\u00c1reas como Intelig\u00eancia Artificial, Ci\u00eancia de Dados, Ciberseguran\u00e7a e Computa\u00e7\u00e3o em Nuvem, por exemplo, mostram fortes tend\u00eancias de crescimento e podem representar oportunidades promissoras para quem deseja migrar de carreira.\u201d<\/p>\n<p>Com o futuro da tecnologia sendo moldado por esses quatro campos essenciais, o profissional deve ter habilidades que o permitam contribuir para acelerar a inova\u00e7\u00e3o, a efici\u00eancia e a seguran\u00e7a das empresas de forma estrat\u00e9gica. Confira as jornadas mais promissoras:\u00a0<\/p>\n<ul class=\"wp-block-list\">\n<li>Intelig\u00eancia Artificial: al\u00e9m do desenvolvimento de algoritmos, h\u00e1 oportunidades em curadoria de dados, \u201cprompt engineering\u201d, \u00e9tica em IA, e gest\u00e3o de projetos de IA.<\/li>\n<li>Ci\u00eancia de Dados: Essencial para quem tem afinidade com an\u00e1lise e insights, independentemente da forma\u00e7\u00e3o inicial.<\/li>\n<li>Ciberseguran\u00e7a: Com a crescente digitaliza\u00e7\u00e3o, a demanda por prote\u00e7\u00e3o de dados e sistemas \u00e9 constante, com pap\u00e9is que v\u00e3o desde an\u00e1lise de risco at\u00e9 resposta a incidentes.<\/li>\n<li>Computa\u00e7\u00e3o em Nuvem (Cloud Computing): A arquitetura da nuvem exige especialistas em gest\u00e3o, otimiza\u00e7\u00e3o de custos (FinOps) e migra\u00e7\u00e3o, n\u00e3o apenas em infraestrutura f\u00edsica.<\/li>\n<\/ul>\n<h2 class=\"wp-block-heading\" id=\"h-3-adquira-as-hard-skills-necessarias\"><strong>3- Adquira as hard skills necess\u00e1rias: <\/strong><\/h2>\n<p>Priorize o desenvolvimento de habilidades t\u00e9cnicas. Cursos online, bootcamps e programas de educa\u00e7\u00e3o continuada s\u00e3o aliados poderosos, oferecendo flexibilidade e acesso a conte\u00fados atualizados, al\u00e9m de certifica\u00e7\u00f5es valorizadas pelo mercado. <\/p>\n<p>A chave, no entanto, n\u00e3o est\u00e1 apenas na teoria, mas na pr\u00e1tica deliberada. A tecnologia evolui rapidamente e a capacidade de aprender novas ferramentas \u00e9 mais valiosa que o conhecimento est\u00e1tico.<\/p>\n<h2 class=\"wp-block-heading\" id=\"h-4-solidifique-seu-portfolio\"><strong>4 \u2013 Solidifique seu portf\u00f3lio:<\/strong><\/h2>\n<p>Mesmo sem experi\u00eancia pr\u00e9via formal, dedique-se a projetos que evidenciem suas habilidades. Criar iniciativas pr\u00f3prias, participar de eventos como <em>hackathons, <\/em>contribuir para projetos <em>open source <\/em>ou oferecer trabalho volunt\u00e1rio em ONGs s\u00e3o excelentes maneiras de adquirir pr\u00e1tica e construir um portf\u00f3lio tang\u00edvel. <\/p>\n<p>Isso demonstra proatividade, capacidade de execu\u00e7\u00e3o e alinhamento com a realidade da profiss\u00e3o. Paralelamente, invista em networking, conectando-se com profissionais da \u00e1rea em eventos, comunidades online e no LinkedIn.<\/p>\n<p>Com o mercado de tecnologia aquecido e uma lacuna significativa entre oferta e demanda de profissionais, o setor se apresenta como uma oportunidade estrat\u00e9gica para quem busca reinven\u00e7\u00e3o profissional. No entanto, a transi\u00e7\u00e3o exige preparo, dedica\u00e7\u00e3o e vis\u00e3o de longo prazo. <\/p>\n<p>A forma\u00e7\u00e3o cont\u00ednua, o desenvolvimento de habilidades pr\u00e1ticas e a constru\u00e7\u00e3o de uma nova trajet\u00f3ria com base em dados e planejamento s\u00e3o os pilares para o sucesso.<\/p>\n<p><em>Siga o Acorda Cidade no<\/em><a href=\"https:\/\/news.google.com\/search?q=acorda%20cidade&amp;hl=pt-BR&amp;gl=BR&amp;ceid=BR%3Apt-419\"><strong><em> Google Not\u00edcias<\/em><\/strong><\/a><em> e receba os principais destaques do dia. Participe tamb\u00e9m dos nossos canais no <\/em><a href=\"https:\/\/whatsapp.com\/channel\/0029Va6Rb4v3WHTNnsh8WI3N\"><strong><em>WhatsApp<\/em><\/strong><\/a><em> e <\/em><a href=\"https:\/\/www.youtube.com\/@acordacidadenoticias\/videos\"><strong>Youtube<\/strong><\/a><em> e grupo de <\/em><a href=\"https:\/\/t.me\/+sSz0khrgARA0ZmRh\"><strong><em>Telegram<\/em><\/strong><\/a><em>.<\/em><\/p>\n<\/div>\n","protected":false},"excerpt":{"rendered":"<div>\n<div>\n<figure><img decoding=\"async\" src=\"https:\/\/uploads.acordacidade.com.br\/2024\/09\/NKc0Badu-tecnologia-cursos.jpeg\" alt=\"tecnologia cursos\"><figcaption>Foto: Freepik<\/figcaption><\/figure>\n<\/div>\n<p>Redefinir a jornada profissional  exige preparo estrat\u00e9gico<\/p><\/div>\n","protected":false},"author":1,"featured_media":91077,"comment_status":"closed","ping_status":"closed","sticky":false,"template":"","format":"gallery","meta":{"footnotes":""},"categories":[8,9,6,57,56,10],"tags":[],"class_list":["post-91076","post","type-post","status-publish","format-gallery","has-post-thumbnail","hentry","category-bahia","category-brasil","category-feira-de-santana","category-mundo","category-policia","category-politica","post_format-post-format-gallery"],"featured_image_urls":{"full":["https:\/\/noticiasbahia360.com.br\/wp-content\/uploads\/2025\/06\/NKc0Badu-tecnologia-cursos.jpeg",673,448,false],"thumbnail":["https:\/\/noticiasbahia360.com.br\/wp-content\/uploads\/2025\/06\/NKc0Badu-tecnologia-cursos-150x150.jpeg",150,150,true],"medium":["https:\/\/noticiasbahia360.com.br\/wp-content\/uploads\/2025\/06\/NKc0Badu-tecnologia-cursos-300x200.jpeg",300,200,true],"medium_large":["https:\/\/noticiasbahia360.com.br\/wp-content\/uploads\/2025\/06\/NKc0Badu-tecnologia-cursos.jpeg",640,426,false],"large":["https:\/\/noticiasbahia360.com.br\/wp-content\/uploads\/2025\/06\/NKc0Badu-tecnologia-cursos.jpeg",640,426,false],"1536x1536":["https:\/\/noticiasbahia360.com.br\/wp-content\/uploads\/2025\/06\/NKc0Badu-tecnologia-cursos.jpeg",673,448,false],"2048x2048":["https:\/\/noticiasbahia360.com.br\/wp-content\/uploads\/2025\/06\/NKc0Badu-tecnologia-cursos.jpeg",673,448,false],"chromenews-featured":["https:\/\/noticiasbahia360.com.br\/wp-content\/uploads\/2025\/06\/NKc0Badu-tecnologia-cursos.jpeg",673,448,false],"chromenews-large":["https:\/\/noticiasbahia360.com.br\/wp-content\/uploads\/2025\/06\/NKc0Badu-tecnologia-cursos.jpeg",673,448,false],"chromenews-medium":["https:\/\/noticiasbahia360.com.br\/wp-content\/uploads\/2025\/06\/NKc0Badu-tecnologia-cursos-590x410.jpeg",590,410,true]},"author_info":{"display_name":"noticiasbahia360.com.br","author_link":"https:\/\/noticiasbahia360.com.br\/?author=1"},"category_info":"<a href=\"https:\/\/noticiasbahia360.com.br\/?cat=8\" rel=\"category\">Bahia<\/a> <a href=\"https:\/\/noticiasbahia360.com.br\/?cat=9\" rel=\"category\">Brasil<\/a> <a href=\"https:\/\/noticiasbahia360.com.br\/?cat=6\" rel=\"category\">Feira de Santana<\/a> <a href=\"https:\/\/noticiasbahia360.com.br\/?cat=57\" rel=\"category\">Mundo<\/a> <a href=\"https:\/\/noticiasbahia360.com.br\/?cat=56\" rel=\"category\">Pol\u00edcia<\/a> <a href=\"https:\/\/noticiasbahia360.com.br\/?cat=10\" rel=\"category\">Pol\u00edtica<\/a>","tag_info":"Pol\u00edtica","comment_count":"0","_links":{"self":[{"href":"https:\/\/noticiasbahia360.com.br\/index.php?rest_route=\/wp\/v2\/posts\/91076","targetHints":{"allow":["GET"]}}],"collection":[{"href":"https:\/\/noticiasbahia360.com.br\/index.php?rest_route=\/wp\/v2\/posts"}],"about":[{"href":"https:\/\/noticiasbahia360.com.br\/index.php?rest_route=\/wp\/v2\/types\/post"}],"author":[{"embeddable":true,"href":"https:\/\/noticiasbahia360.com.br\/index.php?rest_route=\/wp\/v2\/users\/1"}],"replies":[{"embeddable":true,"href":"https:\/\/noticiasbahia360.com.br\/index.php?rest_route=%2Fwp%2Fv2%2Fcomments&post=91076"}],"version-history":[{"count":0,"href":"https:\/\/noticiasbahia360.com.br\/index.php?rest_route=\/wp\/v2\/posts\/91076\/revisions"}],"wp:featuredmedia":[{"embeddable":true,"href":"https:\/\/noticiasbahia360.com.br\/index.php?rest_route=\/wp\/v2\/media\/91077"}],"wp:attachment":[{"href":"https:\/\/noticiasbahia360.com.br\/index.php?rest_route=%2Fwp%2Fv2%2Fmedia&parent=91076"}],"wp:term":[{"taxonomy":"category","embeddable":true,"href":"https:\/\/noticiasbahia360.com.br\/index.php?rest_route=%2Fwp%2Fv2%2Fcategories&post=91076"},{"taxonomy":"post_tag","embeddable":true,"href":"https:\/\/noticiasbahia360.com.br\/index.php?rest_route=%2Fwp%2Fv2%2Ftags&post=91076"}],"curies":[{"name":"wp","href":"https:\/\/api.w.org\/{rel}","templated":true}]}}