{"id":91078,"date":"2025-06-25T16:51:46","date_gmt":"2025-06-25T19:51:46","guid":{"rendered":"https:\/\/noticiasbahia360.com.br\/?p=91078"},"modified":"2025-06-25T16:51:46","modified_gmt":"2025-06-25T19:51:46","slug":"em-cachoeira-governo-do-estado-inicia-homenagens-a-luta-pela-independencia-da-bahia","status":"publish","type":"post","link":"https:\/\/noticiasbahia360.com.br\/?p=91078","title":{"rendered":"Em Cachoeira, Governo do Estado inicia homenagens \u00e0 luta pela Independ\u00eancia da Bahia"},"content":{"rendered":"<div>\n<div>\n<figure><img decoding=\"async\" src=\"http:\/\/noticiasbahia360.com.br\/wp-content\/uploads\/2025\/06\/Independencia-da-Bahia-250625.jpg\" alt=\"Em Cachoeira, Governo do Estado inicia homenagens \u00e0 luta pela Independ\u00eancia da Bahia\"><figcaption>Foto: Jo\u00e1 Souza\/ GOVBA<\/figcaption><\/figure>\n<\/div>\n<p>Com a bandeira da <a href=\"https:\/\/www.acordacidade.com.br\/tag\/bahia\/\">Bahia<\/a> erguida ao alto e o centro hist\u00f3rico tomado por homenagens, Cachoeira reafirmou, nesta quarta-feira (25), seu papel na hist\u00f3ria da Independ\u00eancia do Brasil. Foi no munic\u00edpio, em 25 de junho de 1822, que come\u00e7aram os movimentos populares e pol\u00edticos que fortaleceram a luta contra o dom\u00ednio portugu\u00eas. Um ano depois, esses esfor\u00e7os resultaram na expuls\u00e3o definitiva das tropas lusitanas, consolidando a Independ\u00eancia na regi\u00e3o. Em reconhecimento a esse marco, a sede do <a href=\"https:\/\/www.acordacidade.com.br\/tag\/governo-do-estado\/\">Governo do Estado<\/a> \u00e9 simbolicamente transferida para Cachoeira todos os anos, conforme determina uma lei estadual de 2007. O governador Jer\u00f4nimo Rodrigues conduziu a cerim\u00f4nia oficial.<\/p>\n<p>\u201cEssa \u00e9 uma data que nos lembra a for\u00e7a do povo baiano na conquista da Independ\u00eancia. E \u00e9 muito simb\u00f3lico que essa luta tenha come\u00e7ado aqui, com o povo de Cachoeira se levantando contra a domina\u00e7\u00e3o. Ao transferirmos a sede do governo para c\u00e1, reafirmamos nosso compromisso com a valoriza\u00e7\u00e3o da hist\u00f3ria e com o fortalecimento da identidade do nosso povo. Que esse gesto ajude tamb\u00e9m a inspirar as novas gera\u00e7\u00f5es a conhecer e respeitar o caminho que percorremos at\u00e9 aqui\u201d, afirmou Jer\u00f4nimo.<\/p>\n<figure class=\"wp-block-image size-large\"><img fetchpriority=\"high\" data-dominant-color=\"b6b7b9\" data-has-transparency=\"false\" style=\"--dominant-color: #b6b7b9;\" fetchpriority=\"high\" decoding=\"async\" width=\"1152\" height=\"768\" sizes=\"(max-width: 1152px) 100vw, 1152px\" src=\"http:\/\/noticiasbahia360.com.br\/wp-content\/uploads\/2025\/06\/cM2QqL0p-Independencia-da-Bahia-2-250625-1152x768-1.webp\" alt=\"Em Cachoeira, Governo do Estado inicia homenagens \u00e0 luta pela Independ\u00eancia da Bahia\" class=\"wp-image-569099 not-transparent\" srcset=\"https:\/\/uploads.acordacidade.com.br\/2025\/06\/cM2QqL0p-Independencia-da-Bahia-2-250625-548x365.webp 548w, http:\/\/noticiasbahia360.com.br\/wp-content\/uploads\/2025\/06\/cM2QqL0p-Independencia-da-Bahia-2-250625-1152x768-1.webp 1152w, https:\/\/uploads.acordacidade.com.br\/2025\/06\/cM2QqL0p-Independencia-da-Bahia-2-250625-830x553.webp 830w, https:\/\/uploads.acordacidade.com.br\/2025\/06\/cM2QqL0p-Independencia-da-Bahia-2-250625-150x100.webp 150w, https:\/\/uploads.acordacidade.com.br\/2025\/06\/cM2QqL0p-Independencia-da-Bahia-2-250625.webp 1200w\"><figcaption class=\"wp-element-caption\">Foto: Jo\u00e1 Souza\/ GOVBA<\/figcaption><\/figure>\n<p>A programa\u00e7\u00e3o contou com alvorada de fogos, hasteamento das bandeiras, cortejos culturais e celebra\u00e7\u00f5es religiosas. Um dos destaques foi o Solene Te Deum, canto lit\u00fargico celebrado h\u00e1 196 anos na Igreja Matriz da Par\u00f3quia Nossa Senhora do Ros\u00e1rio, em homenagem aos her\u00f3is das batalhas de 1822. Grupos culturais, estudantes e autoridades dos tr\u00eas poderes participaram dos atos.<\/p>\n<h2 class=\"wp-block-heading\" id=\"h-importancia-historica\">Import\u00e2ncia hist\u00f3rica<\/h2>\n<p>Para o professor de Hist\u00f3ria Marcelo Nogueira, que h\u00e1 mais de 15 anos acompanha a solenidade com seus alunos, participar do 25 de Junho \u00e9 um ato pedag\u00f3gico e de resist\u00eancia. \u201cCachoeira \u00e9 o ber\u00e7o de uma das mais importantes revolu\u00e7\u00f5es do Brasil. Estar aqui no 25 de Junho \u00e9 um dever de quem acredita na educa\u00e7\u00e3o e na mem\u00f3ria como caminhos para a cidadania. Essa data precisa ser ensinada nas escolas como parte central da hist\u00f3ria da independ\u00eancia.\u201d<\/p>\n<figure class=\"wp-block-image size-large\"><img data-dominant-color=\"8c8177\" data-has-transparency=\"false\" style=\"--dominant-color: #8c8177;\" decoding=\"async\" width=\"1152\" height=\"768\" sizes=\"(max-width: 1152px) 100vw, 1152px\" src=\"http:\/\/noticiasbahia360.com.br\/wp-content\/uploads\/2025\/06\/dz00jkSA-Homenagens-a-luta-pela-Independencia-da-Bahia-250625-1152x768-1.webp\" alt=\"Homenagens \u00e0 luta pela Independ\u00eancia da Bahia 250625\" class=\"wp-image-569100 not-transparent\" srcset=\"https:\/\/uploads.acordacidade.com.br\/2025\/06\/dz00jkSA-Homenagens-a-luta-pela-Independencia-da-Bahia-250625-548x365.webp 548w, http:\/\/noticiasbahia360.com.br\/wp-content\/uploads\/2025\/06\/dz00jkSA-Homenagens-a-luta-pela-Independencia-da-Bahia-250625-1152x768-1.webp 1152w, https:\/\/uploads.acordacidade.com.br\/2025\/06\/dz00jkSA-Homenagens-a-luta-pela-Independencia-da-Bahia-250625-830x553.webp 830w, https:\/\/uploads.acordacidade.com.br\/2025\/06\/dz00jkSA-Homenagens-a-luta-pela-Independencia-da-Bahia-250625-150x100.webp 150w, https:\/\/uploads.acordacidade.com.br\/2025\/06\/dz00jkSA-Homenagens-a-luta-pela-Independencia-da-Bahia-250625.webp 1200w\"><figcaption class=\"wp-element-caption\">Foto: Jo\u00e1 Souza\/ GOVBA<\/figcaption><\/figure>\n<p>Entre os moradores, o orgulho e a emo\u00e7\u00e3o marcaram a manh\u00e3. Dona Terezinha Barbosa, de 67 anos, nasceu em Cachoeira e acompanha a cerim\u00f4nia desde a juventude. \u201cA cidade toda se enfeita, parece que o tempo volta. A gente lembra dos nossos antepassados, das mulheres que resistiram, dos homens que lutaram. \u00c9 um orgulho muito grande saber que a hist\u00f3ria do Brasil tamb\u00e9m passa por aqui\u201d, contou emocionada.<\/p>\n<h2 class=\"wp-block-heading\" id=\"h-cultura\">Cultura<\/h2>\n<p>O secret\u00e1rio de Cultura da Bahia, Bruno Monteiro, tamb\u00e9m participou das atividades e refor\u00e7ou a dimens\u00e3o simb\u00f3lica e pol\u00edtica da cerim\u00f4nia. \u201cValorizamos essa data porque ela carrega o DNA da luta popular baiana. Ao celebrar o 25 de Junho, reafirmamos a pot\u00eancia cultural do Rec\u00f4ncavo e sua contribui\u00e7\u00e3o \u00fanica para o Brasil que somos hoje. \u00c9 tamb\u00e9m um ato de justi\u00e7a com a mem\u00f3ria dos que fizeram a independ\u00eancia de verdade, nas ruas e becos de cidades como Cachoeira.\u201d<\/p>\n<figure class=\"wp-block-image size-large\"><img data-dominant-color=\"6f6664\" data-has-transparency=\"false\" style=\"--dominant-color: #6f6664;\" decoding=\"async\" width=\"1152\" height=\"768\" sizes=\"(max-width: 1152px) 100vw, 1152px\" src=\"http:\/\/noticiasbahia360.com.br\/wp-content\/uploads\/2025\/06\/zGsenQXQ-Independencia-da-Bahia-6-250625-1152x768-1.webp\" alt=\"Em Cachoeira, Governo do Estado inicia homenagens \u00e0 luta pela Independ\u00eancia da Bahia\" class=\"wp-image-569102 not-transparent\" srcset=\"https:\/\/uploads.acordacidade.com.br\/2025\/06\/zGsenQXQ-Independencia-da-Bahia-6-250625-548x365.webp 548w, http:\/\/noticiasbahia360.com.br\/wp-content\/uploads\/2025\/06\/zGsenQXQ-Independencia-da-Bahia-6-250625-1152x768-1.webp 1152w, https:\/\/uploads.acordacidade.com.br\/2025\/06\/zGsenQXQ-Independencia-da-Bahia-6-250625-830x553.webp 830w, https:\/\/uploads.acordacidade.com.br\/2025\/06\/zGsenQXQ-Independencia-da-Bahia-6-250625-150x100.webp 150w, https:\/\/uploads.acordacidade.com.br\/2025\/06\/zGsenQXQ-Independencia-da-Bahia-6-250625.webp 1200w\"><figcaption class=\"wp-element-caption\">Foto: Jo\u00e1 Souza\/ GOVBA<\/figcaption><\/figure>\n<p>J\u00e1 o secret\u00e1rio de Turismo, Maur\u00edcio Bacelar, destacou o potencial hist\u00f3rico e cultural da cidade como motor para o desenvolvimento da regi\u00e3o. \u201cO turismo de base cultural \u00e9 uma das maiores riquezas da Bahia, e Cachoeira \u00e9 um dos nossos maiores tesouros. Investir em infraestrutura, forma\u00e7\u00e3o e divulga\u00e7\u00e3o \u00e9 uma forma de transformar esse patrim\u00f4nio em oportunidade para a popula\u00e7\u00e3o local.\u201d<\/p>\n<p><em>Siga o Acorda Cidade no<\/em><a href=\"https:\/\/news.google.com\/search?q=acorda%20cidade&amp;hl=pt-BR&amp;gl=BR&amp;ceid=BR%3Apt-419\"><strong><em>\u00a0Google Not\u00edcias<\/em><\/strong><\/a><em>\u00a0e receba os principais destaques do dia. Participe tamb\u00e9m dos nossos canais no\u00a0<\/em><a href=\"https:\/\/www.whatsapp.com\/channel\/0029Va6Rb4v3WHTNnsh8WI3N\"><strong><em>WhatsApp<\/em><\/strong><\/a><em>\u00a0e\u00a0<\/em><a href=\"https:\/\/www.youtube.com\/@acordacidadenoticias\/videos\"><strong>Youtube<\/strong><\/a><em>\u00a0e grupo de\u00a0<\/em><a href=\"https:\/\/t.me\/+sSz0khrgARA0ZmRh\"><strong><em>Telegram<\/em><\/strong><\/a><em>.<\/em><\/p>\n<\/div>\n","protected":false},"excerpt":{"rendered":"<div>\n<div>\n<figure><img decoding=\"async\" src=\"https:\/\/uploads.acordacidade.com.br\/2025\/06\/Independencia-da-Bahia-250625.jpg\" alt=\"Em Cachoeira, Governo do Estado inicia homenagens \u00e0 luta pela Independ\u00eancia da Bahia\"><figcaption>Foto: Jo\u00e1 Souza\/ GOVBA<\/figcaption><\/figure>\n<\/div>\n<p>Cerim\u00f4nia oficial foi realizada com a presen\u00e7a do governador e secret\u00e1rios estaduais. Grupos culturais e estudantes tamb\u00e9m participaram dos atos.<\/p><\/div>\n","protected":false},"author":1,"featured_media":91079,"comment_status":"closed","ping_status":"closed","sticky":false,"template":"","format":"gallery","meta":{"footnotes":""},"categories":[8,9,6,57,56,10],"tags":[],"class_list":["post-91078","post","type-post","status-publish","format-gallery","has-post-thumbnail","hentry","category-bahia","category-brasil","category-feira-de-santana","category-mundo","category-policia","category-politica","post_format-post-format-gallery"],"featured_image_urls":{"full":["https:\/\/noticiasbahia360.com.br\/wp-content\/uploads\/2025\/06\/Independencia-da-Bahia-250625.jpg",1200,761,false],"thumbnail":["https:\/\/noticiasbahia360.com.br\/wp-content\/uploads\/2025\/06\/Independencia-da-Bahia-250625-150x150.jpg",150,150,true],"medium":["https:\/\/noticiasbahia360.com.br\/wp-content\/uploads\/2025\/06\/Independencia-da-Bahia-250625-300x190.jpg",300,190,true],"medium_large":["https:\/\/noticiasbahia360.com.br\/wp-content\/uploads\/2025\/06\/Independencia-da-Bahia-250625-768x487.jpg",640,406,true],"large":["https:\/\/noticiasbahia360.com.br\/wp-content\/uploads\/2025\/06\/Independencia-da-Bahia-250625-1024x649.jpg",640,406,true],"1536x1536":["https:\/\/noticiasbahia360.com.br\/wp-content\/uploads\/2025\/06\/Independencia-da-Bahia-250625.jpg",1200,761,false],"2048x2048":["https:\/\/noticiasbahia360.com.br\/wp-content\/uploads\/2025\/06\/Independencia-da-Bahia-250625.jpg",1200,761,false],"chromenews-featured":["https:\/\/noticiasbahia360.com.br\/wp-content\/uploads\/2025\/06\/Independencia-da-Bahia-250625-1024x649.jpg",1024,649,true],"chromenews-large":["https:\/\/noticiasbahia360.com.br\/wp-content\/uploads\/2025\/06\/Independencia-da-Bahia-250625-825x575.jpg",825,575,true],"chromenews-medium":["https:\/\/noticiasbahia360.com.br\/wp-content\/uploads\/2025\/06\/Independencia-da-Bahia-250625-590x410.jpg",590,410,true]},"author_info":{"display_name":"noticiasbahia360.com.br","author_link":"https:\/\/noticiasbahia360.com.br\/?author=1"},"category_info":"<a href=\"https:\/\/noticiasbahia360.com.br\/?cat=8\" rel=\"category\">Bahia<\/a> <a href=\"https:\/\/noticiasbahia360.com.br\/?cat=9\" rel=\"category\">Brasil<\/a> <a href=\"https:\/\/noticiasbahia360.com.br\/?cat=6\" rel=\"category\">Feira de Santana<\/a> <a href=\"https:\/\/noticiasbahia360.com.br\/?cat=57\" rel=\"category\">Mundo<\/a> <a href=\"https:\/\/noticiasbahia360.com.br\/?cat=56\" rel=\"category\">Pol\u00edcia<\/a> <a href=\"https:\/\/noticiasbahia360.com.br\/?cat=10\" rel=\"category\">Pol\u00edtica<\/a>","tag_info":"Pol\u00edtica","comment_count":"0","_links":{"self":[{"href":"https:\/\/noticiasbahia360.com.br\/index.php?rest_route=\/wp\/v2\/posts\/91078","targetHints":{"allow":["GET"]}}],"collection":[{"href":"https:\/\/noticiasbahia360.com.br\/index.php?rest_route=\/wp\/v2\/posts"}],"about":[{"href":"https:\/\/noticiasbahia360.com.br\/index.php?rest_route=\/wp\/v2\/types\/post"}],"author":[{"embeddable":true,"href":"https:\/\/noticiasbahia360.com.br\/index.php?rest_route=\/wp\/v2\/users\/1"}],"replies":[{"embeddable":true,"href":"https:\/\/noticiasbahia360.com.br\/index.php?rest_route=%2Fwp%2Fv2%2Fcomments&post=91078"}],"version-history":[{"count":0,"href":"https:\/\/noticiasbahia360.com.br\/index.php?rest_route=\/wp\/v2\/posts\/91078\/revisions"}],"wp:featuredmedia":[{"embeddable":true,"href":"https:\/\/noticiasbahia360.com.br\/index.php?rest_route=\/wp\/v2\/media\/91079"}],"wp:attachment":[{"href":"https:\/\/noticiasbahia360.com.br\/index.php?rest_route=%2Fwp%2Fv2%2Fmedia&parent=91078"}],"wp:term":[{"taxonomy":"category","embeddable":true,"href":"https:\/\/noticiasbahia360.com.br\/index.php?rest_route=%2Fwp%2Fv2%2Fcategories&post=91078"},{"taxonomy":"post_tag","embeddable":true,"href":"https:\/\/noticiasbahia360.com.br\/index.php?rest_route=%2Fwp%2Fv2%2Ftags&post=91078"}],"curies":[{"name":"wp","href":"https:\/\/api.w.org\/{rel}","templated":true}]}}