{"id":91083,"date":"2025-06-25T17:08:00","date_gmt":"2025-06-25T20:08:00","guid":{"rendered":"https:\/\/noticiasbahia360.com.br\/?p=91083"},"modified":"2025-06-25T17:08:00","modified_gmt":"2025-06-25T20:08:00","slug":"smt-mantem-fechado-retorno-na-avenida-noide-cerqueira-durante-o-periodo-junino","status":"publish","type":"post","link":"https:\/\/noticiasbahia360.com.br\/?p=91083","title":{"rendered":"SMT mant\u00e9m fechado retorno na avenida N\u00f3ide Cerqueira durante o per\u00edodo junino"},"content":{"rendered":"<div>\n<div>\n<figure><img decoding=\"async\" src=\"http:\/\/noticiasbahia360.com.br\/wp-content\/uploads\/2025\/06\/mudanca-transito-noide.jpg\" alt=\"mudan\u00e7a tr\u00e2nsito noide fechamento retorno\"><figcaption>Foto: Izinaldo Barreto\/Secom &#8211; Arquivo<br \/>\n<\/figcaption><\/figure>\n<\/div>\n<p>Para garantir a seguran\u00e7a vi\u00e1ria e o bom fluxo de ve\u00edculos durante os <a href=\"https:\/\/www.acordacidade.com.br\/tag\/festejos-juninos\/\">festejos juninos<\/a>, a Superintend\u00eancia Municipal de Tr\u00e2nsito (<a href=\"https:\/\/www.acordacidade.com.br\/tag\/smt\/\">SMT<\/a>) manter\u00e1 temporariamente fechado o retorno da Avenida N\u00f3ide Cerqueira, nas proximidades da entrada do Espa\u00e7o Brilhante Eventos.<\/p>\n<p>A medida preventiva foi adotada diante do aumento no tr\u00e1fego registrado na regi\u00e3o durante esse per\u00edodo. A decis\u00e3o visa evitar <a href=\"https:\/\/www.acordacidade.com.br\/tag\/congestionamento\/\">congestionamentos <\/a>e poss\u00edveis acidentes, organizando de forma mais eficiente a circula\u00e7\u00e3o dos ve\u00edculos.<\/p>\n<p>De acordo com a SMT, ap\u00f3s o encerramento das festas, ser\u00e1 realizada uma nova an\u00e1lise t\u00e9cnica para avaliar a possibilidade de reabertura do retorno. A avalia\u00e7\u00e3o levar\u00e1 em considera\u00e7\u00e3o crit\u00e9rios como seguran\u00e7a e fluidez do <a href=\"https:\/\/www.acordacidade.com.br\/tag\/transito\/\">tr\u00e2nsito<\/a>.<\/p>\n<p>\u201cA nossa prioridade \u00e9 garantir que <a href=\"https:\/\/www.acordacidade.com.br\/tag\/motoristas\/\">motoristas<\/a>, motociclistas, ciclistas e pedestres tenham mais tranquilidade e seguran\u00e7a para se deslocar. Por isso, adotamos essa medida com base em estudos t\u00e9cnicos\u201d, destaca o superintendente Ricardo Cunha.<\/p>\n<p><em>As informa\u00e7\u00f5es s\u00e3o da Secretaria Municipal de Comunica\u00e7\u00e3o<\/em><\/p>\n<p><em>Siga o Acorda Cidade no<\/em><a href=\"https:\/\/news.google.com\/search?q=acorda%20cidade&amp;hl=pt-BR&amp;gl=BR&amp;ceid=BR%3Apt-419\"><strong><em>\u00a0Google Not\u00edcias<\/em><\/strong><\/a><em>\u00a0e receba os principais destaques do dia. Participe tamb\u00e9m dos nossos canais no\u00a0<\/em><a href=\"https:\/\/www.whatsapp.com\/channel\/0029Va6Rb4v3WHTNnsh8WI3N\"><strong><em>WhatsApp<\/em><\/strong><\/a><em>\u00a0e\u00a0<\/em><a href=\"https:\/\/www.youtube.com\/@acordacidadenoticias\/videos\"><strong>Youtube<\/strong><\/a><em>\u00a0e grupo de\u00a0<\/em><a href=\"https:\/\/t.me\/+sSz0khrgARA0ZmRh\"><strong><em>Telegram<\/em><\/strong><\/a><em>.<\/em><\/p>\n<\/div>\n","protected":false},"excerpt":{"rendered":"<div>\n<div>\n<figure><img decoding=\"async\" src=\"https:\/\/uploads.acordacidade.com.br\/2024\/12\/mudanca-transito-noide.jpg\" alt=\"mudan\u00e7a tr\u00e2nsito noide fechamento retorno\"><figcaption>Foto: Izinaldo Barreto\/Secom &#8211; Arquivo<br \/>\n<\/figcaption><\/figure>\n<\/div>\n<p>A medida preventiva foi adotada diante do aumento no tr\u00e1fego registrado na regi\u00e3o durante esse per\u00edodo<\/p><\/div>\n","protected":false},"author":1,"featured_media":91084,"comment_status":"closed","ping_status":"closed","sticky":false,"template":"","format":"gallery","meta":{"footnotes":""},"categories":[8,9,6,57,56,10],"tags":[],"class_list":["post-91083","post","type-post","status-publish","format-gallery","has-post-thumbnail","hentry","category-bahia","category-brasil","category-feira-de-santana","category-mundo","category-policia","category-politica","post_format-post-format-gallery"],"featured_image_urls":{"full":["https:\/\/noticiasbahia360.com.br\/wp-content\/uploads\/2025\/06\/mudanca-transito-noide.jpg",640,426,false],"thumbnail":["https:\/\/noticiasbahia360.com.br\/wp-content\/uploads\/2025\/06\/mudanca-transito-noide-150x150.jpg",150,150,true],"medium":["https:\/\/noticiasbahia360.com.br\/wp-content\/uploads\/2025\/06\/mudanca-transito-noide-300x200.jpg",300,200,true],"medium_large":["https:\/\/noticiasbahia360.com.br\/wp-content\/uploads\/2025\/06\/mudanca-transito-noide.jpg",640,426,false],"large":["https:\/\/noticiasbahia360.com.br\/wp-content\/uploads\/2025\/06\/mudanca-transito-noide.jpg",640,426,false],"1536x1536":["https:\/\/noticiasbahia360.com.br\/wp-content\/uploads\/2025\/06\/mudanca-transito-noide.jpg",640,426,false],"2048x2048":["https:\/\/noticiasbahia360.com.br\/wp-content\/uploads\/2025\/06\/mudanca-transito-noide.jpg",640,426,false],"chromenews-featured":["https:\/\/noticiasbahia360.com.br\/wp-content\/uploads\/2025\/06\/mudanca-transito-noide.jpg",640,426,false],"chromenews-large":["https:\/\/noticiasbahia360.com.br\/wp-content\/uploads\/2025\/06\/mudanca-transito-noide.jpg",640,426,false],"chromenews-medium":["https:\/\/noticiasbahia360.com.br\/wp-content\/uploads\/2025\/06\/mudanca-transito-noide-590x410.jpg",590,410,true]},"author_info":{"display_name":"noticiasbahia360.com.br","author_link":"https:\/\/noticiasbahia360.com.br\/?author=1"},"category_info":"<a href=\"https:\/\/noticiasbahia360.com.br\/?cat=8\" rel=\"category\">Bahia<\/a> <a href=\"https:\/\/noticiasbahia360.com.br\/?cat=9\" rel=\"category\">Brasil<\/a> <a href=\"https:\/\/noticiasbahia360.com.br\/?cat=6\" rel=\"category\">Feira de Santana<\/a> <a href=\"https:\/\/noticiasbahia360.com.br\/?cat=57\" rel=\"category\">Mundo<\/a> <a href=\"https:\/\/noticiasbahia360.com.br\/?cat=56\" rel=\"category\">Pol\u00edcia<\/a> <a href=\"https:\/\/noticiasbahia360.com.br\/?cat=10\" rel=\"category\">Pol\u00edtica<\/a>","tag_info":"Pol\u00edtica","comment_count":"0","_links":{"self":[{"href":"https:\/\/noticiasbahia360.com.br\/index.php?rest_route=\/wp\/v2\/posts\/91083","targetHints":{"allow":["GET"]}}],"collection":[{"href":"https:\/\/noticiasbahia360.com.br\/index.php?rest_route=\/wp\/v2\/posts"}],"about":[{"href":"https:\/\/noticiasbahia360.com.br\/index.php?rest_route=\/wp\/v2\/types\/post"}],"author":[{"embeddable":true,"href":"https:\/\/noticiasbahia360.com.br\/index.php?rest_route=\/wp\/v2\/users\/1"}],"replies":[{"embeddable":true,"href":"https:\/\/noticiasbahia360.com.br\/index.php?rest_route=%2Fwp%2Fv2%2Fcomments&post=91083"}],"version-history":[{"count":0,"href":"https:\/\/noticiasbahia360.com.br\/index.php?rest_route=\/wp\/v2\/posts\/91083\/revisions"}],"wp:featuredmedia":[{"embeddable":true,"href":"https:\/\/noticiasbahia360.com.br\/index.php?rest_route=\/wp\/v2\/media\/91084"}],"wp:attachment":[{"href":"https:\/\/noticiasbahia360.com.br\/index.php?rest_route=%2Fwp%2Fv2%2Fmedia&parent=91083"}],"wp:term":[{"taxonomy":"category","embeddable":true,"href":"https:\/\/noticiasbahia360.com.br\/index.php?rest_route=%2Fwp%2Fv2%2Fcategories&post=91083"},{"taxonomy":"post_tag","embeddable":true,"href":"https:\/\/noticiasbahia360.com.br\/index.php?rest_route=%2Fwp%2Fv2%2Ftags&post=91083"}],"curies":[{"name":"wp","href":"https:\/\/api.w.org\/{rel}","templated":true}]}}