{"id":91085,"date":"2025-06-25T17:08:01","date_gmt":"2025-06-25T20:08:01","guid":{"rendered":"https:\/\/noticiasbahia360.com.br\/?p=91085"},"modified":"2025-06-25T17:08:01","modified_gmt":"2025-06-25T20:08:01","slug":"gripe-aviaria-16-paises-suspendem-restricao-a-carne-brasileira","status":"publish","type":"post","link":"https:\/\/noticiasbahia360.com.br\/?p=91085","title":{"rendered":"Gripe avi\u00e1ria: 16 pa\u00edses suspendem restri\u00e7\u00e3o \u00e0 carne brasileira"},"content":{"rendered":"<div>\n<div>\n<figure><img decoding=\"async\" src=\"http:\/\/noticiasbahia360.com.br\/wp-content\/uploads\/2025\/06\/S6tXxxpF-frangos1ana.webp\" alt=\"Gripe avi\u00e1ria: 16 pa\u00edses suspendem restri\u00e7\u00e3o \u00e0 carne brasileira\"><figcaption>Foto: Arquivo\/Ag\u00eancia Brasil<\/figcaption><\/figure>\n<\/div>\n<p>Ag\u00eancia Brasil \u2013 O Minist\u00e9rio da Agricultura e Pecu\u00e1ria (Mapa) divulgou nota nesta ter\u00e7a-feira (24) informando que 16 pa\u00edses retiraram as restri\u00e7\u00f5es \u00e0 importa\u00e7\u00e3o de carne de aves do <a href=\"https:\/\/www.acordacidade.com.br\/tag\/brasil\/\">Brasil<\/a>, ap\u00f3s o caso de gripe avi\u00e1ria registrado no Rio Grande do Sul.<\/p>\n<p>Integram a lista Arg\u00e9lia, Bol\u00edvia, B\u00f3snia e Herzegovina, Egito, El Salvador, Iraque, Lesoto, L\u00edbia, Marrocos, Mianmar, Montenegro, Paraguai, Rep\u00fablica Dominicana, Sri Lanka, Vanuatu e Vietn\u00e3.<\/p>\n<p>No \u00faltimo dia 18, o Brasil voltou a ser um pa\u00eds livre da influenza avi\u00e1ria ap\u00f3s ter cumprido os protocolos internacionais que preveem, entre outras medidas, o prazo de 28 dias sem novos registros em granjas comerciais.<\/p>\n<p>Um \u00fanico caso confirmado em estabelecimento comercial foi registrado em uma granja no munic\u00edpio ga\u00facho de Montenegro, no dia 16 de maio. A confirma\u00e7\u00e3o da doen\u00e7a foi feita no dia 22 de maio, ap\u00f3s a conclus\u00e3o da desinfec\u00e7\u00e3o da granja contaminada.<\/p>\n<p>No momento, 14 pa\u00edses, mais a Uni\u00e3o Europeia, mant\u00e9m o embargo total \u00e0 exporta\u00e7\u00e3o da carne brasileira. Mais 19 pa\u00edses, al\u00e9m do Reino Unido, est\u00e3o com a suspens\u00e3o restrita \u00e0 carne proveniente do Rio Grande do Sul. Catar, Emirados \u00c1rabes e Jord\u00e2nia est\u00e3o com a exporta\u00e7\u00e3o suspensa apenas para produto oriundo do munic\u00edpio de Montenegro.<\/p>\n<p>O minist\u00e9rio informou que permanece em articula\u00e7\u00e3o com as autoridades sanit\u00e1rias dos pa\u00edses importadores para prestar todas as informa\u00e7\u00f5es t\u00e9cnicas necess\u00e1rias sobre o caso.<\/p>\n<p>\u201cAs a\u00e7\u00f5es adotadas visam garantir a seguran\u00e7a sanit\u00e1ria e a retomada segura das exporta\u00e7\u00f5es o mais breve poss\u00edvel.\u201d<\/p>\n<h2 class=\"wp-block-heading\" id=\"h-o-que-e-a-gripe-aviaria\">O que \u00e9 a gripe avi\u00e1ria?<\/h2>\n<p>A influenza avi\u00e1ria, comumente conhecida como gripe avi\u00e1ria, afeta principalmente aves, mas tamb\u00e9m foi detectada em mam\u00edferos, incluindo bovinos.<\/p>\n<p>A transmiss\u00e3o ocorre pelo contato com aves doentes e tamb\u00e9m por meio da \u00e1gua e de materiais contaminados.<\/p>\n<p>A doen\u00e7a raramente afeta humanos, e a orienta\u00e7\u00e3o \u00e9 que as pessoas se mantenham informadas e adotem as medidas preventivas recomendadas.<\/p>\n<p>Segundo o Minist\u00e9rio da Agricultura, carnes e ovos podem ser consumidos com seguran\u00e7a, desde que preparados adequadamente.<\/p>\n<p><em>Siga o Acorda Cidade no<\/em><a href=\"https:\/\/news.google.com\/search?q=acorda%20cidade&amp;hl=pt-BR&amp;gl=BR&amp;ceid=BR%3Apt-419\"><strong><em>\u00a0Google Not\u00edcias<\/em><\/strong><\/a><em>\u00a0e receba os principais destaques do dia. Participe tamb\u00e9m dos nossos canais no\u00a0<\/em><a href=\"https:\/\/www.whatsapp.com\/channel\/0029Va6Rb4v3WHTNnsh8WI3N\"><strong><em>WhatsApp<\/em><\/strong><\/a><em>\u00a0e\u00a0<\/em><a href=\"https:\/\/www.youtube.com\/@acordacidadenoticias\/videos\"><strong>Youtube<\/strong><\/a><em>\u00a0e grupo de\u00a0<\/em><a href=\"https:\/\/t.me\/+sSz0khrgARA0ZmRh\"><strong><em>Telegram<\/em><\/strong><\/a><em>.<\/em><\/p>\n<\/div>\n","protected":false},"excerpt":{"rendered":"<div>\n<div>\n<figure><img decoding=\"async\" src=\"https:\/\/uploads.acordacidade.com.br\/2025\/05\/S6tXxxpF-frangos1ana.webp\" alt=\"Gripe avi\u00e1ria: 16 pa\u00edses suspendem restri\u00e7\u00e3o \u00e0 carne brasileira\"><figcaption>Foto: Arquivo\/Ag\u00eancia Brasil<\/figcaption><\/figure>\n<\/div>\n<p>Brasil registrou primeiro caso em estabelecimento comercial em maio.<\/p><\/div>\n","protected":false},"author":1,"featured_media":91086,"comment_status":"closed","ping_status":"closed","sticky":false,"template":"","format":"gallery","meta":{"footnotes":""},"categories":[8,9,6,57,56,10],"tags":[],"class_list":["post-91085","post","type-post","status-publish","format-gallery","has-post-thumbnail","hentry","category-bahia","category-brasil","category-feira-de-santana","category-mundo","category-policia","category-politica","post_format-post-format-gallery"],"featured_image_urls":{"full":["https:\/\/noticiasbahia360.com.br\/wp-content\/uploads\/2025\/06\/S6tXxxpF-frangos1ana.webp",1200,718,false],"thumbnail":["https:\/\/noticiasbahia360.com.br\/wp-content\/uploads\/2025\/06\/S6tXxxpF-frangos1ana-150x150.webp",150,150,true],"medium":["https:\/\/noticiasbahia360.com.br\/wp-content\/uploads\/2025\/06\/S6tXxxpF-frangos1ana-300x180.webp",300,180,true],"medium_large":["https:\/\/noticiasbahia360.com.br\/wp-content\/uploads\/2025\/06\/S6tXxxpF-frangos1ana-768x460.webp",640,383,true],"large":["https:\/\/noticiasbahia360.com.br\/wp-content\/uploads\/2025\/06\/S6tXxxpF-frangos1ana-1024x613.webp",640,383,true],"1536x1536":["https:\/\/noticiasbahia360.com.br\/wp-content\/uploads\/2025\/06\/S6tXxxpF-frangos1ana.webp",1200,718,false],"2048x2048":["https:\/\/noticiasbahia360.com.br\/wp-content\/uploads\/2025\/06\/S6tXxxpF-frangos1ana.webp",1200,718,false],"chromenews-featured":["https:\/\/noticiasbahia360.com.br\/wp-content\/uploads\/2025\/06\/S6tXxxpF-frangos1ana-1024x613.webp",1024,613,true],"chromenews-large":["https:\/\/noticiasbahia360.com.br\/wp-content\/uploads\/2025\/06\/S6tXxxpF-frangos1ana-825x575.webp",825,575,true],"chromenews-medium":["https:\/\/noticiasbahia360.com.br\/wp-content\/uploads\/2025\/06\/S6tXxxpF-frangos1ana-590x410.webp",590,410,true]},"author_info":{"display_name":"noticiasbahia360.com.br","author_link":"https:\/\/noticiasbahia360.com.br\/?author=1"},"category_info":"<a href=\"https:\/\/noticiasbahia360.com.br\/?cat=8\" rel=\"category\">Bahia<\/a> <a href=\"https:\/\/noticiasbahia360.com.br\/?cat=9\" rel=\"category\">Brasil<\/a> <a href=\"https:\/\/noticiasbahia360.com.br\/?cat=6\" rel=\"category\">Feira de Santana<\/a> <a href=\"https:\/\/noticiasbahia360.com.br\/?cat=57\" rel=\"category\">Mundo<\/a> <a href=\"https:\/\/noticiasbahia360.com.br\/?cat=56\" rel=\"category\">Pol\u00edcia<\/a> <a href=\"https:\/\/noticiasbahia360.com.br\/?cat=10\" rel=\"category\">Pol\u00edtica<\/a>","tag_info":"Pol\u00edtica","comment_count":"0","_links":{"self":[{"href":"https:\/\/noticiasbahia360.com.br\/index.php?rest_route=\/wp\/v2\/posts\/91085","targetHints":{"allow":["GET"]}}],"collection":[{"href":"https:\/\/noticiasbahia360.com.br\/index.php?rest_route=\/wp\/v2\/posts"}],"about":[{"href":"https:\/\/noticiasbahia360.com.br\/index.php?rest_route=\/wp\/v2\/types\/post"}],"author":[{"embeddable":true,"href":"https:\/\/noticiasbahia360.com.br\/index.php?rest_route=\/wp\/v2\/users\/1"}],"replies":[{"embeddable":true,"href":"https:\/\/noticiasbahia360.com.br\/index.php?rest_route=%2Fwp%2Fv2%2Fcomments&post=91085"}],"version-history":[{"count":0,"href":"https:\/\/noticiasbahia360.com.br\/index.php?rest_route=\/wp\/v2\/posts\/91085\/revisions"}],"wp:featuredmedia":[{"embeddable":true,"href":"https:\/\/noticiasbahia360.com.br\/index.php?rest_route=\/wp\/v2\/media\/91086"}],"wp:attachment":[{"href":"https:\/\/noticiasbahia360.com.br\/index.php?rest_route=%2Fwp%2Fv2%2Fmedia&parent=91085"}],"wp:term":[{"taxonomy":"category","embeddable":true,"href":"https:\/\/noticiasbahia360.com.br\/index.php?rest_route=%2Fwp%2Fv2%2Fcategories&post=91085"},{"taxonomy":"post_tag","embeddable":true,"href":"https:\/\/noticiasbahia360.com.br\/index.php?rest_route=%2Fwp%2Fv2%2Ftags&post=91085"}],"curies":[{"name":"wp","href":"https:\/\/api.w.org\/{rel}","templated":true}]}}