{"id":91087,"date":"2025-06-25T17:14:55","date_gmt":"2025-06-25T20:14:55","guid":{"rendered":"https:\/\/noticiasbahia360.com.br\/?p=91087"},"modified":"2025-06-25T17:14:55","modified_gmt":"2025-06-25T20:14:55","slug":"vacina-da-dengue-produzida-pelo-butantan-deve-ficar-disponivel-no-inicio-de-2026","status":"publish","type":"post","link":"https:\/\/noticiasbahia360.com.br\/?p=91087","title":{"rendered":"Vacina da Dengue produzida pelo Butantan deve ficar dispon\u00edvel no in\u00edcio de 2026"},"content":{"rendered":"<div>\n<div>\n<figure><img decoding=\"async\" src=\"http:\/\/noticiasbahia360.com.br\/wp-content\/uploads\/2025\/06\/mosquito_dengue_freepik.jpg\" alt=\"Mosquito da dengue\"><figcaption>Foto: Freepik<\/figcaption><\/figure>\n<\/div>\n<p>Ag\u00eancia  Brasil \u2013 A aprova\u00e7\u00e3o da vacina da dengue \u2013 produzida pelo Instituto Butantan \u2013 segue sob an\u00e1lise na Ag\u00eancia Nacional de Vigil\u00e2ncia Sanit\u00e1ria (<a href=\"https:\/\/www.acordacidade.com.br\/tag\/anvisa\/\">Anvisa<\/a>), em Bras\u00edlia. A expectativa do governo federal, de acordo com o ministro da Sa\u00fade, Alexandre Padilha, \u00e9 que a dose esteja dispon\u00edvel, para ser utilizada em um amplo programa de imuniza\u00e7\u00e3o, no in\u00edcio de 2026.<img decoding=\"async\" src=\"https:\/\/agenciabrasil.ebc.com.br\/ebc.png?id=1648234&amp;o=node\"><img decoding=\"async\" src=\"https:\/\/agenciabrasil.ebc.com.br\/ebc.gif?id=1648234&amp;o=node\"><\/p>\n<p>\u201cA vacina est\u00e1 em um momento de avalia\u00e7\u00e3o. A Anvisa questiona e sempre pergunta alguns dados. E o Instituto Butantan est\u00e1 respondendo esses dados. A nossa expectativa \u00e9 terminar toda essa avalia\u00e7\u00e3o para que se possa ter essa vacina dispon\u00edvel no come\u00e7o do ano que vem\u201d, afirmou o ministro.\u00a0A dengue \u00e9 uma doen\u00e7a infecciosa febril aguda causada por um v\u00edrus transmitido pela picada do mosquito\u00a0<em>Aedes aegypti<\/em>.<\/p>\n<figure class=\"wp-block-image size-full\"><img fetchpriority=\"high\" data-dominant-color=\"a46a55\" data-has-transparency=\"false\" style=\"--dominant-color: #a46a55;\" fetchpriority=\"high\" decoding=\"async\" width=\"1200\" height=\"718\" sizes=\"(max-width: 1200px) 100vw, 1200px\" src=\"http:\/\/noticiasbahia360.com.br\/wp-content\/uploads\/2025\/06\/YwWcpc9z-ministrosaude_alezandrepadilha_foto_fabiorodrigues-Pozzebom_agenciabrasil.webp\" alt=\"Ministro Alexandre Padilha\" class=\"wp-image-569122 not-transparent\" srcset=\"https:\/\/uploads.acordacidade.com.br\/2025\/06\/YwWcpc9z-ministrosaude_alezandrepadilha_foto_fabiorodrigues-Pozzebom_agenciabrasil-610x365.webp 610w, https:\/\/uploads.acordacidade.com.br\/2025\/06\/YwWcpc9z-ministrosaude_alezandrepadilha_foto_fabiorodrigues-Pozzebom_agenciabrasil-924x553.webp 924w, https:\/\/uploads.acordacidade.com.br\/2025\/06\/YwWcpc9z-ministrosaude_alezandrepadilha_foto_fabiorodrigues-Pozzebom_agenciabrasil-150x90.webp 150w, http:\/\/noticiasbahia360.com.br\/wp-content\/uploads\/2025\/06\/YwWcpc9z-ministrosaude_alezandrepadilha_foto_fabiorodrigues-Pozzebom_agenciabrasil.webp 1200w\"><figcaption class=\"wp-element-caption\">Foto: Fabio Rodrigues-Pozzebom\/Ag\u00eancia Brasil<\/figcaption><\/figure>\n<p>Em entrevista hoje (25), em Bras\u00edlia, a emissoras de r\u00e1dio durante o programa\u00a0<strong><em>Bom Dia, Ministro<\/em><\/strong>, produzido pela\u00a0<strong>Empresa Brasil de Comunica\u00e7\u00e3o (EBC)<\/strong>, Padilha lembrou que, em 2025, os casos da doen\u00e7a ca\u00edram mais de 70% e os \u00f3bitos mais de 80% quando comparados aos dados de 2024, enquanto o estado de S\u00e3o Paulo registrou aumento na circula\u00e7\u00e3o do v\u00edrus, concentrando boa parte dos casos e das mortes no pa\u00eds.<\/p>\n<h2 class=\"wp-block-heading\" id=\"h-prevencao-e-controle\">Preven\u00e7\u00e3o e controle<\/h2>\n<p>\u201cJunho e julho [representam] o per\u00edodo final de maior transmiss\u00e3o da dengue. Passado esse per\u00edodo, vamos trabalhar muito fortemente em agosto e setembro, j\u00e1 no segundo semestre, para os munic\u00edpios e governos estaduais come\u00e7arem a\u00e7\u00f5es de preven\u00e7\u00e3o, controle e informa\u00e7\u00e3o \u00e0 popula\u00e7\u00e3o\u201d, antecipou.<\/p>\n<p>\u00c9 \u201cpara que, quando come\u00e7ar o outro per\u00edodo de transmiss\u00e3o de dengue \u2013 janeiro e fevereiro \u2013 com pico em mar\u00e7o at\u00e9 maio e junho, as coisas j\u00e1 tenham acontecido de forma antecipada. E uma delas \u00e9 o desenvolvimento e avalia\u00e7\u00e3o final da vacina da dengue. Estamos trabalhando firme. A Anvisa fazendo os questionamentos e o Butantan, em uma grande parceria, para que a gente possa ter essa vacina garantida e registrada at\u00e9 o final do ano [2025]\u201d, finalizou.<\/p>\n<p><em>Siga o Acorda Cidade no<\/em><a href=\"https:\/\/news.google.com\/search?q=acorda%20cidade&amp;hl=pt-BR&amp;gl=BR&amp;ceid=BR%3Apt-419\"><strong><em> Google Not\u00edcias<\/em><\/strong><\/a><em> e receba os principais destaques do dia. Participe tamb\u00e9m dos nossos canais no <\/em><a href=\"https:\/\/whatsapp.com\/channel\/0029Va6Rb4v3WHTNnsh8WI3N\"><strong><em>WhatsApp<\/em><\/strong><\/a><em> e <\/em><a href=\"https:\/\/www.youtube.com\/@acordacidadenoticias\/videos\"><strong>Youtube<\/strong><\/a><em> e grupo de <\/em><a href=\"https:\/\/t.me\/+sSz0khrgARA0ZmRh\"><strong><em>Telegram<\/em><\/strong><\/a><em>.<\/em><\/p>\n<\/div>\n","protected":false},"excerpt":{"rendered":"<div>\n<div>\n<figure><img decoding=\"async\" src=\"https:\/\/uploads.acordacidade.com.br\/2025\/06\/mosquito_dengue_freepik.jpg\" alt=\"Mosquito da dengue\"><figcaption>Foto: Freepik<\/figcaption><\/figure>\n<\/div>\n<p>Medicamento est\u00e1 sendo avaliado pela Anvisa<\/p><\/div>\n","protected":false},"author":1,"featured_media":91088,"comment_status":"closed","ping_status":"closed","sticky":false,"template":"","format":"gallery","meta":{"footnotes":""},"categories":[8,9,6,57,56,10],"tags":[],"class_list":["post-91087","post","type-post","status-publish","format-gallery","has-post-thumbnail","hentry","category-bahia","category-brasil","category-feira-de-santana","category-mundo","category-policia","category-politica","post_format-post-format-gallery"],"featured_image_urls":{"full":["https:\/\/noticiasbahia360.com.br\/wp-content\/uploads\/2025\/06\/mosquito_dengue_freepik.jpg",1200,800,false],"thumbnail":["https:\/\/noticiasbahia360.com.br\/wp-content\/uploads\/2025\/06\/mosquito_dengue_freepik-150x150.jpg",150,150,true],"medium":["https:\/\/noticiasbahia360.com.br\/wp-content\/uploads\/2025\/06\/mosquito_dengue_freepik-300x200.jpg",300,200,true],"medium_large":["https:\/\/noticiasbahia360.com.br\/wp-content\/uploads\/2025\/06\/mosquito_dengue_freepik-768x512.jpg",640,427,true],"large":["https:\/\/noticiasbahia360.com.br\/wp-content\/uploads\/2025\/06\/mosquito_dengue_freepik-1024x683.jpg",640,427,true],"1536x1536":["https:\/\/noticiasbahia360.com.br\/wp-content\/uploads\/2025\/06\/mosquito_dengue_freepik.jpg",1200,800,false],"2048x2048":["https:\/\/noticiasbahia360.com.br\/wp-content\/uploads\/2025\/06\/mosquito_dengue_freepik.jpg",1200,800,false],"chromenews-featured":["https:\/\/noticiasbahia360.com.br\/wp-content\/uploads\/2025\/06\/mosquito_dengue_freepik-1024x683.jpg",1024,683,true],"chromenews-large":["https:\/\/noticiasbahia360.com.br\/wp-content\/uploads\/2025\/06\/mosquito_dengue_freepik-825x575.jpg",825,575,true],"chromenews-medium":["https:\/\/noticiasbahia360.com.br\/wp-content\/uploads\/2025\/06\/mosquito_dengue_freepik-590x410.jpg",590,410,true]},"author_info":{"display_name":"noticiasbahia360.com.br","author_link":"https:\/\/noticiasbahia360.com.br\/?author=1"},"category_info":"<a href=\"https:\/\/noticiasbahia360.com.br\/?cat=8\" rel=\"category\">Bahia<\/a> <a href=\"https:\/\/noticiasbahia360.com.br\/?cat=9\" rel=\"category\">Brasil<\/a> <a href=\"https:\/\/noticiasbahia360.com.br\/?cat=6\" rel=\"category\">Feira de Santana<\/a> <a href=\"https:\/\/noticiasbahia360.com.br\/?cat=57\" rel=\"category\">Mundo<\/a> <a href=\"https:\/\/noticiasbahia360.com.br\/?cat=56\" rel=\"category\">Pol\u00edcia<\/a> <a href=\"https:\/\/noticiasbahia360.com.br\/?cat=10\" rel=\"category\">Pol\u00edtica<\/a>","tag_info":"Pol\u00edtica","comment_count":"0","_links":{"self":[{"href":"https:\/\/noticiasbahia360.com.br\/index.php?rest_route=\/wp\/v2\/posts\/91087","targetHints":{"allow":["GET"]}}],"collection":[{"href":"https:\/\/noticiasbahia360.com.br\/index.php?rest_route=\/wp\/v2\/posts"}],"about":[{"href":"https:\/\/noticiasbahia360.com.br\/index.php?rest_route=\/wp\/v2\/types\/post"}],"author":[{"embeddable":true,"href":"https:\/\/noticiasbahia360.com.br\/index.php?rest_route=\/wp\/v2\/users\/1"}],"replies":[{"embeddable":true,"href":"https:\/\/noticiasbahia360.com.br\/index.php?rest_route=%2Fwp%2Fv2%2Fcomments&post=91087"}],"version-history":[{"count":0,"href":"https:\/\/noticiasbahia360.com.br\/index.php?rest_route=\/wp\/v2\/posts\/91087\/revisions"}],"wp:featuredmedia":[{"embeddable":true,"href":"https:\/\/noticiasbahia360.com.br\/index.php?rest_route=\/wp\/v2\/media\/91088"}],"wp:attachment":[{"href":"https:\/\/noticiasbahia360.com.br\/index.php?rest_route=%2Fwp%2Fv2%2Fmedia&parent=91087"}],"wp:term":[{"taxonomy":"category","embeddable":true,"href":"https:\/\/noticiasbahia360.com.br\/index.php?rest_route=%2Fwp%2Fv2%2Fcategories&post=91087"},{"taxonomy":"post_tag","embeddable":true,"href":"https:\/\/noticiasbahia360.com.br\/index.php?rest_route=%2Fwp%2Fv2%2Ftags&post=91087"}],"curies":[{"name":"wp","href":"https:\/\/api.w.org\/{rel}","templated":true}]}}