{"id":91092,"date":"2025-06-25T17:42:49","date_gmt":"2025-06-25T20:42:49","guid":{"rendered":"https:\/\/noticiasbahia360.com.br\/?p=91092"},"modified":"2025-06-25T17:42:49","modified_gmt":"2025-06-25T20:42:49","slug":"mauricio-mattar-revela-que-infartou-apos-ser-processado-por-filha","status":"publish","type":"post","link":"https:\/\/noticiasbahia360.com.br\/?p=91092","title":{"rendered":"Maur\u00edcio Mattar revela que infartou ap\u00f3s ser processado por filha"},"content":{"rendered":"<div>\n<div>\n<figure><img decoding=\"async\" src=\"http:\/\/noticiasbahia360.com.br\/wp-content\/uploads\/2025\/06\/Mauricio-Mattar-250625-6.jpg\" alt=\"Maur\u00edcio Mattar revela que infartou ap\u00f3s ser processado por filha\"><figcaption>Foto: Reprodu\u00e7\u00e3o\/ Redes Sociais <\/figcaption><\/figure>\n<\/div>\n<p>Maur\u00edcio Mattar, <a href=\"https:\/\/www.acordacidade.com.br\/tag\/ator\/\">ator<\/a> e <a href=\"https:\/\/www.acordacidade.com.br\/tag\/cantor\/\">cantor<\/a>, de 61 anos, revelou durante uma participa\u00e7\u00e3o no programa \u201cCompanhia Certa\u201d, apresentado por Ronnie Von na RedeTV, que sofreu um infarto em 2019 ap\u00f3s ter sido processado por uma de suas filhas.<\/p>\n<figure class=\"wp-block-image size-full\"><img fetchpriority=\"high\" data-dominant-color=\"5e474d\" data-has-transparency=\"false\" style=\"--dominant-color: #5e474d;\" fetchpriority=\"high\" decoding=\"async\" width=\"1200\" height=\"614\" sizes=\"(max-width: 1200px) 100vw, 1200px\" src=\"http:\/\/noticiasbahia360.com.br\/wp-content\/uploads\/2025\/06\/rUxsGd14-Mauricio-Mattar-250625.webp\" alt=\"Maur\u00edcio Mattar revela que infartou ap\u00f3s ser processado por filha\" class=\"wp-image-569146 not-transparent\" srcset=\"https:\/\/uploads.acordacidade.com.br\/2025\/06\/rUxsGd14-Mauricio-Mattar-250625-648x332.webp 648w, https:\/\/uploads.acordacidade.com.br\/2025\/06\/rUxsGd14-Mauricio-Mattar-250625-984x503.webp 984w, https:\/\/uploads.acordacidade.com.br\/2025\/06\/rUxsGd14-Mauricio-Mattar-250625-150x77.webp 150w, http:\/\/noticiasbahia360.com.br\/wp-content\/uploads\/2025\/06\/rUxsGd14-Mauricio-Mattar-250625.webp 1200w\"><figcaption class=\"wp-element-caption\">Foto: Reprodu\u00e7\u00e3o\/ RedeTV<\/figcaption><\/figure>\n<p>De acordo com Maur\u00edcio, essa mesma filha j\u00e1 havia lhe processado antes. \u201cA primeira vez, eu fui avisado, a segunda foi de uma forma muito inesperada, eu n\u00e3o esperava que isso fosse acontecer novamente, e aquilo foi me tomando\u201d, contou.<\/p>\n<p>Na \u00e9poca, Maur\u00edcio Mattar, que cumpria agenda em Bauru, chegou a ser internado no Hospital Estadual da cidade do interior de S\u00e3o Paulo, e posteriormente precisou fazer uma cirurgia de cateterismo.<\/p>\n<figure class=\"wp-block-image size-full\"><img data-dominant-color=\"392c37\" data-has-transparency=\"false\" style=\"--dominant-color: #392c37;\" decoding=\"async\" width=\"1200\" height=\"758\" sizes=\"(max-width: 1200px) 100vw, 1200px\" src=\"http:\/\/noticiasbahia360.com.br\/wp-content\/uploads\/2025\/06\/wS4kmxFG-Mauricio-Mattar-250625-2.webp\" alt=\"Maur\u00edcio Mattar\" class=\"wp-image-569147 not-transparent\" srcset=\"https:\/\/uploads.acordacidade.com.br\/2025\/06\/wS4kmxFG-Mauricio-Mattar-250625-2-578x365.webp 578w, https:\/\/uploads.acordacidade.com.br\/2025\/06\/wS4kmxFG-Mauricio-Mattar-250625-2-875x553.webp 875w, https:\/\/uploads.acordacidade.com.br\/2025\/06\/wS4kmxFG-Mauricio-Mattar-250625-2-150x95.webp 150w, http:\/\/noticiasbahia360.com.br\/wp-content\/uploads\/2025\/06\/wS4kmxFG-Mauricio-Mattar-250625-2.webp 1200w\"><figcaption class=\"wp-element-caption\">Foto: Reprodu\u00e7\u00e3o\/ RedeTV<\/figcaption><\/figure>\n<p>Ainda durante a entrevista, o ator destacou que o infarto foi motivado por quest\u00f5es emocionais. \u201cE a\u00ed, uma situa\u00e7\u00e3o de nervosismo, hipertenso, o cora\u00e7\u00e3o disparou, fui a 21 de press\u00e3o\u201d, declarou.<\/p>\n<p>Pai de 4 filhos, Maur\u00edcio Mattar n\u00e3o revelou qual das filhas moveu processos contra ele.<\/p>\n<p><em>Siga o Acorda Cidade no<\/em><a href=\"https:\/\/news.google.com\/search?q=acorda%20cidade&amp;hl=pt-BR&amp;gl=BR&amp;ceid=BR%3Apt-419\"><strong><em>\u00a0Google Not\u00edcias<\/em><\/strong><\/a><em>\u00a0e receba os principais destaques do dia. Participe tamb\u00e9m dos nossos canais no\u00a0<\/em><a href=\"https:\/\/www.whatsapp.com\/channel\/0029Va6Rb4v3WHTNnsh8WI3N\"><strong><em>WhatsApp<\/em><\/strong><\/a><em>\u00a0e\u00a0<\/em><a href=\"https:\/\/www.youtube.com\/@acordacidadenoticias\/videos\"><strong>Youtube<\/strong><\/a><em>\u00a0e grupo de\u00a0<\/em><a href=\"https:\/\/t.me\/+sSz0khrgARA0ZmRh\"><strong><em>Telegram<\/em><\/strong><\/a><em>.<\/em><\/p>\n<\/div>\n","protected":false},"excerpt":{"rendered":"<div>\n<div>\n<figure><img decoding=\"async\" src=\"https:\/\/uploads.acordacidade.com.br\/2025\/06\/Mauricio-Mattar-250625-6.jpg\" alt=\"Maur\u00edcio Mattar revela que infartou ap\u00f3s ser processado por filha\"><figcaption>Foto: Reprodu\u00e7\u00e3o\/ Redes Sociais <\/figcaption><\/figure>\n<\/div>\n<p>Na \u00e9poca, o cantor e ator, que cumpria agenda em Bauru, chegou a ser internado no Hospital Estadual da cidade.<\/p><\/div>\n","protected":false},"author":1,"featured_media":91093,"comment_status":"closed","ping_status":"closed","sticky":false,"template":"","format":"gallery","meta":{"footnotes":""},"categories":[8,9,6,57,56,10],"tags":[],"class_list":["post-91092","post","type-post","status-publish","format-gallery","has-post-thumbnail","hentry","category-bahia","category-brasil","category-feira-de-santana","category-mundo","category-policia","category-politica","post_format-post-format-gallery"],"featured_image_urls":{"full":["https:\/\/noticiasbahia360.com.br\/wp-content\/uploads\/2025\/06\/Mauricio-Mattar-250625-6.jpg",1200,650,false],"thumbnail":["https:\/\/noticiasbahia360.com.br\/wp-content\/uploads\/2025\/06\/Mauricio-Mattar-250625-6-150x150.jpg",150,150,true],"medium":["https:\/\/noticiasbahia360.com.br\/wp-content\/uploads\/2025\/06\/Mauricio-Mattar-250625-6-300x163.jpg",300,163,true],"medium_large":["https:\/\/noticiasbahia360.com.br\/wp-content\/uploads\/2025\/06\/Mauricio-Mattar-250625-6-768x416.jpg",640,347,true],"large":["https:\/\/noticiasbahia360.com.br\/wp-content\/uploads\/2025\/06\/Mauricio-Mattar-250625-6-1024x555.jpg",640,347,true],"1536x1536":["https:\/\/noticiasbahia360.com.br\/wp-content\/uploads\/2025\/06\/Mauricio-Mattar-250625-6.jpg",1200,650,false],"2048x2048":["https:\/\/noticiasbahia360.com.br\/wp-content\/uploads\/2025\/06\/Mauricio-Mattar-250625-6.jpg",1200,650,false],"chromenews-featured":["https:\/\/noticiasbahia360.com.br\/wp-content\/uploads\/2025\/06\/Mauricio-Mattar-250625-6-1024x555.jpg",1024,555,true],"chromenews-large":["https:\/\/noticiasbahia360.com.br\/wp-content\/uploads\/2025\/06\/Mauricio-Mattar-250625-6-825x575.jpg",825,575,true],"chromenews-medium":["https:\/\/noticiasbahia360.com.br\/wp-content\/uploads\/2025\/06\/Mauricio-Mattar-250625-6-590x410.jpg",590,410,true]},"author_info":{"display_name":"noticiasbahia360.com.br","author_link":"https:\/\/noticiasbahia360.com.br\/?author=1"},"category_info":"<a href=\"https:\/\/noticiasbahia360.com.br\/?cat=8\" rel=\"category\">Bahia<\/a> <a href=\"https:\/\/noticiasbahia360.com.br\/?cat=9\" rel=\"category\">Brasil<\/a> <a href=\"https:\/\/noticiasbahia360.com.br\/?cat=6\" rel=\"category\">Feira de Santana<\/a> <a href=\"https:\/\/noticiasbahia360.com.br\/?cat=57\" rel=\"category\">Mundo<\/a> <a href=\"https:\/\/noticiasbahia360.com.br\/?cat=56\" rel=\"category\">Pol\u00edcia<\/a> <a href=\"https:\/\/noticiasbahia360.com.br\/?cat=10\" rel=\"category\">Pol\u00edtica<\/a>","tag_info":"Pol\u00edtica","comment_count":"0","_links":{"self":[{"href":"https:\/\/noticiasbahia360.com.br\/index.php?rest_route=\/wp\/v2\/posts\/91092","targetHints":{"allow":["GET"]}}],"collection":[{"href":"https:\/\/noticiasbahia360.com.br\/index.php?rest_route=\/wp\/v2\/posts"}],"about":[{"href":"https:\/\/noticiasbahia360.com.br\/index.php?rest_route=\/wp\/v2\/types\/post"}],"author":[{"embeddable":true,"href":"https:\/\/noticiasbahia360.com.br\/index.php?rest_route=\/wp\/v2\/users\/1"}],"replies":[{"embeddable":true,"href":"https:\/\/noticiasbahia360.com.br\/index.php?rest_route=%2Fwp%2Fv2%2Fcomments&post=91092"}],"version-history":[{"count":0,"href":"https:\/\/noticiasbahia360.com.br\/index.php?rest_route=\/wp\/v2\/posts\/91092\/revisions"}],"wp:featuredmedia":[{"embeddable":true,"href":"https:\/\/noticiasbahia360.com.br\/index.php?rest_route=\/wp\/v2\/media\/91093"}],"wp:attachment":[{"href":"https:\/\/noticiasbahia360.com.br\/index.php?rest_route=%2Fwp%2Fv2%2Fmedia&parent=91092"}],"wp:term":[{"taxonomy":"category","embeddable":true,"href":"https:\/\/noticiasbahia360.com.br\/index.php?rest_route=%2Fwp%2Fv2%2Fcategories&post=91092"},{"taxonomy":"post_tag","embeddable":true,"href":"https:\/\/noticiasbahia360.com.br\/index.php?rest_route=%2Fwp%2Fv2%2Ftags&post=91092"}],"curies":[{"name":"wp","href":"https:\/\/api.w.org\/{rel}","templated":true}]}}