{"id":91096,"date":"2025-06-25T17:58:18","date_gmt":"2025-06-25T20:58:18","guid":{"rendered":"https:\/\/noticiasbahia360.com.br\/?p=91096"},"modified":"2025-06-25T17:58:18","modified_gmt":"2025-06-25T20:58:18","slug":"homem-morre-e-mulher-fica-ferida-apos-queda-de-moto-em-feira-de-santana","status":"publish","type":"post","link":"https:\/\/noticiasbahia360.com.br\/?p=91096","title":{"rendered":"Homem morre e mulher fica ferida ap\u00f3s queda de moto em Feira de Santana"},"content":{"rendered":"<div>\n<div>\n<figure><img decoding=\"async\" src=\"http:\/\/noticiasbahia360.com.br\/wp-content\/uploads\/2025\/06\/Homem-morre-e-mulher-fica-ferida-apos-queda-de-moto-em-Feira-de-Santana.jpg\" alt=\"Homem morre e mulher fica ferida ap\u00f3s queda de moto em Feira de Santana\"><figcaption>Foto: Reprodu\u00e7\u00e3o<\/figcaption><\/figure>\n<\/div>\n<p>Um homem morreu e uma mulher ficou ferida em um <a href=\"https:\/\/www.acordacidade.com.br\/tag\/acidente\/\">acidente <\/a>de tr\u00e2nsito por volta das 14h da tarde desta quarta-feira (25), na Avenida Eduardo Fr\u00f3es Da Mota, nas proximidades do viaduto da Avenida Rio de Janeiro, no bairro Pedra do Descanso, em <a href=\"https:\/\/www.acordacidade.com.br\/feira-de-santana\/\">Feira de Santana<\/a>.<\/p>\n<p>O homem foi identificado como Thommaz Luiz de Souza Alves, 27 anos, que estava pilotando uma motocicleta modelo Pop, cor vermelha. Segundo informa\u00e7\u00f5es da Pol\u00edcia Rodovi\u00e1ria Federal (<a href=\"https:\/\/www.acordacidade.com.br\/tag\/prf\/\">PRF<\/a>), eles ca\u00edram do ve\u00edculo e o homem morreu.<\/p>\n<p>A mulher, que estava na garupa da moto, foi identificada como Eva Maria Almeida Ferreira, 24 anos, que foi conduzida por uma ambul\u00e2ncia do Servi\u00e7o de Atendimento M\u00f3vel de Urg\u00eancia (Samu) para o <a href=\"https:\/\/www.acordacidade.com.br\/tag\/hospital-cleriston-andrade\/\">Hospital Cl\u00e9riston Andrade<\/a>. N\u00e3o h\u00e1 informa\u00e7\u00f5es sobre o estado de sa\u00fade dela.<\/p>\n<p><strong>Leia tamb\u00e9m<\/strong><\/p>\n<p><a href=\"acidente:%20idoso%20morre%20atropelado%20por%20motocicleta%20na%20Avenida%20Eduardo%20Fr%C3%B3es%20da%20Mota\" target=\"_blank\" rel=\"noreferrer noopener\">Acidente: idoso morre atropelado por motocicleta na Avenida Eduardo Fr\u00f3es da Mota<\/a><\/p>\n<p><em>As informa\u00e7\u00f5es s\u00e3o do rep\u00f3rter Ed Santos do Acorda Cidade<\/em><\/p>\n<p><em>Siga o Acorda Cidade no<\/em><a href=\"https:\/\/news.google.com\/search?q=acorda%20cidade&amp;hl=pt-BR&amp;gl=BR&amp;ceid=BR%3Apt-419\"><strong><em>\u00a0Google Not\u00edcias<\/em><\/strong><\/a><em>\u00a0e receba os principais destaques do dia. Participe tamb\u00e9m dos nossos canais no\u00a0<\/em><a href=\"https:\/\/www.whatsapp.com\/channel\/0029Va6Rb4v3WHTNnsh8WI3N\"><strong><em>WhatsApp<\/em><\/strong><\/a><em>\u00a0e\u00a0<\/em><a href=\"https:\/\/www.youtube.com\/@acordacidadenoticias\/videos\"><strong>Youtube<\/strong><\/a><em>\u00a0e grupo de\u00a0<\/em><a href=\"https:\/\/t.me\/+sSz0khrgARA0ZmRh\"><strong><em>Telegram<\/em><\/strong><\/a><em>.<\/em><\/p>\n<\/div>\n","protected":false},"excerpt":{"rendered":"<div>\n<div>\n<figure><img decoding=\"async\" src=\"https:\/\/uploads.acordacidade.com.br\/2025\/06\/Homem-morre-e-mulher-fica-ferida-apos-queda-de-moto-em-Feira-de-Santana.jpg\" alt=\"Homem morre e mulher fica ferida ap\u00f3s queda de moto em Feira de Santana\"><figcaption>Foto: Reprodu\u00e7\u00e3o<\/figcaption><\/figure>\n<\/div>\n<p>O acidente ocorreu nas proximidades do viaduto da Avenida Rio de janeiro, no bairro Pedra do Descanso, em Feira de Santana.<\/p><\/div>\n","protected":false},"author":1,"featured_media":91097,"comment_status":"closed","ping_status":"closed","sticky":false,"template":"","format":"gallery","meta":{"footnotes":""},"categories":[8,9,6,57,56,10],"tags":[],"class_list":["post-91096","post","type-post","status-publish","format-gallery","has-post-thumbnail","hentry","category-bahia","category-brasil","category-feira-de-santana","category-mundo","category-policia","category-politica","post_format-post-format-gallery"],"featured_image_urls":{"full":["https:\/\/noticiasbahia360.com.br\/wp-content\/uploads\/2025\/06\/Homem-morre-e-mulher-fica-ferida-apos-queda-de-moto-em-Feira-de-Santana.jpg",1200,938,false],"thumbnail":["https:\/\/noticiasbahia360.com.br\/wp-content\/uploads\/2025\/06\/Homem-morre-e-mulher-fica-ferida-apos-queda-de-moto-em-Feira-de-Santana-150x150.jpg",150,150,true],"medium":["https:\/\/noticiasbahia360.com.br\/wp-content\/uploads\/2025\/06\/Homem-morre-e-mulher-fica-ferida-apos-queda-de-moto-em-Feira-de-Santana-300x235.jpg",300,235,true],"medium_large":["https:\/\/noticiasbahia360.com.br\/wp-content\/uploads\/2025\/06\/Homem-morre-e-mulher-fica-ferida-apos-queda-de-moto-em-Feira-de-Santana-768x600.jpg",640,500,true],"large":["https:\/\/noticiasbahia360.com.br\/wp-content\/uploads\/2025\/06\/Homem-morre-e-mulher-fica-ferida-apos-queda-de-moto-em-Feira-de-Santana-1024x800.jpg",640,500,true],"1536x1536":["https:\/\/noticiasbahia360.com.br\/wp-content\/uploads\/2025\/06\/Homem-morre-e-mulher-fica-ferida-apos-queda-de-moto-em-Feira-de-Santana.jpg",1200,938,false],"2048x2048":["https:\/\/noticiasbahia360.com.br\/wp-content\/uploads\/2025\/06\/Homem-morre-e-mulher-fica-ferida-apos-queda-de-moto-em-Feira-de-Santana.jpg",1200,938,false],"chromenews-featured":["https:\/\/noticiasbahia360.com.br\/wp-content\/uploads\/2025\/06\/Homem-morre-e-mulher-fica-ferida-apos-queda-de-moto-em-Feira-de-Santana-1024x800.jpg",1024,800,true],"chromenews-large":["https:\/\/noticiasbahia360.com.br\/wp-content\/uploads\/2025\/06\/Homem-morre-e-mulher-fica-ferida-apos-queda-de-moto-em-Feira-de-Santana-825x575.jpg",825,575,true],"chromenews-medium":["https:\/\/noticiasbahia360.com.br\/wp-content\/uploads\/2025\/06\/Homem-morre-e-mulher-fica-ferida-apos-queda-de-moto-em-Feira-de-Santana-590x410.jpg",590,410,true]},"author_info":{"display_name":"noticiasbahia360.com.br","author_link":"https:\/\/noticiasbahia360.com.br\/?author=1"},"category_info":"<a href=\"https:\/\/noticiasbahia360.com.br\/?cat=8\" rel=\"category\">Bahia<\/a> <a href=\"https:\/\/noticiasbahia360.com.br\/?cat=9\" rel=\"category\">Brasil<\/a> <a href=\"https:\/\/noticiasbahia360.com.br\/?cat=6\" rel=\"category\">Feira de Santana<\/a> <a href=\"https:\/\/noticiasbahia360.com.br\/?cat=57\" rel=\"category\">Mundo<\/a> <a href=\"https:\/\/noticiasbahia360.com.br\/?cat=56\" rel=\"category\">Pol\u00edcia<\/a> <a href=\"https:\/\/noticiasbahia360.com.br\/?cat=10\" rel=\"category\">Pol\u00edtica<\/a>","tag_info":"Pol\u00edtica","comment_count":"0","_links":{"self":[{"href":"https:\/\/noticiasbahia360.com.br\/index.php?rest_route=\/wp\/v2\/posts\/91096","targetHints":{"allow":["GET"]}}],"collection":[{"href":"https:\/\/noticiasbahia360.com.br\/index.php?rest_route=\/wp\/v2\/posts"}],"about":[{"href":"https:\/\/noticiasbahia360.com.br\/index.php?rest_route=\/wp\/v2\/types\/post"}],"author":[{"embeddable":true,"href":"https:\/\/noticiasbahia360.com.br\/index.php?rest_route=\/wp\/v2\/users\/1"}],"replies":[{"embeddable":true,"href":"https:\/\/noticiasbahia360.com.br\/index.php?rest_route=%2Fwp%2Fv2%2Fcomments&post=91096"}],"version-history":[{"count":0,"href":"https:\/\/noticiasbahia360.com.br\/index.php?rest_route=\/wp\/v2\/posts\/91096\/revisions"}],"wp:featuredmedia":[{"embeddable":true,"href":"https:\/\/noticiasbahia360.com.br\/index.php?rest_route=\/wp\/v2\/media\/91097"}],"wp:attachment":[{"href":"https:\/\/noticiasbahia360.com.br\/index.php?rest_route=%2Fwp%2Fv2%2Fmedia&parent=91096"}],"wp:term":[{"taxonomy":"category","embeddable":true,"href":"https:\/\/noticiasbahia360.com.br\/index.php?rest_route=%2Fwp%2Fv2%2Fcategories&post=91096"},{"taxonomy":"post_tag","embeddable":true,"href":"https:\/\/noticiasbahia360.com.br\/index.php?rest_route=%2Fwp%2Fv2%2Ftags&post=91096"}],"curies":[{"name":"wp","href":"https:\/\/api.w.org\/{rel}","templated":true}]}}