{"id":91098,"date":"2025-06-25T21:14:39","date_gmt":"2025-06-26T00:14:39","guid":{"rendered":"https:\/\/noticiasbahia360.com.br\/?p=91098"},"modified":"2025-06-25T21:14:39","modified_gmt":"2025-06-26T00:14:39","slug":"secretario-reafirma-construcao-de-novo-hospital-e-que-secretaria-de-saude-retornara-para-antigo-predio","status":"publish","type":"post","link":"https:\/\/noticiasbahia360.com.br\/?p=91098","title":{"rendered":"Secret\u00e1rio reafirma constru\u00e7\u00e3o de novo hospital e que Secretaria de Sa\u00fade retornar\u00e1 para antigo pr\u00e9dio"},"content":{"rendered":"<div>\n<div>\n<figure><img decoding=\"async\" src=\"http:\/\/noticiasbahia360.com.br\/wp-content\/uploads\/2025\/06\/Secretaria-de-saude-retornara-para-antigo-predio-apos-reconstrucao1.jpg\" alt=\"Secretaria de sa\u00fade retornar\u00e1 para antigo pr\u00e9dio ap\u00f3s reconstru\u00e7\u00e3o\"><figcaption>Foto: Ney Silva\/Acorda Cidade<\/figcaption><\/figure>\n<\/div>\n<p>A secret\u00e1ria municipal de sa\u00fade, que atualmente funciona na Avenida Get\u00falio Vargas, voltar\u00e1 a funcionar na antiga localiza\u00e7\u00e3o, na Avenida Jo\u00e3o Durval Carneiro, conforme j\u00e1 informado aqui no portal Acorda Cidade. O Secret\u00e1rio municipal de Sa\u00fade, Rodrigo Matos, confirmou que o antigo pr\u00e9dio ser\u00e1 totalmente reestruturado para atender a pasta.<\/p>\n<figure class=\"wp-block-image size-large\"><img fetchpriority=\"high\" data-dominant-color=\"7c8183\" data-has-transparency=\"false\" style=\"--dominant-color: #7c8183;\" decoding=\"async\" width=\"1024\" height=\"768\" sizes=\"(max-width: 1024px) 100vw, 1024px\" src=\"http:\/\/noticiasbahia360.com.br\/wp-content\/uploads\/2025\/06\/uNuPrB5t-Secretaria-de-saude-retornara-para-antigo-predio-apos-reconstrucao-1024x768-1.webp\" alt=\"Secretaria de sa\u00fade retornar\u00e1 para antigo pr\u00e9dio ap\u00f3s reconstru\u00e7\u00e3o\" class=\"wp-image-569167 not-transparent\" srcset=\"https:\/\/uploads.acordacidade.com.br\/2025\/06\/uNuPrB5t-Secretaria-de-saude-retornara-para-antigo-predio-apos-reconstrucao-487x365.webp 487w, http:\/\/noticiasbahia360.com.br\/wp-content\/uploads\/2025\/06\/uNuPrB5t-Secretaria-de-saude-retornara-para-antigo-predio-apos-reconstrucao-1024x768-1.webp 1024w, https:\/\/uploads.acordacidade.com.br\/2025\/06\/uNuPrB5t-Secretaria-de-saude-retornara-para-antigo-predio-apos-reconstrucao-737x553.webp 737w, https:\/\/uploads.acordacidade.com.br\/2025\/06\/uNuPrB5t-Secretaria-de-saude-retornara-para-antigo-predio-apos-reconstrucao-150x113.webp 150w, https:\/\/uploads.acordacidade.com.br\/2025\/06\/uNuPrB5t-Secretaria-de-saude-retornara-para-antigo-predio-apos-reconstrucao.webp 1200w\"><figcaption class=\"wp-element-caption\">Foto: Ney Silva\/Acorda Cidade<\/figcaption><\/figure>\n<p>\u201cAtualmente a secretaria est\u00e1 funcionando em um pr\u00e9dio alugado e sem estrutura. A ideia \u00e9 que a gente retorne para aquela regi\u00e3o, que \u00e9 muito bem localizada e tamb\u00e9m \u00e9 pr\u00e9dio pr\u00f3prio, ent\u00e3o a gente deixa de pagar aluguel\u201d, afirmou.<\/p>\n<figure class=\"wp-block-image size-large\"><img data-dominant-color=\"9d9b98\" data-has-transparency=\"false\" style=\"--dominant-color: #9d9b98;\" decoding=\"async\" width=\"1024\" height=\"768\" sizes=\"(max-width: 1024px) 100vw, 1024px\" src=\"http:\/\/noticiasbahia360.com.br\/wp-content\/uploads\/2025\/06\/RwqarHT5-Secretaria-de-saude-retornara-para-antigo-predio-apos-reconstrucao5-1024x768-1.webp\" alt=\"Secretaria de sa\u00fade retornar\u00e1 para antigo pr\u00e9dio ap\u00f3s reconstru\u00e7\u00e3o\" class=\"wp-image-569162 not-transparent\" srcset=\"https:\/\/uploads.acordacidade.com.br\/2025\/06\/RwqarHT5-Secretaria-de-saude-retornara-para-antigo-predio-apos-reconstrucao5-487x365.webp 487w, http:\/\/noticiasbahia360.com.br\/wp-content\/uploads\/2025\/06\/RwqarHT5-Secretaria-de-saude-retornara-para-antigo-predio-apos-reconstrucao5-1024x768-1.webp 1024w, https:\/\/uploads.acordacidade.com.br\/2025\/06\/RwqarHT5-Secretaria-de-saude-retornara-para-antigo-predio-apos-reconstrucao5-737x553.webp 737w, https:\/\/uploads.acordacidade.com.br\/2025\/06\/RwqarHT5-Secretaria-de-saude-retornara-para-antigo-predio-apos-reconstrucao5-150x113.webp 150w, https:\/\/uploads.acordacidade.com.br\/2025\/06\/RwqarHT5-Secretaria-de-saude-retornara-para-antigo-predio-apos-reconstrucao5.webp 1200w\"><figcaption class=\"wp-element-caption\">Foto: Ney Silva\/Acorda Cidade<\/figcaption><\/figure>\n<p>De acordo com ele, o prefeito Jos\u00e9 Ronaldo de Carvalho quer que a reforma do pr\u00e9dio comece o mais breve poss\u00edvel, mas ele destacou que isso depende de quest\u00f5es burocr\u00e1ticas.<\/p>\n<p>\u201cQueremos que obra comece at\u00e9 dezembro, mas quando a gente abre uma licita\u00e7\u00e3o v\u00e1rias coisas podem ocorrer e atrapalhar o prazo. A gente est\u00e1 trabalhando para que isso aconte\u00e7a ainda este ano, mas tem coisas que n\u00e3o dependem da gest\u00e3o\u201d, defendeu.<\/p>\n<p>O secret\u00e1rio Rodrigo Matos afirmou ao Acorda Cidade, que o pr\u00e9dio atual onde a secretaria est\u00e1 funcionando n\u00e3o atende bem as pessoas. Segundo ele, a ideia \u00e9 que a nova constru\u00e7\u00e3o tenha uma boa estrutura para atender as demandas atuais da pasta.<\/p>\n<figure class=\"wp-block-image size-large\"><img data-dominant-color=\"5f675e\" data-has-transparency=\"false\" style=\"--dominant-color: #5f675e;\" decoding=\"async\" width=\"1024\" height=\"768\" sizes=\"(max-width: 1024px) 100vw, 1024px\" src=\"http:\/\/noticiasbahia360.com.br\/wp-content\/uploads\/2025\/06\/aq9rYQ8P-Secretaria-de-saude-retornara-para-antigo-predio-apos-reconstrucao3-1024x768-1.webp\" alt=\"Secretaria de sa\u00fade retornar\u00e1 para antigo pr\u00e9dio ap\u00f3s reconstru\u00e7\u00e3o\" class=\"wp-image-569164 not-transparent\" srcset=\"https:\/\/uploads.acordacidade.com.br\/2025\/06\/aq9rYQ8P-Secretaria-de-saude-retornara-para-antigo-predio-apos-reconstrucao3-487x365.webp 487w, http:\/\/noticiasbahia360.com.br\/wp-content\/uploads\/2025\/06\/aq9rYQ8P-Secretaria-de-saude-retornara-para-antigo-predio-apos-reconstrucao3-1024x768-1.webp 1024w, https:\/\/uploads.acordacidade.com.br\/2025\/06\/aq9rYQ8P-Secretaria-de-saude-retornara-para-antigo-predio-apos-reconstrucao3-737x553.webp 737w, https:\/\/uploads.acordacidade.com.br\/2025\/06\/aq9rYQ8P-Secretaria-de-saude-retornara-para-antigo-predio-apos-reconstrucao3-150x113.webp 150w, https:\/\/uploads.acordacidade.com.br\/2025\/06\/aq9rYQ8P-Secretaria-de-saude-retornara-para-antigo-predio-apos-reconstrucao3.webp 1200w\"><figcaption class=\"wp-element-caption\">Foto: Ney Silva\/Acorda Cidade<\/figcaption><\/figure>\n<p>\u201cA gente faz um estudo de necessidades e encaminha para o pessoal de infraestrutura e eles v\u00e3o dizer o que cabe naquele espa\u00e7o. Est\u00e1 na fase de estrutura\u00e7\u00e3o de projeto e a gente vai ter uma estrutura com condi\u00e7\u00e3o de acessibilidade e boa estrutura. Hoje a sa\u00fade tem atua\u00e7\u00f5es que n\u00e3o tinha h\u00e1 10 anos e a nova estrutura deve atender tudo isso\u201d, disse.<\/p>\n<h2 class=\"wp-block-heading\" id=\"h-construcao-do-novo-hospital\">Constru\u00e7\u00e3o do novo hospital<\/h2>\n<p>Rodrigo Matos tamb\u00e9m falou sobre a constru\u00e7\u00e3o do hospital municipal, que seria constru\u00eddo inicialmente no pr\u00e9dio onde funcionava a secretaria municipal de sa\u00fade na Avenida Jo\u00e3o Durval. <a href=\"https:\/\/www.acordacidade.com.br\/feira-de-santana\/hospital-municipal-de-feira-de-santana-sera-construido-na-av-maria-quiteria-fundacao-de-sao-paulo-fara-estudo-para-o-novo-projeto\/\">A unidade hospitalar agora ser\u00e1 constru\u00edda em um espa\u00e7o na Avenida Maria Quit\u00e9ria.<\/a><\/p>\n<p>\u201cConstruir um hospital \u00e9 diferente de construir uma unidade de sa\u00fade. Vai ser um hospital bonito, com mais de 100 leitos, incluindo Unidade de Terapia Intensiva (UTI). Os projetos est\u00e3o em andamento, foi um compromisso do prefeito, que ser\u00e1 cumprido\u201d, garantiu.<\/p>\n<h2 class=\"wp-block-heading\" id=\"h-medicamentos\">Medicamentos<\/h2>\n<p>O secret\u00e1rio de sa\u00fade ainda comentou sobre a situa\u00e7\u00e3o do munic\u00edpio com rela\u00e7\u00e3o a medicamentos. Ele afirmou que o problema ainda n\u00e3o est\u00e1 100% resolvido e voltou a citar a burocracia nos processos licitat\u00f3rios.<\/p>\n<p>\u201cN\u00e3o est\u00e1 tudo resolvido, n\u00e3o se resolve compra de medicamento sem realiza\u00e7\u00e3o de processos licitat\u00f3rios, n\u00e3o t\u00ednhamos contratos quando assumimos a gest\u00e3o para abastecer todas as medica\u00e7\u00f5es. Temos recursos para adquirir medicamentos, mas \u00e9 preciso ter contrato. O processo de licita\u00e7\u00e3o est\u00e1 em curso e alguns medicamentos j\u00e1 foram adquiridos. Temos que seguir os ritos para a aquisi\u00e7\u00e3o de outros\u201d, explicou.<\/p>\n<p><em>Com informa\u00e7\u00f5es do rep\u00f3rter Ney Silva do Acorda Cidade<\/em><\/p>\n<p><em>Siga o Acorda Cidade no<\/em><a href=\"https:\/\/news.google.com\/search?q=acorda%20cidade&amp;hl=pt-BR&amp;gl=BR&amp;ceid=BR%3Apt-419\"><strong><em>\u00a0Google Not\u00edcias<\/em><\/strong><\/a><em>\u00a0e receba os principais destaques do dia. Participe tamb\u00e9m dos nossos canais no\u00a0<\/em><a href=\"https:\/\/www.whatsapp.com\/channel\/0029Va6Rb4v3WHTNnsh8WI3N\"><strong><em>WhatsApp<\/em><\/strong><\/a><em>\u00a0e\u00a0<\/em><a href=\"https:\/\/www.youtube.com\/@acordacidadenoticias\/videos\"><strong>Youtube<\/strong><\/a><em>\u00a0e grupo de\u00a0<\/em><a href=\"https:\/\/t.me\/+sSz0khrgARA0ZmRh\"><strong><em>Telegram<\/em><\/strong><\/a><em>.<\/em><\/p>\n<\/div>\n","protected":false},"excerpt":{"rendered":"<div>\n<div>\n<figure><img decoding=\"async\" src=\"https:\/\/uploads.acordacidade.com.br\/2025\/06\/Secretaria-de-saude-retornara-para-antigo-predio-apos-reconstrucao1.jpg\" alt=\"Secretaria de sa\u00fade retornar\u00e1 para antigo pr\u00e9dio ap\u00f3s reconstru\u00e7\u00e3o\"><figcaption>Foto: Ney Silva\/Acorda Cidade<\/figcaption><\/figure>\n<\/div>\n<p>Segundo o secret\u00e1rio, o prefeito Jos\u00e9 Ronaldo de Carvalho quer que a reforma do pr\u00e9dio se inicie o mais breve poss\u00edvel, mas ele destacou que depende de quest\u00f5es burocr\u00e1ticas.<\/p><\/div>\n","protected":false},"author":1,"featured_media":91099,"comment_status":"closed","ping_status":"closed","sticky":false,"template":"","format":"gallery","meta":{"footnotes":""},"categories":[8,9,6,57,56,10],"tags":[],"class_list":["post-91098","post","type-post","status-publish","format-gallery","has-post-thumbnail","hentry","category-bahia","category-brasil","category-feira-de-santana","category-mundo","category-policia","category-politica","post_format-post-format-gallery"],"featured_image_urls":{"full":["https:\/\/noticiasbahia360.com.br\/wp-content\/uploads\/2025\/06\/Secretaria-de-saude-retornara-para-antigo-predio-apos-reconstrucao1.jpg",1200,900,false],"thumbnail":["https:\/\/noticiasbahia360.com.br\/wp-content\/uploads\/2025\/06\/Secretaria-de-saude-retornara-para-antigo-predio-apos-reconstrucao1-150x150.jpg",150,150,true],"medium":["https:\/\/noticiasbahia360.com.br\/wp-content\/uploads\/2025\/06\/Secretaria-de-saude-retornara-para-antigo-predio-apos-reconstrucao1-300x225.jpg",300,225,true],"medium_large":["https:\/\/noticiasbahia360.com.br\/wp-content\/uploads\/2025\/06\/Secretaria-de-saude-retornara-para-antigo-predio-apos-reconstrucao1-768x576.jpg",640,480,true],"large":["https:\/\/noticiasbahia360.com.br\/wp-content\/uploads\/2025\/06\/Secretaria-de-saude-retornara-para-antigo-predio-apos-reconstrucao1-1024x768.jpg",640,480,true],"1536x1536":["https:\/\/noticiasbahia360.com.br\/wp-content\/uploads\/2025\/06\/Secretaria-de-saude-retornara-para-antigo-predio-apos-reconstrucao1.jpg",1200,900,false],"2048x2048":["https:\/\/noticiasbahia360.com.br\/wp-content\/uploads\/2025\/06\/Secretaria-de-saude-retornara-para-antigo-predio-apos-reconstrucao1.jpg",1200,900,false],"chromenews-featured":["https:\/\/noticiasbahia360.com.br\/wp-content\/uploads\/2025\/06\/Secretaria-de-saude-retornara-para-antigo-predio-apos-reconstrucao1-1024x768.jpg",1024,768,true],"chromenews-large":["https:\/\/noticiasbahia360.com.br\/wp-content\/uploads\/2025\/06\/Secretaria-de-saude-retornara-para-antigo-predio-apos-reconstrucao1-825x575.jpg",825,575,true],"chromenews-medium":["https:\/\/noticiasbahia360.com.br\/wp-content\/uploads\/2025\/06\/Secretaria-de-saude-retornara-para-antigo-predio-apos-reconstrucao1-590x410.jpg",590,410,true]},"author_info":{"display_name":"noticiasbahia360.com.br","author_link":"https:\/\/noticiasbahia360.com.br\/?author=1"},"category_info":"<a href=\"https:\/\/noticiasbahia360.com.br\/?cat=8\" rel=\"category\">Bahia<\/a> <a href=\"https:\/\/noticiasbahia360.com.br\/?cat=9\" rel=\"category\">Brasil<\/a> <a href=\"https:\/\/noticiasbahia360.com.br\/?cat=6\" rel=\"category\">Feira de Santana<\/a> <a href=\"https:\/\/noticiasbahia360.com.br\/?cat=57\" rel=\"category\">Mundo<\/a> <a href=\"https:\/\/noticiasbahia360.com.br\/?cat=56\" rel=\"category\">Pol\u00edcia<\/a> <a href=\"https:\/\/noticiasbahia360.com.br\/?cat=10\" rel=\"category\">Pol\u00edtica<\/a>","tag_info":"Pol\u00edtica","comment_count":"0","_links":{"self":[{"href":"https:\/\/noticiasbahia360.com.br\/index.php?rest_route=\/wp\/v2\/posts\/91098","targetHints":{"allow":["GET"]}}],"collection":[{"href":"https:\/\/noticiasbahia360.com.br\/index.php?rest_route=\/wp\/v2\/posts"}],"about":[{"href":"https:\/\/noticiasbahia360.com.br\/index.php?rest_route=\/wp\/v2\/types\/post"}],"author":[{"embeddable":true,"href":"https:\/\/noticiasbahia360.com.br\/index.php?rest_route=\/wp\/v2\/users\/1"}],"replies":[{"embeddable":true,"href":"https:\/\/noticiasbahia360.com.br\/index.php?rest_route=%2Fwp%2Fv2%2Fcomments&post=91098"}],"version-history":[{"count":0,"href":"https:\/\/noticiasbahia360.com.br\/index.php?rest_route=\/wp\/v2\/posts\/91098\/revisions"}],"wp:featuredmedia":[{"embeddable":true,"href":"https:\/\/noticiasbahia360.com.br\/index.php?rest_route=\/wp\/v2\/media\/91099"}],"wp:attachment":[{"href":"https:\/\/noticiasbahia360.com.br\/index.php?rest_route=%2Fwp%2Fv2%2Fmedia&parent=91098"}],"wp:term":[{"taxonomy":"category","embeddable":true,"href":"https:\/\/noticiasbahia360.com.br\/index.php?rest_route=%2Fwp%2Fv2%2Fcategories&post=91098"},{"taxonomy":"post_tag","embeddable":true,"href":"https:\/\/noticiasbahia360.com.br\/index.php?rest_route=%2Fwp%2Fv2%2Ftags&post=91098"}],"curies":[{"name":"wp","href":"https:\/\/api.w.org\/{rel}","templated":true}]}}