{"id":91103,"date":"2025-06-25T21:14:50","date_gmt":"2025-06-26T00:14:50","guid":{"rendered":"https:\/\/noticiasbahia360.com.br\/?p=91103"},"modified":"2025-06-25T21:14:50","modified_gmt":"2025-06-26T00:14:50","slug":"feira-literaria-de-mucuge-flige-2025-ja-tem-data-marcada-e-tematica-definida","status":"publish","type":"post","link":"https:\/\/noticiasbahia360.com.br\/?p=91103","title":{"rendered":"Feira Liter\u00e1ria de Mucug\u00ea: Flig\u00ea 2025 j\u00e1 tem data marcada e tem\u00e1tica definida"},"content":{"rendered":"<div>\n<div>\n<figure><img decoding=\"async\" src=\"http:\/\/noticiasbahia360.com.br\/wp-content\/uploads\/2025\/06\/Thiago-Gama-Desfile-Literario-20-flige.jpg\" alt=\"Feira Liter\u00e1ria de Mucug\u00ea: Flig\u00ea\"><figcaption>Foto: Thiago Gama<\/figcaption><\/figure>\n<\/div>\n<p>Este ano a Feira Liter\u00e1ria de Mucug\u00ea \u2013 Flig\u00ea apresenta o tema \u201cLiteratura: Rios e Matas da Narrativa\u201d. O evento acontece<strong> entre os dias 13 e 17 de agosto, na cidade de Mucug\u00ea, na <a href=\"https:\/\/www.acordacidade.com.br\/tag\/chapada-diamantina\/\">Chapada Diamantina<\/a>.<\/strong><\/p>\n<p>A 8\u00aa edi\u00e7\u00e3o da Feira Liter\u00e1ria de Mucug\u00ea \u2013 Flig\u00ea prop\u00f5e, entre os dias 13 e 17 de agosto de 2025, uma imers\u00e3o na literatura como espa\u00e7o de den\u00fancia, cria\u00e7\u00e3o e resist\u00eancia frente \u00e0s crises ambientais que amea\u00e7am o planeta. <\/p>\n<figure class=\"wp-block-image size-large\"><img fetchpriority=\"high\" data-dominant-color=\"805959\" data-has-transparency=\"false\" style=\"--dominant-color: #805959;\" fetchpriority=\"high\" decoding=\"async\" width=\"1152\" height=\"768\" sizes=\"(max-width: 1152px) 100vw, 1152px\" src=\"http:\/\/noticiasbahia360.com.br\/wp-content\/uploads\/2025\/06\/IGTMlLhZ-Vinicius-Brito-Abertura-9-flige-1152x768-1.webp\" alt=\"Feira Liter\u00e1ria de Mucug\u00ea: Flig\u00ea\" class=\"wp-image-568657 not-transparent\" srcset=\"https:\/\/uploads.acordacidade.com.br\/2025\/06\/IGTMlLhZ-Vinicius-Brito-Abertura-9-flige-548x365.webp 548w, http:\/\/noticiasbahia360.com.br\/wp-content\/uploads\/2025\/06\/IGTMlLhZ-Vinicius-Brito-Abertura-9-flige-1152x768-1.webp 1152w, https:\/\/uploads.acordacidade.com.br\/2025\/06\/IGTMlLhZ-Vinicius-Brito-Abertura-9-flige-830x553.webp 830w, https:\/\/uploads.acordacidade.com.br\/2025\/06\/IGTMlLhZ-Vinicius-Brito-Abertura-9-flige-150x100.webp 150w, https:\/\/uploads.acordacidade.com.br\/2025\/06\/IGTMlLhZ-Vinicius-Brito-Abertura-9-flige.webp 1200w\"><figcaption class=\"wp-element-caption\">Foto: Vin\u00edcius Brito <\/figcaption><\/figure>\n<p>Sob o tema \u201cRios e Matas da Narrativa\u201d, o evento destaca a natureza como personagem central das obras liter\u00e1rias, n\u00e3o apenas como cen\u00e1rio f\u00edsico, mas como corpo social, cultural e simb\u00f3lico.<\/p>\n<p>A curadoria assinada por Ester Figueiredo convida o p\u00fablico a pensar o planeta Terra como uma entidade viva, atravessada por disputas, afetos e mem\u00f3rias. <\/p>\n<p>A literatura, ao absorver imagens do mundo vegetal, animal e natural, \u00e9 tamb\u00e9m forma de expressar sentimentos, experi\u00eancias e contradi\u00e7\u00f5es humanas, articulando o sens\u00edvel com o pol\u00edtico.<\/p>\n<p>Obras como Vidas Secas, de Graciliano Ramos, e os universos potentes de Jorge Amado, Clarice Lispector e do contempor\u00e2neo Manoel Herzog (presente em edi\u00e7\u00f5es anteriores da Flig\u00ea) s\u00e3o evocadas como exemplos em que a aridez ou a fertilidade dos ambientes moldam personagens e narrativas. <\/p>\n<figure class=\"wp-block-image size-large\"><img data-dominant-color=\"7a5d57\" data-has-transparency=\"false\" style=\"--dominant-color: #7a5d57;\" decoding=\"async\" width=\"1152\" height=\"768\" sizes=\"(max-width: 1152px) 100vw, 1152px\" src=\"http:\/\/noticiasbahia360.com.br\/wp-content\/uploads\/2025\/06\/BJMPSMHQ-Igor-Chaves-13-flige-1152x768-1.webp\" alt=\"Feira Liter\u00e1ria de Mucug\u00ea: Flig\u00ea\" class=\"wp-image-568658 not-transparent\" srcset=\"https:\/\/uploads.acordacidade.com.br\/2025\/06\/BJMPSMHQ-Igor-Chaves-13-flige-548x365.webp 548w, http:\/\/noticiasbahia360.com.br\/wp-content\/uploads\/2025\/06\/BJMPSMHQ-Igor-Chaves-13-flige-1152x768-1.webp 1152w, https:\/\/uploads.acordacidade.com.br\/2025\/06\/BJMPSMHQ-Igor-Chaves-13-flige-830x553.webp 830w, https:\/\/uploads.acordacidade.com.br\/2025\/06\/BJMPSMHQ-Igor-Chaves-13-flige-150x100.webp 150w, https:\/\/uploads.acordacidade.com.br\/2025\/06\/BJMPSMHQ-Igor-Chaves-13-flige.webp 1200w\"><figcaption class=\"wp-element-caption\">Foto: Igor Chaves<\/figcaption><\/figure>\n<p>A partir dessa perspectiva, o evento refor\u00e7a a cr\u00edtica ao modelo hegem\u00f4nico, que transforma o meio ambiente em recurso de explora\u00e7\u00e3o e compromete as subjetividades e a vida coletiva.<\/p>\n<p>A Flig\u00ea 2025 inscreve a natureza como tema liter\u00e1rio urgente, convocando autores, artistas, leitores e pensadores a refletirem sobre a puls\u00e3o entre vida e morte que atravessa o fazer liter\u00e1rio e o tempo presente.<\/p>\n<p> A feira liter\u00e1ria conta com programa\u00e7\u00e3o para diversos p\u00fablicos, inf\u00e2ncias, juventudes e adultos, nos formatos de mesas liter\u00e1rias, shows musicais, espet\u00e1culos teatrais, viv\u00eancias art\u00edsticas, interven\u00e7\u00f5es culturais e mercado liter\u00e1rio para editoras e profissionais do setor.<\/p>\n<p>Mucug\u00ea, com sua geografia inspiradora e hist\u00f3ria preservada, mais uma vez ser\u00e1 palco da for\u00e7a das palavras e das vozes que ecoam por rios, matas e narrativas.<\/p>\n<p><strong>Servi\u00e7o:<\/strong> Feira Liter\u00e1ria de Mucug\u00ea \u2013 Flig\u00ea<\/p>\n<p><strong>Onde<\/strong>: Mucug\u00ea \u2013 Chapada Diamantina<\/p>\n<p><strong>Quando:<\/strong> 13 a 17 de agosto de 2025<\/p>\n<p>A oitava edi\u00e7\u00e3o da Flig\u00ea \u2013 Feira Liter\u00e1ria de Mucug\u00ea foi contemplada pelo Edital de Apoio \u00e0s Festas, Feiras e Festivais Liter\u00e1rios (N\u00ba 01\/2024), por meio do Programa Bahia Liter\u00e1ria, com apoio do Governo do Estado da Bahia, atrav\u00e9s da Secretaria de Educa\u00e7\u00e3o e da Secretaria de Cultura, via Funda\u00e7\u00e3o Pedro Calmon, no \u00e2mbito do fomento \u00e0 realiza\u00e7\u00e3o de a\u00e7\u00f5es culturais.<\/p>\n<p><em>Siga o Acorda Cidade no<\/em><a href=\"https:\/\/news.google.com\/search?q=acorda%20cidade&amp;hl=pt-BR&amp;gl=BR&amp;ceid=BR%3Apt-419\"><strong><em>\u00a0Google Not\u00edcias<\/em><\/strong><\/a><em>\u00a0e receba os principais destaques do dia. Participe tamb\u00e9m dos nossos canais no\u00a0<\/em><a href=\"https:\/\/www.whatsapp.com\/channel\/0029Va6Rb4v3WHTNnsh8WI3N\"><strong><em>WhatsApp<\/em><\/strong><\/a><em>\u00a0e\u00a0<\/em><a href=\"https:\/\/www.youtube.com\/@acordacidadenoticias\/videos\"><strong>Youtube<\/strong><\/a><em>\u00a0e grupo de\u00a0<\/em><a href=\"https:\/\/t.me\/+sSz0khrgARA0ZmRh\"><strong><em>Telegram<\/em><\/strong><\/a><em>.<\/em><\/p>\n<\/div>\n","protected":false},"excerpt":{"rendered":"<div>\n<div>\n<figure><img decoding=\"async\" src=\"https:\/\/uploads.acordacidade.com.br\/2025\/06\/Thiago-Gama-Desfile-Literario-20-flige.jpg\" alt=\"Feira Liter\u00e1ria de Mucug\u00ea: Flig\u00ea\"><figcaption>Foto: Thiago Gama<\/figcaption><\/figure>\n<\/div>\n<p>A feira liter\u00e1ria conta com programa\u00e7\u00e3o para diversos p\u00fablicos, inf\u00e2ncias, juventudes e adultos.<\/p><\/div>\n","protected":false},"author":1,"featured_media":91104,"comment_status":"closed","ping_status":"closed","sticky":false,"template":"","format":"gallery","meta":{"footnotes":""},"categories":[8,9,6,57,56,10],"tags":[],"class_list":["post-91103","post","type-post","status-publish","format-gallery","has-post-thumbnail","hentry","category-bahia","category-brasil","category-feira-de-santana","category-mundo","category-policia","category-politica","post_format-post-format-gallery"],"featured_image_urls":{"full":["https:\/\/noticiasbahia360.com.br\/wp-content\/uploads\/2025\/06\/Thiago-Gama-Desfile-Literario-20-flige.jpg",1200,960,false],"thumbnail":["https:\/\/noticiasbahia360.com.br\/wp-content\/uploads\/2025\/06\/Thiago-Gama-Desfile-Literario-20-flige-150x150.jpg",150,150,true],"medium":["https:\/\/noticiasbahia360.com.br\/wp-content\/uploads\/2025\/06\/Thiago-Gama-Desfile-Literario-20-flige-300x240.jpg",300,240,true],"medium_large":["https:\/\/noticiasbahia360.com.br\/wp-content\/uploads\/2025\/06\/Thiago-Gama-Desfile-Literario-20-flige-768x614.jpg",640,512,true],"large":["https:\/\/noticiasbahia360.com.br\/wp-content\/uploads\/2025\/06\/Thiago-Gama-Desfile-Literario-20-flige-1024x819.jpg",640,512,true],"1536x1536":["https:\/\/noticiasbahia360.com.br\/wp-content\/uploads\/2025\/06\/Thiago-Gama-Desfile-Literario-20-flige.jpg",1200,960,false],"2048x2048":["https:\/\/noticiasbahia360.com.br\/wp-content\/uploads\/2025\/06\/Thiago-Gama-Desfile-Literario-20-flige.jpg",1200,960,false],"chromenews-featured":["https:\/\/noticiasbahia360.com.br\/wp-content\/uploads\/2025\/06\/Thiago-Gama-Desfile-Literario-20-flige-1024x819.jpg",1024,819,true],"chromenews-large":["https:\/\/noticiasbahia360.com.br\/wp-content\/uploads\/2025\/06\/Thiago-Gama-Desfile-Literario-20-flige-825x575.jpg",825,575,true],"chromenews-medium":["https:\/\/noticiasbahia360.com.br\/wp-content\/uploads\/2025\/06\/Thiago-Gama-Desfile-Literario-20-flige-590x410.jpg",590,410,true]},"author_info":{"display_name":"noticiasbahia360.com.br","author_link":"https:\/\/noticiasbahia360.com.br\/?author=1"},"category_info":"<a href=\"https:\/\/noticiasbahia360.com.br\/?cat=8\" rel=\"category\">Bahia<\/a> <a href=\"https:\/\/noticiasbahia360.com.br\/?cat=9\" rel=\"category\">Brasil<\/a> <a href=\"https:\/\/noticiasbahia360.com.br\/?cat=6\" rel=\"category\">Feira de Santana<\/a> <a href=\"https:\/\/noticiasbahia360.com.br\/?cat=57\" rel=\"category\">Mundo<\/a> <a href=\"https:\/\/noticiasbahia360.com.br\/?cat=56\" rel=\"category\">Pol\u00edcia<\/a> <a href=\"https:\/\/noticiasbahia360.com.br\/?cat=10\" rel=\"category\">Pol\u00edtica<\/a>","tag_info":"Pol\u00edtica","comment_count":"0","_links":{"self":[{"href":"https:\/\/noticiasbahia360.com.br\/index.php?rest_route=\/wp\/v2\/posts\/91103","targetHints":{"allow":["GET"]}}],"collection":[{"href":"https:\/\/noticiasbahia360.com.br\/index.php?rest_route=\/wp\/v2\/posts"}],"about":[{"href":"https:\/\/noticiasbahia360.com.br\/index.php?rest_route=\/wp\/v2\/types\/post"}],"author":[{"embeddable":true,"href":"https:\/\/noticiasbahia360.com.br\/index.php?rest_route=\/wp\/v2\/users\/1"}],"replies":[{"embeddable":true,"href":"https:\/\/noticiasbahia360.com.br\/index.php?rest_route=%2Fwp%2Fv2%2Fcomments&post=91103"}],"version-history":[{"count":0,"href":"https:\/\/noticiasbahia360.com.br\/index.php?rest_route=\/wp\/v2\/posts\/91103\/revisions"}],"wp:featuredmedia":[{"embeddable":true,"href":"https:\/\/noticiasbahia360.com.br\/index.php?rest_route=\/wp\/v2\/media\/91104"}],"wp:attachment":[{"href":"https:\/\/noticiasbahia360.com.br\/index.php?rest_route=%2Fwp%2Fv2%2Fmedia&parent=91103"}],"wp:term":[{"taxonomy":"category","embeddable":true,"href":"https:\/\/noticiasbahia360.com.br\/index.php?rest_route=%2Fwp%2Fv2%2Fcategories&post=91103"},{"taxonomy":"post_tag","embeddable":true,"href":"https:\/\/noticiasbahia360.com.br\/index.php?rest_route=%2Fwp%2Fv2%2Ftags&post=91103"}],"curies":[{"name":"wp","href":"https:\/\/api.w.org\/{rel}","templated":true}]}}