{"id":91107,"date":"2025-06-25T21:20:50","date_gmt":"2025-06-26T00:20:50","guid":{"rendered":"https:\/\/noticiasbahia360.com.br\/?p=91107"},"modified":"2025-06-25T21:20:50","modified_gmt":"2025-06-26T00:20:50","slug":"governo-anuncia-aumento-do-etanol-na-gasolina-para-30","status":"publish","type":"post","link":"https:\/\/noticiasbahia360.com.br\/?p=91107","title":{"rendered":"Governo anuncia aumento do etanol na gasolina para 30%"},"content":{"rendered":"<div>\n<div>\n<figure><img decoding=\"async\" src=\"http:\/\/noticiasbahia360.com.br\/wp-content\/uploads\/2025\/06\/etanol-e-gasolina-comum-petrobras-combustivel-foto-jose-cruz-ag-brasil.jpg\" alt=\"etanol e gasolin\"><figcaption>Foto: Jos\u00e9 Cruz\/Ag\u00eancia Brasil <\/figcaption><\/figure>\n<\/div>\n<p>Ag\u00eancia Brasil \u2013 O Conselho Nacional de Pol\u00edtica Energ\u00e9tica (CNPE) aprovou, nesta quarta-feira (25), o aumento da mistura obrigat\u00f3ria de etanol na gasolina, que passar\u00e1 de 27% para 30%<strong>. Foi autorizado tamb\u00e9m a eleva\u00e7\u00e3o do valor no biodiesel no diesel, dos atuais 14% para 15%.<\/strong><\/p>\n<p>Os novos percentuais entram em vigor a partir de 1\u00ba de agosto. A reuni\u00e3o do conselho teve a presen\u00e7a do presidente Luiz In\u00e1cio Lula da Silva e do ministro Alexandre Silveira.<\/p>\n<p>De acordo com o Minist\u00e9rio de Minas e Energia, com a nova mistura de 30% de etanol na gasolina, o Brasil voltar\u00e1 a ser autossuficiente em gasolina ap\u00f3s 15 anos. Estima-se que o pre\u00e7o do combust\u00edvel pode cair at\u00e9 20 centavos nos postos. A expectativa do governo federal \u00e9 investimentos na ordem de mais de R$ 10 bilh\u00f5es e gera\u00e7\u00e3o de 50 mil postos de trabalho com a mudan\u00e7a.<\/p>\n<p>\u201cA implementa\u00e7\u00e3o do E30 [etanol] e do B15 [biodiesel] reduz a depend\u00eancia brasileira em combust\u00edveis f\u00f3sseis, diminuindo a necessidade de importa\u00e7\u00f5es, principalmente, em um momento de incertezas no mercado global. As medidas tamb\u00e9m ampliam o uso de combust\u00edveis renov\u00e1veis produzidos no Brasil, fortalecendo a produ\u00e7\u00e3o nacional e contribuindo, ainda, para a redu\u00e7\u00e3o de emiss\u00f5es e o desenvolvimento econ\u00f4mico do pa\u00eds\u201d, diz nota divulgada pelo minist\u00e9rio.<\/p>\n<p>Testes feitos pelo Instituto Mau\u00e1 de Tecnologia apontam que o E30 \u00e9 seguro e pode ser adotado imediatamente sem causar danos aos ve\u00edculos e consumidores.<\/p>\n<p>A Frente Parlamentar do Biodiesel (FPBio) celebrou a medida, argumentando que preserva o Brasil diante dos choques do cen\u00e1rio externo, regula pre\u00e7os de alimentos e possibilitar\u00e1 investimentos de R$ 200 bilh\u00f5es no setor.<\/p>\n<p><em>Com informa\u00e7\u00f5es do Minist\u00e9rio de Minas e Energia<\/em><\/p>\n<p><em>Siga o Acorda Cidade no<\/em><a href=\"https:\/\/news.google.com\/search?q=acorda%20cidade&amp;hl=pt-BR&amp;gl=BR&amp;ceid=BR%3Apt-419\"><strong><em>\u00a0Google Not\u00edcias<\/em><\/strong><\/a><em>\u00a0e receba os principais destaques do dia. Participe tamb\u00e9m dos nossos canais no\u00a0<\/em><a href=\"https:\/\/www.whatsapp.com\/channel\/0029Va6Rb4v3WHTNnsh8WI3N\"><strong><em>WhatsApp<\/em><\/strong><\/a><em>\u00a0e\u00a0<\/em><a href=\"https:\/\/www.youtube.com\/@acordacidadenoticias\/videos\"><strong>Youtube<\/strong><\/a><em>\u00a0e grupo de\u00a0<\/em><a href=\"https:\/\/t.me\/+sSz0khrgARA0ZmRh\"><strong><em>Telegram<\/em><\/strong><\/a><em>.<\/em><\/p>\n<\/div>\n","protected":false},"excerpt":{"rendered":"<div>\n<div>\n<figure><img decoding=\"async\" src=\"https:\/\/uploads.acordacidade.com.br\/2025\/06\/etanol-e-gasolina-comum-petrobras-combustivel-foto-jose-cruz-ag-brasil.jpg\" alt=\"etanol e gasolin\"><figcaption>Foto: Jos\u00e9 Cruz\/Ag\u00eancia Brasil <\/figcaption><\/figure>\n<\/div>\n<p>Com a nova mistura de 30% de etanol na gasolina, o Brasil voltar\u00e1 a ser autossuficiente em gasolina ap\u00f3s 15 anos.<\/p><\/div>\n","protected":false},"author":1,"featured_media":91108,"comment_status":"closed","ping_status":"closed","sticky":false,"template":"","format":"gallery","meta":{"footnotes":""},"categories":[8,9,6,57,56,10],"tags":[],"class_list":["post-91107","post","type-post","status-publish","format-gallery","has-post-thumbnail","hentry","category-bahia","category-brasil","category-feira-de-santana","category-mundo","category-policia","category-politica","post_format-post-format-gallery"],"featured_image_urls":{"full":["https:\/\/noticiasbahia360.com.br\/wp-content\/uploads\/2025\/06\/etanol-e-gasolina-comum-petrobras-combustivel-foto-jose-cruz-ag-brasil.jpg",1200,718,false],"thumbnail":["https:\/\/noticiasbahia360.com.br\/wp-content\/uploads\/2025\/06\/etanol-e-gasolina-comum-petrobras-combustivel-foto-jose-cruz-ag-brasil-150x150.jpg",150,150,true],"medium":["https:\/\/noticiasbahia360.com.br\/wp-content\/uploads\/2025\/06\/etanol-e-gasolina-comum-petrobras-combustivel-foto-jose-cruz-ag-brasil-300x180.jpg",300,180,true],"medium_large":["https:\/\/noticiasbahia360.com.br\/wp-content\/uploads\/2025\/06\/etanol-e-gasolina-comum-petrobras-combustivel-foto-jose-cruz-ag-brasil-768x460.jpg",640,383,true],"large":["https:\/\/noticiasbahia360.com.br\/wp-content\/uploads\/2025\/06\/etanol-e-gasolina-comum-petrobras-combustivel-foto-jose-cruz-ag-brasil-1024x613.jpg",640,383,true],"1536x1536":["https:\/\/noticiasbahia360.com.br\/wp-content\/uploads\/2025\/06\/etanol-e-gasolina-comum-petrobras-combustivel-foto-jose-cruz-ag-brasil.jpg",1200,718,false],"2048x2048":["https:\/\/noticiasbahia360.com.br\/wp-content\/uploads\/2025\/06\/etanol-e-gasolina-comum-petrobras-combustivel-foto-jose-cruz-ag-brasil.jpg",1200,718,false],"chromenews-featured":["https:\/\/noticiasbahia360.com.br\/wp-content\/uploads\/2025\/06\/etanol-e-gasolina-comum-petrobras-combustivel-foto-jose-cruz-ag-brasil-1024x613.jpg",1024,613,true],"chromenews-large":["https:\/\/noticiasbahia360.com.br\/wp-content\/uploads\/2025\/06\/etanol-e-gasolina-comum-petrobras-combustivel-foto-jose-cruz-ag-brasil-825x575.jpg",825,575,true],"chromenews-medium":["https:\/\/noticiasbahia360.com.br\/wp-content\/uploads\/2025\/06\/etanol-e-gasolina-comum-petrobras-combustivel-foto-jose-cruz-ag-brasil-590x410.jpg",590,410,true]},"author_info":{"display_name":"noticiasbahia360.com.br","author_link":"https:\/\/noticiasbahia360.com.br\/?author=1"},"category_info":"<a href=\"https:\/\/noticiasbahia360.com.br\/?cat=8\" rel=\"category\">Bahia<\/a> <a href=\"https:\/\/noticiasbahia360.com.br\/?cat=9\" rel=\"category\">Brasil<\/a> <a href=\"https:\/\/noticiasbahia360.com.br\/?cat=6\" rel=\"category\">Feira de Santana<\/a> <a href=\"https:\/\/noticiasbahia360.com.br\/?cat=57\" rel=\"category\">Mundo<\/a> <a href=\"https:\/\/noticiasbahia360.com.br\/?cat=56\" rel=\"category\">Pol\u00edcia<\/a> <a href=\"https:\/\/noticiasbahia360.com.br\/?cat=10\" rel=\"category\">Pol\u00edtica<\/a>","tag_info":"Pol\u00edtica","comment_count":"0","_links":{"self":[{"href":"https:\/\/noticiasbahia360.com.br\/index.php?rest_route=\/wp\/v2\/posts\/91107","targetHints":{"allow":["GET"]}}],"collection":[{"href":"https:\/\/noticiasbahia360.com.br\/index.php?rest_route=\/wp\/v2\/posts"}],"about":[{"href":"https:\/\/noticiasbahia360.com.br\/index.php?rest_route=\/wp\/v2\/types\/post"}],"author":[{"embeddable":true,"href":"https:\/\/noticiasbahia360.com.br\/index.php?rest_route=\/wp\/v2\/users\/1"}],"replies":[{"embeddable":true,"href":"https:\/\/noticiasbahia360.com.br\/index.php?rest_route=%2Fwp%2Fv2%2Fcomments&post=91107"}],"version-history":[{"count":0,"href":"https:\/\/noticiasbahia360.com.br\/index.php?rest_route=\/wp\/v2\/posts\/91107\/revisions"}],"wp:featuredmedia":[{"embeddable":true,"href":"https:\/\/noticiasbahia360.com.br\/index.php?rest_route=\/wp\/v2\/media\/91108"}],"wp:attachment":[{"href":"https:\/\/noticiasbahia360.com.br\/index.php?rest_route=%2Fwp%2Fv2%2Fmedia&parent=91107"}],"wp:term":[{"taxonomy":"category","embeddable":true,"href":"https:\/\/noticiasbahia360.com.br\/index.php?rest_route=%2Fwp%2Fv2%2Fcategories&post=91107"},{"taxonomy":"post_tag","embeddable":true,"href":"https:\/\/noticiasbahia360.com.br\/index.php?rest_route=%2Fwp%2Fv2%2Ftags&post=91107"}],"curies":[{"name":"wp","href":"https:\/\/api.w.org\/{rel}","templated":true}]}}