{"id":91110,"date":"2025-06-25T22:00:37","date_gmt":"2025-06-26T01:00:37","guid":{"rendered":"https:\/\/noticiasbahia360.com.br\/?p=91110"},"modified":"2025-06-25T22:00:37","modified_gmt":"2025-06-26T01:00:37","slug":"senado-segue-a-camara-e-derruba-decreto-de-lula-sobre-alta-do-iof","status":"publish","type":"post","link":"https:\/\/noticiasbahia360.com.br\/?p=91110","title":{"rendered":"Senado segue a C\u00e2mara e derruba decreto de Lula sobre alta do IOF"},"content":{"rendered":"<div>\n<div>\n<figure><img decoding=\"async\" src=\"http:\/\/noticiasbahia360.com.br\/wp-content\/uploads\/2025\/06\/Senado-foto-andressa-anholete-agrencia-s.jpg\" alt=\"Senado\"><figcaption>Foto: Andressa Anholete\/Ag\u00eancia Senado<\/figcaption><\/figure>\n<\/div>\n<p>O Senado aprovou nesta quarta-feira (25) a derrubada de tr\u00eas decretos do presidente Luiz In\u00e1cio Lula da Silva (PT) que aumentavam o Imposto sobre Opera\u00e7\u00f5es Financeiras (IOF), confirmando a decis\u00e3o tomada mais cedo pela<a href=\"https:\/\/www.acordacidade.com.br\/tag\/deputados-federais\/\"> C\u00e2mara dos Deputados.<\/a><\/p>\n<p>A medida imp\u00f5e uma derrota expressiva ao governo e obriga a equipe econ\u00f4mica a buscar alternativas para compensar uma perda de arrecada\u00e7\u00e3o estimada em R$ 10 bilh\u00f5es neste ano.<\/p>\n<p>Com a rejei\u00e7\u00e3o dos decretos, o Congresso imp\u00f5e, pela primeira vez, a revoga\u00e7\u00e3o de um aumento de imposto feito por meio de decreto presidencial. Segundo o Minist\u00e9rio da Fazenda, sem o IOF mais alto, ser\u00e1 necess\u00e1rio ampliar o bloqueio de gastos no Or\u00e7amento de 2025 para evitar o descumprimento da meta fiscal.<\/p>\n<p>A ministra da Secretaria de Rela\u00e7\u00f5es Institucionais, Gleisi Hoffmann, havia alertado que a derrubada da medida exigir\u00e1 novos cortes de despesas. \u201cPrejudicando programas sociais e investimentos importantes para o pa\u00eds, afetando inclusive a execu\u00e7\u00e3o das emendas parlamentares\u201d, afirmou.<\/p>\n<p>J\u00e1 o presidente do Congresso, Davi Alcolumbre (Uni\u00e3o-AP), afirmou que n\u00e3o quer polemizar o tema.<\/p>\n<p>\u201cEsse decreto come\u00e7ou mal, o governo editou um decreto que rapidamente foi recha\u00e7ado pela sociedade brasileira. E reconhe\u00e7o, que muita vezes sem entender o que \u00e9 o IOF, muitos daqueles foram colocados contr\u00e1rios ao que nele estava escrito. Durante o debate do decreto, da medida provis\u00f3ria, tivemos v\u00e1rios debates apra tentar conciliar os interesses do governo com o da sociedade\u201d, afirmou.<\/p>\n<p> \u201cSabemos que \u00e9 sim uma derrota para o govenro, mas foi constru\u00edda por v\u00e1rias m\u00e3os\u201d, completou.<\/p>\n<h2 class=\"wp-block-heading\" id=\"h-descontentamento-no-congresso\">Descontentamento no Congresso<\/h2>\n<p>A proposta enfrentou forte resist\u00eancia no Legislativo, mesmo com o governo tendo recuado parcialmente em alguns pontos. O presidente da C\u00e2mara, Hugo Motta (Republicanos-PB), incluiu o projeto na pauta da noite de ter\u00e7a-feira (24) e acelerou a vota\u00e7\u00e3o. O relator escolhido foi o deputado Coronel Chris\u00f3stomo (PL-RO), da oposi\u00e7\u00e3o.<\/p>\n<p>O texto foi aprovado na C\u00e2mara por 383 votos a 98 e, horas depois, confirmado pelo Senado. Parlamentares apontam que a decis\u00e3o reflete o descontentamento com aumentos de tributos e com a demora na libera\u00e7\u00e3o de emendas parlamentares, al\u00e9m de cr\u00edticas \u00e0 condu\u00e7\u00e3o da pol\u00edtica econ\u00f4mica de Fernando Haddad.<\/p>\n<h2 class=\"wp-block-heading\" id=\"h-impacto-fiscal\">Impacto fiscal<\/h2>\n<p>De acordo com a equipe econ\u00f4mica, a eleva\u00e7\u00e3o do IOF era uma das principais apostas para fechar as contas p\u00fablicas e perseguir a meta de d\u00e9ficit zero. Sem os decretos, a estimativa de arrecada\u00e7\u00e3o cai em R$ 10 bilh\u00f5es, o que deve exigir novos bloqueios de gastos.<\/p>\n<p>\u201cO governo informo[u] que, sem o aumento do IOF, o bloqueio no or\u00e7amento, de R$ 31,3 bilh\u00f5es, o maior dos \u00faltimos cinco anos, teria de ser ainda maior\u201d, afirmou a Fazenda. A alternativa seria aprovar aumento de outros tributos, mas o Congresso tem se mostrado resistente a essas propostas.<\/p>\n<h2 class=\"wp-block-heading\" id=\"h-o-que-previa-o-aumento-do-iof\">O que previa o aumento do IOF<\/h2>\n<p>O governo elevou o IOF sobre opera\u00e7\u00f5es de cr\u00e9dito, especialmente para empresas, e tamb\u00e9m sobre opera\u00e7\u00f5es de c\u00e2mbio, seguros e certos tipos de investimentos. Parte dessas medidas foi revertida ap\u00f3s cr\u00edticas do Legislativo:<\/p>\n<ul class=\"wp-block-list\">\n<li>Cr\u00e9dito para empresas: a al\u00edquota fixa foi inicialmente elevada de 0,38% para 0,95%, mas voltou ao patamar anterior.<\/li>\n<li>Risco sacado: o governo desistiu da al\u00edquota fixa, mas manteve a al\u00edquota di\u00e1ria em 0,0082%.<\/li>\n<li>VGBL: o IOF passou a incidir apenas sobre valores acima de R$ 300 mil (e, a partir de 2026, acima de R$ 600 mil).<\/li>\n<li>Fundos e investimentos externos: o governo recuou e manteve a al\u00edquota zero em casos como FIDCs e retorno de capital estrangeiro.<\/li>\n<\/ul>\n<h2 class=\"wp-block-heading\" id=\"h-medida-provisoria-como-alternativa\">Medida provis\u00f3ria como alternativa<\/h2>\n<p>Para compensar a perda com os recuos no IOF, a equipe econ\u00f4mica editou uma medida provis\u00f3ria propondo aumento de outras receitas \u2014 como a taxa\u00e7\u00e3o das apostas online (bets), tributa\u00e7\u00e3o de criptoativos, fim da isen\u00e7\u00e3o para juros sobre capital pr\u00f3prio e unifica\u00e7\u00e3o do Imposto de Renda sobre investimentos.<\/p>\n<p>A expectativa do governo \u00e9 arrecadar cerca de R$ 10 bilh\u00f5es com essa MP, mas a resist\u00eancia no Congresso \u00e9 grande. Se a medida tamb\u00e9m for rejeitada, t\u00e9cnicos da Fazenda alertam que ser\u00e1 necess\u00e1rio ampliar ainda mais o bloqueio no or\u00e7amento deste ano.<\/p>\n<p>Fonte: g1<\/p>\n<p><em>Siga o Acorda Cidade no<\/em><a href=\"https:\/\/news.google.com\/search?q=acorda%20cidade&amp;hl=pt-BR&amp;gl=BR&amp;ceid=BR%3Apt-419\"><strong><em>\u00a0Google Not\u00edcias<\/em><\/strong><\/a><em>\u00a0e receba os principais destaques do dia. Participe tamb\u00e9m dos nossos canais no\u00a0<\/em><a href=\"https:\/\/whatsapp.com\/channel\/0029Va6Rb4v3WHTNnsh8WI3N\"><strong><em>WhatsApp<\/em><\/strong><\/a><em>\u00a0e\u00a0<\/em><a href=\"https:\/\/www.youtube.com\/@acordacidadenoticias\/videos\"><strong>YouTube<\/strong><\/a><em>\u00a0e grupo de\u00a0<\/em><a href=\"https:\/\/t.me\/+sSz0khrgARA0ZmRh\"><strong><em>Telegram<\/em><\/strong><\/a><em>.<\/em><\/p>\n<\/div>\n","protected":false},"excerpt":{"rendered":"<div>\n<div>\n<figure><img decoding=\"async\" src=\"https:\/\/uploads.acordacidade.com.br\/2025\/06\/Senado-foto-andressa-anholete-agrencia-s.jpg\" alt=\"Senado\"><figcaption>Foto: Andressa Anholete\/Ag\u00eancia Senado<\/figcaption><\/figure>\n<\/div>\n<p>De acordo com a equipe econ\u00f4mica, a eleva\u00e7\u00e3o do IOF era uma das principais apostas para fechar as contas p\u00fablicas e perseguir a meta de d\u00e9ficit zero.<\/p><\/div>\n","protected":false},"author":1,"featured_media":91111,"comment_status":"closed","ping_status":"closed","sticky":false,"template":"","format":"gallery","meta":{"footnotes":""},"categories":[8,9,6,57,56,10],"tags":[],"class_list":["post-91110","post","type-post","status-publish","format-gallery","has-post-thumbnail","hentry","category-bahia","category-brasil","category-feira-de-santana","category-mundo","category-policia","category-politica","post_format-post-format-gallery"],"featured_image_urls":{"full":["https:\/\/noticiasbahia360.com.br\/wp-content\/uploads\/2025\/06\/Senado-foto-andressa-anholete-agrencia-s.jpg",1200,800,false],"thumbnail":["https:\/\/noticiasbahia360.com.br\/wp-content\/uploads\/2025\/06\/Senado-foto-andressa-anholete-agrencia-s-150x150.jpg",150,150,true],"medium":["https:\/\/noticiasbahia360.com.br\/wp-content\/uploads\/2025\/06\/Senado-foto-andressa-anholete-agrencia-s-300x200.jpg",300,200,true],"medium_large":["https:\/\/noticiasbahia360.com.br\/wp-content\/uploads\/2025\/06\/Senado-foto-andressa-anholete-agrencia-s-768x512.jpg",640,427,true],"large":["https:\/\/noticiasbahia360.com.br\/wp-content\/uploads\/2025\/06\/Senado-foto-andressa-anholete-agrencia-s-1024x683.jpg",640,427,true],"1536x1536":["https:\/\/noticiasbahia360.com.br\/wp-content\/uploads\/2025\/06\/Senado-foto-andressa-anholete-agrencia-s.jpg",1200,800,false],"2048x2048":["https:\/\/noticiasbahia360.com.br\/wp-content\/uploads\/2025\/06\/Senado-foto-andressa-anholete-agrencia-s.jpg",1200,800,false],"chromenews-featured":["https:\/\/noticiasbahia360.com.br\/wp-content\/uploads\/2025\/06\/Senado-foto-andressa-anholete-agrencia-s-1024x683.jpg",1024,683,true],"chromenews-large":["https:\/\/noticiasbahia360.com.br\/wp-content\/uploads\/2025\/06\/Senado-foto-andressa-anholete-agrencia-s-825x575.jpg",825,575,true],"chromenews-medium":["https:\/\/noticiasbahia360.com.br\/wp-content\/uploads\/2025\/06\/Senado-foto-andressa-anholete-agrencia-s-590x410.jpg",590,410,true]},"author_info":{"display_name":"noticiasbahia360.com.br","author_link":"https:\/\/noticiasbahia360.com.br\/?author=1"},"category_info":"<a href=\"https:\/\/noticiasbahia360.com.br\/?cat=8\" rel=\"category\">Bahia<\/a> <a href=\"https:\/\/noticiasbahia360.com.br\/?cat=9\" rel=\"category\">Brasil<\/a> <a href=\"https:\/\/noticiasbahia360.com.br\/?cat=6\" rel=\"category\">Feira de Santana<\/a> <a href=\"https:\/\/noticiasbahia360.com.br\/?cat=57\" rel=\"category\">Mundo<\/a> <a href=\"https:\/\/noticiasbahia360.com.br\/?cat=56\" rel=\"category\">Pol\u00edcia<\/a> <a href=\"https:\/\/noticiasbahia360.com.br\/?cat=10\" rel=\"category\">Pol\u00edtica<\/a>","tag_info":"Pol\u00edtica","comment_count":"0","_links":{"self":[{"href":"https:\/\/noticiasbahia360.com.br\/index.php?rest_route=\/wp\/v2\/posts\/91110","targetHints":{"allow":["GET"]}}],"collection":[{"href":"https:\/\/noticiasbahia360.com.br\/index.php?rest_route=\/wp\/v2\/posts"}],"about":[{"href":"https:\/\/noticiasbahia360.com.br\/index.php?rest_route=\/wp\/v2\/types\/post"}],"author":[{"embeddable":true,"href":"https:\/\/noticiasbahia360.com.br\/index.php?rest_route=\/wp\/v2\/users\/1"}],"replies":[{"embeddable":true,"href":"https:\/\/noticiasbahia360.com.br\/index.php?rest_route=%2Fwp%2Fv2%2Fcomments&post=91110"}],"version-history":[{"count":0,"href":"https:\/\/noticiasbahia360.com.br\/index.php?rest_route=\/wp\/v2\/posts\/91110\/revisions"}],"wp:featuredmedia":[{"embeddable":true,"href":"https:\/\/noticiasbahia360.com.br\/index.php?rest_route=\/wp\/v2\/media\/91111"}],"wp:attachment":[{"href":"https:\/\/noticiasbahia360.com.br\/index.php?rest_route=%2Fwp%2Fv2%2Fmedia&parent=91110"}],"wp:term":[{"taxonomy":"category","embeddable":true,"href":"https:\/\/noticiasbahia360.com.br\/index.php?rest_route=%2Fwp%2Fv2%2Fcategories&post=91110"},{"taxonomy":"post_tag","embeddable":true,"href":"https:\/\/noticiasbahia360.com.br\/index.php?rest_route=%2Fwp%2Fv2%2Ftags&post=91110"}],"curies":[{"name":"wp","href":"https:\/\/api.w.org\/{rel}","templated":true}]}}