{"id":91112,"date":"2025-06-25T22:17:59","date_gmt":"2025-06-26T01:17:59","guid":{"rendered":"https:\/\/noticiasbahia360.com.br\/?p=91112"},"modified":"2025-06-25T22:17:59","modified_gmt":"2025-06-26T01:17:59","slug":"senado-aprova-ampliacao-da-camara-para-531-deputados-a-partir-de-2027-texto-volta-para-a-camara","status":"publish","type":"post","link":"https:\/\/noticiasbahia360.com.br\/?p=91112","title":{"rendered":"Senado aprova amplia\u00e7\u00e3o da C\u00e2mara para 531 deputados a partir de 2027; texto volta para a C\u00e2mara"},"content":{"rendered":"<div>\n<div>\n<figure><img decoding=\"async\" src=\"http:\/\/noticiasbahia360.com.br\/wp-content\/uploads\/2025\/06\/Senaddores-foto-andressa-anholete-agrencia-senado.jpg\" alt=\"Senado aprova proposta de aumento de n\u00famero de deputados federais\"><figcaption>Foto: Andressa Anholete\/Ag\u00eancia Senado<\/figcaption><\/figure>\n<\/div>\n<p>O Senado Federal aprovou, nesta quarta-feira (25) uma proposta de lei que aumenta de 513 para 531 o n\u00famero de vagas para deputados federais. A medida pode gerar um impacto de, pelo menos, R$ 95 milh\u00f5es por ano. O texto foi aprovado com 41 votos favor\u00e1veis, o m\u00ednimo necess\u00e1rio.<\/p>\n<p>O texto foi aprovado com mudan\u00e7as, e por isso retorna para a C\u00e2mara dos Deputados analisar as modifica\u00e7\u00f5es feitas pelo relator, senador Marcelo Castro (MDB-PI). A medida precisa ser sancionada at\u00e9 30 de junho, prazo final estipulado pela Justi\u00e7a.<\/p>\n<p>Ao longo do tempo de mandato dos parlamentares, de quatro anos, o aumento de vagas pode chegar a custar R$ 380 milh\u00f5es para os cofres p\u00fablicos.<\/p>\n<p>A proposta, que passou com aperto na C\u00e2mara dos Deputados no come\u00e7o de maio, recebeu 270 votos a favor e 207 contr\u00e1rios, e votos de praticamente todos os partidos deram sinal verde para o aumento das vagas, com exce\u00e7\u00e3o de PSOL, Cidadania, Novo e Rede.<\/p>\n<p>A princ\u00edpio, o texto original que chegou da C\u00e2mara dos Deputados n\u00e3o previa restri\u00e7\u00e3o em rela\u00e7\u00e3o a cria\u00e7\u00e3o de novas despesas para arcar com as 18 novas vagas de deputados, com isso, o impacto poderia ser de R$ 150 milh\u00f5es.<\/p>\n<p>Entretanto, o relator da proposta no Senado acatou uma emenda que veda a cria\u00e7\u00e3o de novas despesas para arcar com gastos de cotas parlamentares, passagens a\u00e9reas e verba de gabinete.<\/p>\n<p><strong>Por\u00e9m, o texto n\u00e3o fala sobre a cria\u00e7\u00e3o de novas despesas para arcar com o sal\u00e1rio desses 18 novos deputados. Assim, a estimativa de despesas com a remunera\u00e7\u00e3o dos parlamentares deve ser de R$ 10 milh\u00f5es no ano. J\u00e1 as outras despesas, que somam R$ 55 milh\u00f5es, ter\u00e3o que se rateadas entre os 531 deputados.<\/strong><\/p>\n<h2 class=\"wp-block-heading\" id=\"h-trava-de-despesas\">Trava de despesas<\/h2>\n<p>Uma das mudan\u00e7as acatadas pelo relator foi sugerida pelo senador Alessandro Vieira (MDB-SE), e veta o aumento de despesas em fun\u00e7\u00e3o do aumento no n\u00famero de vagas para a C\u00e2mara dos Deputados. O texto n\u00e3o afeta os aumentos que possam ocorrer nas Assembleias Legislativas estaduais que ser\u00e3o impactadas pela medida da C\u00e2mara.<\/p>\n<p>\u201cVedada a aprova\u00e7\u00e3o de cr\u00e9ditos adicionais, remanejamento, transposi\u00e7\u00e3o ou transfer\u00eancia or\u00e7ament\u00e1ria [para o pagamento de novas despesas]\u201d, justifica o texto.<\/p>\n<p>Entretanto, a vers\u00e3o acatada pelo relator permite o aumento constante dos valores destinados \u00e0s despesas relacionadas a essas novas vagas.<\/p>\n<p>Com isso, a C\u00e2mara pode continuar a aumentar os valores totais destinados a cotas parlamentares, passagens a\u00e9reas e verbas de gabinete, ao longo dos pr\u00f3ximos anos, e com isso compensar o valor das despesas que ser\u00e3o mantidas em 2026 nos mesmo par\u00e2metros de 2025.<\/p>\n<p>No texto original, o senador Vieira impedia tamb\u00e9m o aumento do custo global dos gastos da C\u00e2mara com tais despesas, fazendo o valor m\u00e9dio individual das despeas por deputado cair.<\/p>\n<p>\u201cA emenda \u00e9 merit\u00f3ria, mas seu texto deve ser aperfei\u00e7oado para sanar v\u00edcios de inconstitucionalidade formal [\u2026] N\u00e3o se pode perder de vista que o teto de despesas fixado deve considerar, ao longo dos anos, o valor real do montante despendido no exerc\u00edcio corrente. Consequentemente, deve-se admitir a atualiza\u00e7\u00e3o monet\u00e1ria dos valores\u201d, justificou Castro.<\/p>\n<p>Outra mudan\u00e7a acatada pelo relator \u00e9 para impedir a a possibilidade de impugna\u00e7\u00e3o por partidos pol\u00edticos ou estados e a desconsidera\u00e7\u00e3o dos dados do censo demogr\u00e1fico caso eles n\u00e3o fossem considerados \u201cconfi\u00e1veis\u201d pelo Tribunal de Contas da Uni\u00e3o (TCU).<\/p>\n<p>Na justificativa, Vieira ainda afirmou que n\u00e3o se pode atribuir uma fun\u00e7\u00e3o, atualmente inexistente, para o TCU.<\/p>\n<p>\u201cA proposta em an\u00e1lise compromete a autonomia t\u00e9cnica e a credibilidade do IBGE, \u00f3rg\u00e3o legalmente respons\u00e1vel pela produ\u00e7\u00e3o das estat\u00edsticas oficiais\u201d, finalizou.<\/p>\n<h2 class=\"wp-block-heading\" id=\"h-impacto-no-orcamento\">Impacto no or\u00e7amento<\/h2>\n<p>O impacto or\u00e7ament\u00e1rio apenas na C\u00e2mara dos Deputados, segundo informa\u00e7\u00f5es da Dire\u00e7\u00e3o-Geral da casa, seria de R$ 64,6 milh\u00f5es por ano.<\/p>\n<p>Mas com a mudan\u00e7a feita pelo Senado, os valores devem diminuir para R$ 10 milh\u00f5es, j\u00e1 que contemplar\u00e1 apenas os sal\u00e1rios dos novos parlamentares.<\/p>\n<p>A situa\u00e7\u00e3o \u00e9 diferente em rela\u00e7\u00e3o ao impacto que a mudan\u00e7a proposta pela C\u00e2mara dos Deputados pode ter nas Assembleias Legislativas de todas as unidades federativas.<\/p>\n<p>O tamanho das bancadas na C\u00e2mara influencia tamb\u00e9m na composi\u00e7\u00e3o de cada assembleia legislativa dos estados. A Constitui\u00e7\u00e3o define o n\u00famero de deputados estaduais com rela\u00e7\u00e3o \u00e0s bancadas federais.<\/p>\n<p>Atualmente, o Brasil tem 1.059 deputados estaduais. Se o modelo proposto for aprovado, 30 novas vagas ser\u00e3o criadas em assembleias legislativas.<\/p>\n<p>Levantamento feito considerando gastos com sal\u00e1rio dos parlamentares, cota parlamentar e verba de gabinete dispon\u00edveis para todos os deputados estaduais, aponta que este aumento pode causar um aumento de despesas de R$ 85 milh\u00f5es, apenas entre os deputados estaduais.<\/p>\n<p>O principal impacto \u00e9 nas verbas de gabinete, recursos que s\u00e3o utilizados para pagar sal\u00e1rios da equipe de gabinete dos parlamentares. Ao todo, s\u00e3o R$ 56 milh\u00f5es.<\/p>\n<p>Al\u00e9m, disso, os gastos com cotas parlamentares podem passar a ser da ordem de R$ 16 milh\u00f5es. Outros R$ 13 milh\u00f5es seriam gastos com sal\u00e1rios dos deputados.<\/p>\n<h2 class=\"wp-block-heading\" id=\"h-impacto-nos-estados\">Impacto nos estados<\/h2>\n<p>As 30 novas vagas nas Assembleias Legislativas seriam criadas nos seguintes estados:<\/p>\n<ul class=\"wp-block-list\">\n<li>Amazonas, Mato Grosso e Rio Grande do Norte: com seis novas vagas para cada.<\/li>\n<li>Par\u00e1 e <a href=\"https:\/\/www.acordacidade.com.br\/tag\/santa-catarina\/\">Santa Catarina<\/a> receberiam outros quatro novos deputados.<\/li>\n<li><a href=\"https:\/\/www.acordacidade.com.br\/tag\/ceara\/\">Cear\u00e1<\/a>, Goi\u00e1s, Minas Gerais e Paran\u00e1 receberiam um novo parlamentar cada.<\/li>\n<li>O Mato Grosso \u00e9 o estado que pode vir a ter o maior impacto or\u00e7ament\u00e1rio. Ao todo, o estado pode ter um aumento de R$ 22 milh\u00f5es anuais com os parlamentares.<\/li>\n<li>Em seguida aparece o Amazonas, que tamb\u00e9m receber\u00e1 seis novos deputados e tem um impacto de R$ 17 milh\u00f5es. Em terceiro lugar, aparece o Rio Grande do Norte, com R$ 15 milh\u00f5es.<\/li>\n<\/ul>\n<h3 class=\"wp-block-heading\" id=\"h-veja-em-detalhes\"><strong>Veja em detalhes:<\/strong><\/h3>\n<ul class=\"wp-block-list\">\n<li>Amazonas: R$ 17.309.940,48<\/li>\n<li>Cear\u00e1: R$ 2.269.422,61<\/li>\n<li>Goi\u00e1s: R$ 2.112.932,02<\/li>\n<li>Minas Gerais: R$ 2.733.766,80<\/li>\n<li>Mato Grosso: R$ 22.303.774,08<\/li>\n<li>Par\u00e1: R$ 9.646.774,72<\/li>\n<li>Paran\u00e1: R$ 2.709.507,62<\/li>\n<li>Rio Grande do Norte: R$ 15.378.700,44<\/li>\n<li>Santa Catarina: R$ 10.973.770,52<\/li>\n<\/ul>\n<h2 class=\"wp-block-heading\" id=\"h-necessidade-de-mudanca\">Necessidade de mudan\u00e7a<\/h2>\n<p>A Constitui\u00e7\u00e3o diz que a representa\u00e7\u00e3o na C\u00e2mara deve ser proporcional \u00e0 popula\u00e7\u00e3o de cada estado. Nas elei\u00e7\u00f5es de 1994, o n\u00famero de deputados foi determinado com base na popula\u00e7\u00e3o de 1985.<\/p>\n<p>Desde aquele ano, no entanto, o n\u00famero de deputados nunca foi atualizado, mesmo com novos censos populacionais que indicam o aumento da popula\u00e7\u00e3o de alguns estados.<br \/>O Supremo Tribunal Federal (STF) determinou em 2023 que fosse feita essa atualiza\u00e7\u00e3o. O prazo acaba em 30 de junho. Por isso, o Congresso corre para definir a quest\u00e3o. Se os deputados perderem o prazo, caber\u00e1 ao Tribunal Superior Eleitoral (TSE) a defini\u00e7\u00e3o do n\u00famero de deputados por estado.<\/p>\n<p>Em 2023 o STF estabeleceu que a C\u00e2mara seguiria tendo 513 deputados. Mas os estados estariam sujeitos a uma readequa\u00e7\u00e3o de tamanho para atender \u00e0s varia\u00e7\u00f5es populacionais identificadas pelo \u00faltimo Censo.<\/p>\n<p><strong>Sete estados \u2014 entre eles, o do presidente da C\u00e2mara \u2014 poderiam perder cadeiras: Alagoas, Bahia, Para\u00edba, Pernambuco, Piau\u00ed, Rio de Janeiro e Rio Grande do Sul.<\/strong><\/p>\n<p>Outros setes, ganhariam: Amazonas, Cear\u00e1, Goi\u00e1s, Minas Gerais, Mato Grosso, Par\u00e1 e Santa Catarina.<\/p>\n<h2 class=\"wp-block-heading\" id=\"h-o-que-diz-o-projeto\"><strong>O que diz o projeto<\/strong><\/h2>\n<p>O projeto aprovado surgiu de um acordo encabe\u00e7ado pelo presidente da C\u00e2mara, Hugo Motta (Republicanos-PB).<\/p>\n<p>O texto prev\u00ea que nenhum estado perder\u00e1 cadeiras no parlamento. Pelo contr\u00e1rio, a proposta \u00e9 que alguns estados ganhem.<\/p>\n<p>Al\u00e9m disso, ainda na C\u00e2mara dos Deputados, os parlamentares tamb\u00e9m estabeleceram novos crit\u00e9rios para atualizar a distribui\u00e7\u00e3o das vagas na C\u00e2mara.<\/p>\n<p>Segundo o texto, dever\u00e3o ser levados em conta os dados do Censo. A reda\u00e7\u00e3o aprovada pela C\u00e2mara previa que n\u00e3o poderiam ser utilizados dados de pesquisas amostrais ou estimativas n\u00e3o oficiais do Censo, mas o Senado derrubou esta restri\u00e7\u00e3o.<\/p>\n<p>A Constitui\u00e7\u00e3o estabelece que nenhuma unidade da federa\u00e7\u00e3o pode ter menos de 8 representantes e que o estado mais populoso \u2013 S\u00e3o Paulo, no caso \u2013 dever\u00e1 ter, no m\u00e1ximo, 70 cadeiras.<\/p>\n<p>De acordo com a proposta, as revis\u00f5es peri\u00f3dicas ter\u00e3o de considerar estes limites. E as atualiza\u00e7\u00f5es de cadeiras ser\u00e3o calculadas com um c\u00e1lculo semelhante ao do quociente eleitoral.<\/p>\n<p><em>Siga o Acorda Cidade no<\/em><a href=\"https:\/\/news.google.com\/search?q=acorda%20cidade&amp;hl=pt-BR&amp;gl=BR&amp;ceid=BR%3Apt-419\"><strong><em>\u00a0Google Not\u00edcias<\/em><\/strong><\/a><em>\u00a0e receba os principais destaques do dia. Participe tamb\u00e9m dos nossos canais no\u00a0<\/em><a href=\"https:\/\/whatsapp.com\/channel\/0029Va6Rb4v3WHTNnsh8WI3N\"><strong><em>WhatsApp<\/em><\/strong><\/a><em>\u00a0e\u00a0<\/em><a href=\"https:\/\/www.youtube.com\/@acordacidadenoticias\/videos\"><strong>YouTube<\/strong><\/a><em>\u00a0e grupo de\u00a0<\/em><a href=\"https:\/\/t.me\/+sSz0khrgARA0ZmRh\"><strong><em>Telegram<\/em><\/strong><\/a><em>.<\/em><\/p>\n<\/div>\n","protected":false},"excerpt":{"rendered":"<div>\n<div>\n<figure><img decoding=\"async\" src=\"https:\/\/uploads.acordacidade.com.br\/2025\/06\/Senaddores-foto-andressa-anholete-agrencia-senado.jpg\" alt=\"Senado aprova proposta de aumento de n\u00famero de deputados federais\"><figcaption>Foto: Andressa Anholete\/Ag\u00eancia Senado<\/figcaption><\/figure>\n<\/div>\n<p>Ao longo do tempo de mandato dos parlamentares, de quatro anos, o aumento de vagas pode chegar a custar R$ 380 milh\u00f5es para os cofres p\u00fablicos.<\/p><\/div>\n","protected":false},"author":1,"featured_media":91113,"comment_status":"closed","ping_status":"closed","sticky":false,"template":"","format":"gallery","meta":{"footnotes":""},"categories":[8,9,6,57,56,10],"tags":[],"class_list":["post-91112","post","type-post","status-publish","format-gallery","has-post-thumbnail","hentry","category-bahia","category-brasil","category-feira-de-santana","category-mundo","category-policia","category-politica","post_format-post-format-gallery"],"featured_image_urls":{"full":["https:\/\/noticiasbahia360.com.br\/wp-content\/uploads\/2025\/06\/Senaddores-foto-andressa-anholete-agrencia-senado.jpg",1200,795,false],"thumbnail":["https:\/\/noticiasbahia360.com.br\/wp-content\/uploads\/2025\/06\/Senaddores-foto-andressa-anholete-agrencia-senado-150x150.jpg",150,150,true],"medium":["https:\/\/noticiasbahia360.com.br\/wp-content\/uploads\/2025\/06\/Senaddores-foto-andressa-anholete-agrencia-senado-300x199.jpg",300,199,true],"medium_large":["https:\/\/noticiasbahia360.com.br\/wp-content\/uploads\/2025\/06\/Senaddores-foto-andressa-anholete-agrencia-senado-768x509.jpg",640,424,true],"large":["https:\/\/noticiasbahia360.com.br\/wp-content\/uploads\/2025\/06\/Senaddores-foto-andressa-anholete-agrencia-senado-1024x678.jpg",640,424,true],"1536x1536":["https:\/\/noticiasbahia360.com.br\/wp-content\/uploads\/2025\/06\/Senaddores-foto-andressa-anholete-agrencia-senado.jpg",1200,795,false],"2048x2048":["https:\/\/noticiasbahia360.com.br\/wp-content\/uploads\/2025\/06\/Senaddores-foto-andressa-anholete-agrencia-senado.jpg",1200,795,false],"chromenews-featured":["https:\/\/noticiasbahia360.com.br\/wp-content\/uploads\/2025\/06\/Senaddores-foto-andressa-anholete-agrencia-senado-1024x678.jpg",1024,678,true],"chromenews-large":["https:\/\/noticiasbahia360.com.br\/wp-content\/uploads\/2025\/06\/Senaddores-foto-andressa-anholete-agrencia-senado-825x575.jpg",825,575,true],"chromenews-medium":["https:\/\/noticiasbahia360.com.br\/wp-content\/uploads\/2025\/06\/Senaddores-foto-andressa-anholete-agrencia-senado-590x410.jpg",590,410,true]},"author_info":{"display_name":"noticiasbahia360.com.br","author_link":"https:\/\/noticiasbahia360.com.br\/?author=1"},"category_info":"<a href=\"https:\/\/noticiasbahia360.com.br\/?cat=8\" rel=\"category\">Bahia<\/a> <a href=\"https:\/\/noticiasbahia360.com.br\/?cat=9\" rel=\"category\">Brasil<\/a> <a href=\"https:\/\/noticiasbahia360.com.br\/?cat=6\" rel=\"category\">Feira de Santana<\/a> <a href=\"https:\/\/noticiasbahia360.com.br\/?cat=57\" rel=\"category\">Mundo<\/a> <a href=\"https:\/\/noticiasbahia360.com.br\/?cat=56\" rel=\"category\">Pol\u00edcia<\/a> <a href=\"https:\/\/noticiasbahia360.com.br\/?cat=10\" rel=\"category\">Pol\u00edtica<\/a>","tag_info":"Pol\u00edtica","comment_count":"0","_links":{"self":[{"href":"https:\/\/noticiasbahia360.com.br\/index.php?rest_route=\/wp\/v2\/posts\/91112","targetHints":{"allow":["GET"]}}],"collection":[{"href":"https:\/\/noticiasbahia360.com.br\/index.php?rest_route=\/wp\/v2\/posts"}],"about":[{"href":"https:\/\/noticiasbahia360.com.br\/index.php?rest_route=\/wp\/v2\/types\/post"}],"author":[{"embeddable":true,"href":"https:\/\/noticiasbahia360.com.br\/index.php?rest_route=\/wp\/v2\/users\/1"}],"replies":[{"embeddable":true,"href":"https:\/\/noticiasbahia360.com.br\/index.php?rest_route=%2Fwp%2Fv2%2Fcomments&post=91112"}],"version-history":[{"count":0,"href":"https:\/\/noticiasbahia360.com.br\/index.php?rest_route=\/wp\/v2\/posts\/91112\/revisions"}],"wp:featuredmedia":[{"embeddable":true,"href":"https:\/\/noticiasbahia360.com.br\/index.php?rest_route=\/wp\/v2\/media\/91113"}],"wp:attachment":[{"href":"https:\/\/noticiasbahia360.com.br\/index.php?rest_route=%2Fwp%2Fv2%2Fmedia&parent=91112"}],"wp:term":[{"taxonomy":"category","embeddable":true,"href":"https:\/\/noticiasbahia360.com.br\/index.php?rest_route=%2Fwp%2Fv2%2Fcategories&post=91112"},{"taxonomy":"post_tag","embeddable":true,"href":"https:\/\/noticiasbahia360.com.br\/index.php?rest_route=%2Fwp%2Fv2%2Ftags&post=91112"}],"curies":[{"name":"wp","href":"https:\/\/api.w.org\/{rel}","templated":true}]}}