{"id":91117,"date":"2025-06-26T06:46:29","date_gmt":"2025-06-26T09:46:29","guid":{"rendered":"https:\/\/noticiasbahia360.com.br\/?p=91117"},"modified":"2025-06-26T06:46:29","modified_gmt":"2025-06-26T09:46:29","slug":"distribuicao-de-sementes-para-agricultores-deve-acontecer-so-ano-que-vem-segundo-a-seagri","status":"publish","type":"post","link":"https:\/\/noticiasbahia360.com.br\/?p=91117","title":{"rendered":"Distribui\u00e7\u00e3o de sementes para agricultores deve acontecer s\u00f3 ano que vem, segundo a Seagri"},"content":{"rendered":"<div>\n<div>\n<figure><img decoding=\"async\" src=\"http:\/\/noticiasbahia360.com.br\/wp-content\/uploads\/2025\/06\/Seagri-ft-ney-silva-acorda-cidade.jpg\" alt=\"Seagri\"><figcaption>Foto: Ney Silva\/Acorda Cidade<\/figcaption><\/figure>\n<\/div>\n<p>Para minimizar os efeitos da seca em <a href=\"https:\/\/www.acordacidade.com.br\/tag\/feira-de-santana\/\">Feira de Santana<\/a>, situa\u00e7\u00e3o emergencial decretada em outubro de 2024 pela Prefeitura, a Secretaria Municipal de Agricultura (Seagri) vem realizando nos \u00faltimos meses a\u00e7\u00f5es para amenizar o impacto aos agricultores.<strong> Entre as principais necessidades\u00a0 pontuadas pela classe, est\u00e3o o abastecimento de \u00e1gua, ara\u00e7\u00e3o da terra, e a distribui\u00e7\u00e3o de sementes, entre outras.<\/strong><\/p>\n<p>Uma das a\u00e7\u00f5es prometidas pela Seagri foi a compra de sementes de milho e feij\u00e3o que seriam distribuidas para plantio na zona rural. Em abril deste ano (2025), o Secret\u00e1rio de agricultura, Silvaney Ara\u00fajo, informou em entrevista ao portal Acorda Cidade que a distribui\u00e7\u00e3o certamente come\u00e7aria com o in\u00edcio das chuvas.<\/p>\n<p><strong>Com a cobran\u00e7a de previs\u00e3o para a a\u00e7\u00e3o que ainda n\u00e3o come\u00e7ou, nesta sexta-feira(20) o secret\u00e1rio esclareceu que n\u00e3o foi poss\u00edvel realizar a licita\u00e7\u00e3o necess\u00e1ria em tempo h\u00e1bil.<\/strong><\/p>\n<p>\u201cReferente \u00e0 semente, a gente esse ano n\u00e3o teve tempo para fazer a licita\u00e7\u00e3o cab\u00edvel, a gente tentou fazer uma, mas n\u00e3o conseguiu fazer o processo licitat\u00f3rio e comprar semente no tempo adequado.\u201d, informou.<\/p>\n<figure class=\"wp-block-image size-large\"><img fetchpriority=\"high\" fetchpriority=\"high\" decoding=\"async\" width=\"1024\" height=\"724\" sizes=\"(max-width: 1024px) 100vw, 1024px\" src=\"http:\/\/noticiasbahia360.com.br\/wp-content\/uploads\/2025\/06\/Fwtr2dsk-secretario-municipal-de-Agricultura-Silvaney-Araujo-1024x724-1.webp\" alt=\"secret\u00e1rio municipal de Agricultura, Silvaney Ara\u00fajo fala sobre distribui\u00e7\u00e3o de sementes\" class=\"wp-image-520370\" srcset=\"https:\/\/uploads.acordacidade.com.br\/2025\/04\/Fwtr2dsk-secretario-municipal-de-Agricultura-Silvaney-Araujo-150x106.webp 150w, https:\/\/uploads.acordacidade.com.br\/2025\/04\/Fwtr2dsk-secretario-municipal-de-Agricultura-Silvaney-Araujo.webp 1200w\"><figcaption class=\"wp-element-caption\">Secret\u00e1rio municipal de Agricultura, Silvaney Ara\u00fajo | Foto: Ney Silva\/Acorda Cidade<\/figcaption><\/figure>\n<p>Com isso, o secret\u00e1rio tamb\u00e9m explicou que em di\u00e1logo com a prefeitura, ficou decidido priorizar outras a\u00e7\u00f5es no ano atual (2025), e se preparar para comprar e distribuir as sementes no pr\u00f3ximo ano (2026).<\/p>\n<p>\u201cA gente tomou a decis\u00e3o junto com o prefeito de esse ano fornecer a ara\u00e7\u00e3o de terra, mas a semente deixar para o pr\u00f3ximo ano. Ent\u00e3o esse ano j\u00e1 est\u00e1 organizando a compra da semente, para quando chegar o ano que vem a gente n\u00e3o precisar ter esse atraso.\u201d, informou o secret\u00e1rio ao Acorda Cidade.<\/p>\n<p>Silvaney ainda acrescentou que com o pouco tempo de governo, esse est\u00e1 sendo um momento de planejamento e organiza\u00e7\u00e3o.<\/p>\n<p>\u201cEst\u00e1 iniciando o governo, est\u00e1 organizando a casa, ent\u00e3o por esses motivos e por outros optamos em fazer esse processo, mas com f\u00e9 em Deus, no ano que vem a gente vai organizar em tempo h\u00e1bil para a semente ser distribu\u00edda.\u201d, concluiu.<\/p>\n<p><em>Com informa\u00e7\u00f5es do rep\u00f3rter Ney Silva do Acorda Cidade<\/em><\/p>\n<p><em>Siga o Acorda Cidade no<\/em><a href=\"https:\/\/news.google.com\/search?q=acorda%20cidade&amp;hl=pt-BR&amp;gl=BR&amp;ceid=BR%3Apt-419\"><strong><em> Google Not\u00edcias<\/em><\/strong><\/a><em> e receba os principais destaques do dia. Participe tamb\u00e9m dos nossos canais no <\/em><a href=\"https:\/\/whatsapp.com\/channel\/0029Va6Rb4v3WHTNnsh8WI3N\"><strong><em>WhatsApp<\/em><\/strong><\/a><em> e <\/em><a href=\"https:\/\/www.youtube.com\/@acordacidadenoticias\/videos\"><strong>Youtube<\/strong><\/a><em> e grupo de <\/em><a href=\"https:\/\/t.me\/+sSz0khrgARA0ZmRh\"><strong><em>Telegram<\/em><\/strong><\/a><em>.<\/em><\/p>\n<\/div>\n","protected":false},"excerpt":{"rendered":"<div>\n<div>\n<figure><img decoding=\"async\" src=\"https:\/\/uploads.acordacidade.com.br\/2025\/02\/Seagri-ft-ney-silva-acorda-cidade.jpg\" alt=\"Seagri\"><figcaption>Foto: Ney Silva\/Acorda Cidade<\/figcaption><\/figure>\n<\/div>\n<p>A princ\u00edpio a distribui\u00e7\u00e3o das sementes aconteceria na chegada das chuva deste ano (2025)<\/p><\/div>\n","protected":false},"author":1,"featured_media":91118,"comment_status":"closed","ping_status":"closed","sticky":false,"template":"","format":"gallery","meta":{"footnotes":""},"categories":[8,9,6,57,56,10],"tags":[],"class_list":["post-91117","post","type-post","status-publish","format-gallery","has-post-thumbnail","hentry","category-bahia","category-brasil","category-feira-de-santana","category-mundo","category-policia","category-politica","post_format-post-format-gallery"],"featured_image_urls":{"full":["https:\/\/noticiasbahia360.com.br\/wp-content\/uploads\/2025\/06\/Seagri-ft-ney-silva-acorda-cidade.jpg",1920,1107,false],"thumbnail":["https:\/\/noticiasbahia360.com.br\/wp-content\/uploads\/2025\/06\/Seagri-ft-ney-silva-acorda-cidade-150x150.jpg",150,150,true],"medium":["https:\/\/noticiasbahia360.com.br\/wp-content\/uploads\/2025\/06\/Seagri-ft-ney-silva-acorda-cidade-300x173.jpg",300,173,true],"medium_large":["https:\/\/noticiasbahia360.com.br\/wp-content\/uploads\/2025\/06\/Seagri-ft-ney-silva-acorda-cidade-768x443.jpg",640,369,true],"large":["https:\/\/noticiasbahia360.com.br\/wp-content\/uploads\/2025\/06\/Seagri-ft-ney-silva-acorda-cidade-1024x590.jpg",640,369,true],"1536x1536":["https:\/\/noticiasbahia360.com.br\/wp-content\/uploads\/2025\/06\/Seagri-ft-ney-silva-acorda-cidade-1536x886.jpg",1536,886,true],"2048x2048":["https:\/\/noticiasbahia360.com.br\/wp-content\/uploads\/2025\/06\/Seagri-ft-ney-silva-acorda-cidade.jpg",1920,1107,false],"chromenews-featured":["https:\/\/noticiasbahia360.com.br\/wp-content\/uploads\/2025\/06\/Seagri-ft-ney-silva-acorda-cidade-1024x590.jpg",1024,590,true],"chromenews-large":["https:\/\/noticiasbahia360.com.br\/wp-content\/uploads\/2025\/06\/Seagri-ft-ney-silva-acorda-cidade-825x575.jpg",825,575,true],"chromenews-medium":["https:\/\/noticiasbahia360.com.br\/wp-content\/uploads\/2025\/06\/Seagri-ft-ney-silva-acorda-cidade-590x410.jpg",590,410,true]},"author_info":{"display_name":"noticiasbahia360.com.br","author_link":"https:\/\/noticiasbahia360.com.br\/?author=1"},"category_info":"<a href=\"https:\/\/noticiasbahia360.com.br\/?cat=8\" rel=\"category\">Bahia<\/a> <a href=\"https:\/\/noticiasbahia360.com.br\/?cat=9\" rel=\"category\">Brasil<\/a> <a href=\"https:\/\/noticiasbahia360.com.br\/?cat=6\" rel=\"category\">Feira de Santana<\/a> <a href=\"https:\/\/noticiasbahia360.com.br\/?cat=57\" rel=\"category\">Mundo<\/a> <a href=\"https:\/\/noticiasbahia360.com.br\/?cat=56\" rel=\"category\">Pol\u00edcia<\/a> <a href=\"https:\/\/noticiasbahia360.com.br\/?cat=10\" rel=\"category\">Pol\u00edtica<\/a>","tag_info":"Pol\u00edtica","comment_count":"0","_links":{"self":[{"href":"https:\/\/noticiasbahia360.com.br\/index.php?rest_route=\/wp\/v2\/posts\/91117","targetHints":{"allow":["GET"]}}],"collection":[{"href":"https:\/\/noticiasbahia360.com.br\/index.php?rest_route=\/wp\/v2\/posts"}],"about":[{"href":"https:\/\/noticiasbahia360.com.br\/index.php?rest_route=\/wp\/v2\/types\/post"}],"author":[{"embeddable":true,"href":"https:\/\/noticiasbahia360.com.br\/index.php?rest_route=\/wp\/v2\/users\/1"}],"replies":[{"embeddable":true,"href":"https:\/\/noticiasbahia360.com.br\/index.php?rest_route=%2Fwp%2Fv2%2Fcomments&post=91117"}],"version-history":[{"count":0,"href":"https:\/\/noticiasbahia360.com.br\/index.php?rest_route=\/wp\/v2\/posts\/91117\/revisions"}],"wp:featuredmedia":[{"embeddable":true,"href":"https:\/\/noticiasbahia360.com.br\/index.php?rest_route=\/wp\/v2\/media\/91118"}],"wp:attachment":[{"href":"https:\/\/noticiasbahia360.com.br\/index.php?rest_route=%2Fwp%2Fv2%2Fmedia&parent=91117"}],"wp:term":[{"taxonomy":"category","embeddable":true,"href":"https:\/\/noticiasbahia360.com.br\/index.php?rest_route=%2Fwp%2Fv2%2Fcategories&post=91117"},{"taxonomy":"post_tag","embeddable":true,"href":"https:\/\/noticiasbahia360.com.br\/index.php?rest_route=%2Fwp%2Fv2%2Ftags&post=91117"}],"curies":[{"name":"wp","href":"https:\/\/api.w.org\/{rel}","templated":true}]}} 