{"id":91120,"date":"2025-06-26T06:46:36","date_gmt":"2025-06-26T09:46:36","guid":{"rendered":"https:\/\/noticiasbahia360.com.br\/?p=91120"},"modified":"2025-06-26T06:46:36","modified_gmt":"2025-06-26T09:46:36","slug":"sus-nordeste-concentra-menor-acesso-de-criancas-e-adolescentes-a-tratamentos-odontologicos-segundo-estudo","status":"publish","type":"post","link":"https:\/\/noticiasbahia360.com.br\/?p=91120","title":{"rendered":"SUS: Nordeste concentra menor acesso de crian\u00e7as e adolescentes a tratamentos odontol\u00f3gicos segundo estudo"},"content":{"rendered":"<div>\n<div>\n<figure><img decoding=\"async\" src=\"http:\/\/noticiasbahia360.com.br\/wp-content\/uploads\/2025\/06\/atendimentoespecializado_odontopediatria_foto_agenciaeinstein.jpg\" alt=\"Atendimento odontopediatria SUS\"><figcaption>Foto: Ag\u00eancia Einstein<\/figcaption><\/figure>\n<\/div>\n<p>Um estudo in\u00e9dito revelou que o acesso das crian\u00e7as brasileiras a tratamentos odontol\u00f3gicos especializados pelo Sistema \u00danico de Sa\u00fade (SUS) varia muito de regi\u00e3o para regi\u00e3o. A pesquisa analisou mais de 29 milh\u00f5es de atendimentos realizados por odontopediatras entre 2008 e 2022 e aponta uma desigualdade: o cuidado especializado em sa\u00fade bucal infantil ainda \u00e9 desigual no Brasil.<\/p>\n<p>O levantamento foi feito por pesquisadores do Programa de P\u00f3s-Gradua\u00e7\u00e3o em Odontopediatria da Faculdade de Odontologia de Ribeir\u00e3o Preto, da Universidade de S\u00e3o Paulo (USP), e considerou dados das cinco grandes regi\u00f5es do pa\u00eds: Norte, Nordeste, Sudeste, Sul e Centro-Oeste. Os resultados <a href=\"https:\/\/www.scielo.br\/j\/pboci\/a\/MNnMyQRH8MgThftkg37mWxp\/?lang=en\">foram publicados<\/a> na revista Pesquisa Brasileira em Odontopediatria e Cl\u00ednica Integrada.<\/p>\n<p>Segundo o cirurgi\u00e3o-dentista Ricardo Barbosa Lima, um dos autores do estudo, j\u00e1 se sabia que havia dificuldades no acesso a esse tipo de atendimento, mas ainda faltavam dados nacionais. \u201cInvestigamos toda a produ\u00e7\u00e3o em odontopediatria no SUS e observamos disparidades regionais significativas. N\u00e3o existia um levantamento com esse alcance.\u201d<\/p>\n<p>Os dados revelam que as crian\u00e7as de zero a 14 anos do Nordeste s\u00e3o as que menos acessam os atendimentos especializados. Apenas 13,9% dos procedimentos realizados no per\u00edodo foram nessa regi\u00e3o \u2014 o menor \u00edndice entre todas. J\u00e1 o Sudeste concentrou quase metade (48,5%) de todos os atendimentos do pa\u00eds.<\/p>\n<p>A situa\u00e7\u00e3o no Norte tamb\u00e9m chama aten\u00e7\u00e3o: al\u00e9m de ter oscilado bastante ao longo dos anos, foi a \u00fanica regi\u00e3o onde houve queda no n\u00famero de atendimentos odontopedi\u00e1tricos ao longo dos 15 anos analisados. Mesmo quando os anos mais cr\u00edticos da pandemia (2020 a 2022) s\u00e3o desconsiderados, a oferta de cuidados especializados na regi\u00e3o permanece estagnada, ao contr\u00e1rio do Sul, que apresentou crescimento.<\/p>\n<h2 class=\"wp-block-heading\" id=\"h-faltam-profissionais-nas-unidades-nbsp\"><strong>Faltam profissionais nas unidades\u00a0<\/strong><\/h2>\n<p>Segundo Lima, um dos fatores que ajudam a explicar as diferen\u00e7as regionais \u00e9 que a odontopediatria n\u00e3o \u00e9 uma especialidade obrigat\u00f3ria nos Centros de Especialidades Odontol\u00f3gicas (CEOs), unidades do SUS que prestam atendimento mais complexo e complementar \u00e0 rede de aten\u00e7\u00e3o prim\u00e1ria. Isso significa que a presen\u00e7a desses profissionais depende da decis\u00e3o dos gestores locais de sa\u00fade, o que pode favorecer regi\u00f5es com maior infraestrutura ou recursos. \u201cComo n\u00e3o \u00e9 uma especialidade obrigat\u00f3ria nos CEOs, necessita de contrapartida. Isso faz com que regi\u00f5es com menos recursos ou menor infraestrutura sejam desfavorecidas\u201d, disse.<\/p>\n<p>Al\u00e9m disso, segundo ele, as condi\u00e7\u00f5es de trabalho dos profissionais tamb\u00e9m influenciam muito nos resultados: carga hor\u00e1ria, estrutura das unidades, formas de encaminhamento de pacientes e at\u00e9 o tempo necess\u00e1rio para atendimento. \u201cSe uma regi\u00e3o tem crian\u00e7as em situa\u00e7\u00f5es mais graves, \u00e9 natural que o atendimento seja mais demorado, o que reduz o n\u00famero de procedimentos registrados, mas n\u00e3o significa menos necessidade\u201d, completa.<\/p>\n<p>Para o cirurgi\u00e3o-dentista Valmir Vanderlei Gomes Filho, especialista de Projetos do Cuidado P\u00fablico, da Diretoria de Aten\u00e7\u00e3o Prim\u00e1ria e Redes, do Hospital Israelita Albert Einstein, a desigualdade no acesso \u00e0 odontopediatria \u00e9 reflexo das desigualdades hist\u00f3ricas e estruturais do sistema de sa\u00fade brasileiro.\u00a0<\/p>\n<p>\u201c\u00c9 uma combina\u00e7\u00e3o de fatores econ\u00f4micos, geogr\u00e1ficos e de gest\u00e3o. Nas regi\u00f5es Norte e Nordeste, a escassez de profissionais, a dist\u00e2ncia at\u00e9 os centros de atendimento e a baixa renda da popula\u00e7\u00e3o dificultam ainda mais o acesso ao cuidado odontol\u00f3gico especializado\u201d, explicou. \u201cAl\u00e9m disso, problemas como baixa escolaridade, pobreza e falta de informa\u00e7\u00e3o sobre sa\u00fade bucal influenciam diretamente na procura por esses servi\u00e7os\u201d, afirmou.<\/p>\n<p>O n\u00famero de odontopediatras registrados no SUS oscilou ao longo do per\u00edodo estudado, o que tamb\u00e9m pode ter influenciado a varia\u00e7\u00e3o no n\u00famero de atendimentos. Em 2008, eram 1.343 profissionais atuando na rede p\u00fablica. Em 2022, esse n\u00famero aumentou para 1.595, tendo atingido o pico em 2010, com 1.745 profissionais. Mesmo assim, esse crescimento n\u00e3o foi suficiente para equilibrar o acesso entre as regi\u00f5es.<\/p>\n<p>Segundo Lima, o resultado encontrado para o Nordeste refor\u00e7a dados j\u00e1 conhecidos sobre a maior vulnerabilidade social e de sa\u00fade dessa regi\u00e3o. Pesquisas anteriores mostram que crian\u00e7as nordestinas apresentam altos \u00edndices de c\u00e1rie dent\u00e1ria \u2013 um dos principais problemas de sa\u00fade bucal \u2013 e t\u00eam menos acesso a servi\u00e7os preventivos e de tratamento. Em pequenas cidades do interior, por exemplo, cerca de 69% das crian\u00e7as tinham c\u00e1ries n\u00e3o tratadas, segundo dados do da Pesquisa Nacional de Sa\u00fade Bucal (SB Brasil 2010).<\/p>\n<p>Esses n\u00fameros indicam uma rela\u00e7\u00e3o direta entre territ\u00f3rio, condi\u00e7\u00e3o socioecon\u00f4mica e acesso aos servi\u00e7os p\u00fablicos de sa\u00fade, incluindo os de odontologia. A desigualdade come\u00e7a ainda na aten\u00e7\u00e3o b\u00e1sica, onde a cobertura e a capacidade de resolver problemas de sa\u00fade bucal variam amplamente entre regi\u00f5es. Quando a rede b\u00e1sica falha, a tend\u00eancia \u00e9 que crian\u00e7as sejam encaminhadas a servi\u00e7os especializados \u2013 o que nem sempre ocorre, dada a aus\u00eancia de estrutura ou profissionais qualificados, especialmente nas regi\u00f5es mais pobres.<\/p>\n<p>\u201cA experi\u00eancia com c\u00e1rie \u00e9 algo dif\u00edcil de mensurar em um pa\u00eds como o Brasil, que possui dimens\u00e3o continental e uma popula\u00e7\u00e3o que ultrapassa 200 milh\u00f5es de habitantes. Mas alguns estados da regi\u00e3o Nordeste e Centro-oeste apresentam maior preval\u00eancia em compara\u00e7\u00e3o aos demais. O componente socioecon\u00f4mico vulner\u00e1vel \u00e9 fortemente associado \u00e0 pior experi\u00eancia com c\u00e1rie\u201d, disse o pesquisador.<\/p>\n<h2 class=\"wp-block-heading\" id=\"h-impactos-da-pandemia-nbsp\"><strong>Impactos da pandemia\u00a0<\/strong><\/h2>\n<p>A pandemia de <a href=\"https:\/\/www.acordacidade.com.br\/tag\/covid-19\/\">Covid-19<\/a> tamb\u00e9m teve impacto direto sobre os atendimentos odontol\u00f3gicos, com forte queda nos procedimentos eletivos em 2020. As regi\u00f5es Norte e Nordeste foram as mais afetadas, agravando ainda mais as desigualdades j\u00e1 existentes. \u201cO contexto pand\u00eamico restringiu consultas odontol\u00f3gicas eletivas e priorizou as emergenciais. Esse longo per\u00edodo em baixa produtividade foi, sem d\u00favidas, um dos principais problemas para a sa\u00fade bucal de toda a popula\u00e7\u00e3o, inclusive de crian\u00e7as\u201d, disse Lima.<\/p>\n<p>Com isso, aumentou o ac\u00famulo de casos n\u00e3o atendidos. \u201cTudo isso impactou muito os cuidados preventivos com as crian\u00e7as. A\u00e7\u00f5es importantes como a primeira consulta, o acompanhamento do crescimento e o controle de doen\u00e7as bucais ficaram em segundo plano\u201d, disse cirurgi\u00e3-dentista Aline Moreno Ferreira Campos, professora do curso de especializa\u00e7\u00e3o Odontologia em Sa\u00fade Coletiva: \u00canfase em Sa\u00fade da Fam\u00edlia e Comunidade, do Ensino Einstein.<\/p>\n<p>Somam-se a isso fatores como a escassez de profissionais, menor n\u00famero de centros especializados, dificuldades de gest\u00e3o e desigualdades socioecon\u00f4micas. \u201cComo consequ\u00eancia, houve risco de piora nos indicadores de sa\u00fade bucal infantil e aprofundamento das desigualdades regionais no acesso aos cuidados odontol\u00f3gicos\u201d, comentou Moreno.<\/p>\n<p>Diante desse cen\u00e1rio, os pesquisadores defendem que a odontopediatria passe a ser uma especialidade obrigat\u00f3ria nos CEOs, como j\u00e1 acontece com outras \u00e1reas como endodontia e periodontia. Isso garantiria um atendimento mais equitativo e cont\u00ednuo para as crian\u00e7as em todo o pa\u00eds. \u201cTer um especialista fixo para cuidar das crian\u00e7as \u00e9 fundamental. Mesmo com uma aten\u00e7\u00e3o b\u00e1sica bem estruturada, alguns casos exigem conhecimento mais aprofundado, como cirurgias, tratamentos endod\u00f4nticos ou reabilita\u00e7\u00f5es\u201d, destacou Ricardo Lima.<\/p>\n<p>A professora Aline Moreno concorda e destaca dois benef\u00edcios principais: \u201cAumentar o acesso ao atendimento para casos mais complexos e permitir um monitoramento mais preciso dos indicadores de sa\u00fade bucal infantil\u201d, disse a especialista, que acredita que a mudan\u00e7a poderia ajudar a reduzir as desigualdades regionais, ao for\u00e7ar uma estrutura m\u00ednima em todas as regi\u00f5es e estimular a forma\u00e7\u00e3o de mais especialistas onde h\u00e1 maior car\u00eancia.<\/p>\n<p>Em nota enviada \u00e0 Ag\u00eancia Einstein, o Minist\u00e9rio da Sa\u00fade informou que em 2024 registrou investimento recorde em sa\u00fade bucal: R$ 4,8 bilh\u00f5es. Acrescentou ainda que, em 2023, foi sancionada a lei que incluiu a Pol\u00edtica Nacional de Sa\u00fade Bucal na Lei Org\u00e2nica da Sa\u00fade, tornando a sa\u00fade bucal um direito de todos os brasileiros pelo SUS.<\/p>\n<p>O documento diz que, em mar\u00e7o de 2025, a pasta incluiu um incentivo financeiro federal para apoiar a implanta\u00e7\u00e3o e o custeio de especialidades ainda n\u00e3o ofertadas nos CEO do SUS, o que permite que gestores incluam atendimentos de odontopediatria em servi\u00e7os j\u00e1 existentes. Atualmente, h\u00e1 1.771 odontopediatras registrados no SUS, sendo 695 atuantes nos CEO.<\/p>\n<p>O Minist\u00e9rio da Sa\u00fade informou, ainda, a cria\u00e7\u00e3o do Servi\u00e7o de Especialidades em Sa\u00fade Bucal (Sesb), voltado a munic\u00edpios com at\u00e9 30 mil habitantes, que oferece atendimento odontol\u00f3gico especializado, conforme as necessidades locais. Esta disponibiliza\u00e7\u00e3o refor\u00e7a o compromisso de garantir atendimento odontol\u00f3gico integral em regi\u00f5es desassistidas.<\/p>\n<p><em>Fonte: Ag\u00eancia Einstein<\/em><\/p>\n<p><em>Siga o Acorda Cidade no<\/em><a href=\"https:\/\/news.google.com\/search?q=acorda%20cidade&amp;hl=pt-BR&amp;gl=BR&amp;ceid=BR%3Apt-419\"><strong><em> Google Not\u00edcias<\/em><\/strong><\/a><em> e receba os principais destaques do dia. Participe tamb\u00e9m dos nossos canais no <\/em><a href=\"https:\/\/whatsapp.com\/channel\/0029Va6Rb4v3WHTNnsh8WI3N\"><strong><em>WhatsApp<\/em><\/strong><\/a><em> e <\/em><a href=\"https:\/\/www.youtube.com\/@acordacidadenoticias\/videos\"><strong>Youtube<\/strong><\/a><em> e grupo de <\/em><a href=\"https:\/\/t.me\/+sSz0khrgARA0ZmRh\"><strong><em>Telegram<\/em><\/strong><\/a><em>.<\/em><\/p>\n<\/div>\n","protected":false},"excerpt":{"rendered":"<div>\n<div>\n<figure><img decoding=\"async\" src=\"https:\/\/uploads.acordacidade.com.br\/2025\/06\/atendimentoespecializado_odontopediatria_foto_agenciaeinstein.jpg\" alt=\"Atendimento odontopediatria SUS\"><figcaption>Foto: Ag\u00eancia Einstein<\/figcaption><\/figure>\n<\/div>\n<p>Enquanto a regi\u00e3o Sudeste concentra quase metade (48,5%) de todos os atendimentos odontol\u00f3gicos dessa faixa et\u00e1ria, apenas 13,9% dos procedimentos foram no Nordeste<\/p><\/div>\n","protected":false},"author":1,"featured_media":91121,"comment_status":"closed","ping_status":"closed","sticky":false,"template":"","format":"gallery","meta":{"footnotes":""},"categories":[8,9,6,57,56,10],"tags":[],"class_list":["post-91120","post","type-post","status-publish","format-gallery","has-post-thumbnail","hentry","category-bahia","category-brasil","category-feira-de-santana","category-mundo","category-policia","category-politica","post_format-post-format-gallery"],"featured_image_urls":{"full":["https:\/\/noticiasbahia360.com.br\/wp-content\/uploads\/2025\/06\/atendimentoespecializado_odontopediatria_foto_agenciaeinstein.jpg",1200,833,false],"thumbnail":["https:\/\/noticiasbahia360.com.br\/wp-content\/uploads\/2025\/06\/atendimentoespecializado_odontopediatria_foto_agenciaeinstein-150x150.jpg",150,150,true],"medium":["https:\/\/noticiasbahia360.com.br\/wp-content\/uploads\/2025\/06\/atendimentoespecializado_odontopediatria_foto_agenciaeinstein-300x208.jpg",300,208,true],"medium_large":["https:\/\/noticiasbahia360.com.br\/wp-content\/uploads\/2025\/06\/atendimentoespecializado_odontopediatria_foto_agenciaeinstein-768x533.jpg",640,444,true],"large":["https:\/\/noticiasbahia360.com.br\/wp-content\/uploads\/2025\/06\/atendimentoespecializado_odontopediatria_foto_agenciaeinstein-1024x711.jpg",640,444,true],"1536x1536":["https:\/\/noticiasbahia360.com.br\/wp-content\/uploads\/2025\/06\/atendimentoespecializado_odontopediatria_foto_agenciaeinstein.jpg",1200,833,false],"2048x2048":["https:\/\/noticiasbahia360.com.br\/wp-content\/uploads\/2025\/06\/atendimentoespecializado_odontopediatria_foto_agenciaeinstein.jpg",1200,833,false],"chromenews-featured":["https:\/\/noticiasbahia360.com.br\/wp-content\/uploads\/2025\/06\/atendimentoespecializado_odontopediatria_foto_agenciaeinstein-1024x711.jpg",1024,711,true],"chromenews-large":["https:\/\/noticiasbahia360.com.br\/wp-content\/uploads\/2025\/06\/atendimentoespecializado_odontopediatria_foto_agenciaeinstein-825x575.jpg",825,575,true],"chromenews-medium":["https:\/\/noticiasbahia360.com.br\/wp-content\/uploads\/2025\/06\/atendimentoespecializado_odontopediatria_foto_agenciaeinstein-590x410.jpg",590,410,true]},"author_info":{"display_name":"noticiasbahia360.com.br","author_link":"https:\/\/noticiasbahia360.com.br\/?author=1"},"category_info":"<a href=\"https:\/\/noticiasbahia360.com.br\/?cat=8\" rel=\"category\">Bahia<\/a> <a href=\"https:\/\/noticiasbahia360.com.br\/?cat=9\" rel=\"category\">Brasil<\/a> <a href=\"https:\/\/noticiasbahia360.com.br\/?cat=6\" rel=\"category\">Feira de Santana<\/a> <a href=\"https:\/\/noticiasbahia360.com.br\/?cat=57\" rel=\"category\">Mundo<\/a> <a href=\"https:\/\/noticiasbahia360.com.br\/?cat=56\" rel=\"category\">Pol\u00edcia<\/a> <a href=\"https:\/\/noticiasbahia360.com.br\/?cat=10\" rel=\"category\">Pol\u00edtica<\/a>","tag_info":"Pol\u00edtica","comment_count":"0","_links":{"self":[{"href":"https:\/\/noticiasbahia360.com.br\/index.php?rest_route=\/wp\/v2\/posts\/91120","targetHints":{"allow":["GET"]}}],"collection":[{"href":"https:\/\/noticiasbahia360.com.br\/index.php?rest_route=\/wp\/v2\/posts"}],"about":[{"href":"https:\/\/noticiasbahia360.com.br\/index.php?rest_route=\/wp\/v2\/types\/post"}],"author":[{"embeddable":true,"href":"https:\/\/noticiasbahia360.com.br\/index.php?rest_route=\/wp\/v2\/users\/1"}],"replies":[{"embeddable":true,"href":"https:\/\/noticiasbahia360.com.br\/index.php?rest_route=%2Fwp%2Fv2%2Fcomments&post=91120"}],"version-history":[{"count":0,"href":"https:\/\/noticiasbahia360.com.br\/index.php?rest_route=\/wp\/v2\/posts\/91120\/revisions"}],"wp:featuredmedia":[{"embeddable":true,"href":"https:\/\/noticiasbahia360.com.br\/index.php?rest_route=\/wp\/v2\/media\/91121"}],"wp:attachment":[{"href":"https:\/\/noticiasbahia360.com.br\/index.php?rest_route=%2Fwp%2Fv2%2Fmedia&parent=91120"}],"wp:term":[{"taxonomy":"category","embeddable":true,"href":"https:\/\/noticiasbahia360.com.br\/index.php?rest_route=%2Fwp%2Fv2%2Fcategories&post=91120"},{"taxonomy":"post_tag","embeddable":true,"href":"https:\/\/noticiasbahia360.com.br\/index.php?rest_route=%2Fwp%2Fv2%2Ftags&post=91120"}],"curies":[{"name":"wp","href":"https:\/\/api.w.org\/{rel}","templated":true}]}} 