{"id":91125,"date":"2025-06-26T07:50:42","date_gmt":"2025-06-26T10:50:42","guid":{"rendered":"https:\/\/noticiasbahia360.com.br\/?p=91125"},"modified":"2025-06-26T07:50:42","modified_gmt":"2025-06-26T10:50:42","slug":"mais-de-7-mil-policiais-reforcaram-a-seguranca-durante-os-festejos-juninos-na-bahia","status":"publish","type":"post","link":"https:\/\/noticiasbahia360.com.br\/?p=91125","title":{"rendered":"Mais de 7 mil policiais refor\u00e7aram a seguran\u00e7a durante os festejos juninos na Bahia"},"content":{"rendered":"<div>\n<div>\n<figure><img decoding=\"async\" src=\"http:\/\/noticiasbahia360.com.br\/wp-content\/uploads\/2025\/06\/fiscalizacaodapm_divulgacao-2.jpg\" alt=\"Opera\u00e7\u00e3o da Pol\u00edcia Militar\"><figcaption>Foto: Divulga\u00e7\u00e3o\/PM<\/figcaption><\/figure>\n<\/div>\n<p>Iniciado no dia 18 de junho e encerrado na madrugada desta quarta-feira (25), o <a href=\"https:\/\/www.acordacidade.com.br\/tag\/sao-joao\/\">S\u00e3o Jo\u00e3o<\/a> da Bahia 2025 reuniu um p\u00fablico total de oito milh\u00f5es de pessoas com eventos no Parque de Exposi\u00e7\u00f5es, no Pelourinho (Centro Hist\u00f3rico), no bairro de Paripe, em Salvador, al\u00e9m de 281 munic\u00edpios do interior. Para garantir a seguran\u00e7a dos participantes, a Pol\u00edcia Militar da Bahia empregou, num esquema especial para os festejos juninos, um efetivo de emprego direto de 7.251 policiais militares, al\u00e9m do efetivo di\u00e1rio.<\/p>\n<p>As a\u00e7\u00f5es contaram com um investimento de R$ 26,3 milh\u00f5es envolvendo os custos de hora extra, estrutura, alimenta\u00e7\u00e3o e transporte da tropa em todo o estado. O refor\u00e7o operacional contabilizou um total de 25 mil plant\u00f5es que se somaram ao policiamento de rotina na Bahia. Ao todo, foram instalados 154 portais de controle de acesso nas principais festas. Com os eventos estendidos para os pr\u00f3ximos dias em algumas cidades, o policiamento ainda seguir\u00e1 intensificado at\u00e9 o final de do m\u00eas de junho.<\/p>\n<figure class=\"wp-block-image size-full is-resized\"><img fetchpriority=\"high\" data-dominant-color=\"b6aa7d\" data-has-transparency=\"false\" fetchpriority=\"high\" decoding=\"async\" width=\"768\" height=\"423\" sizes=\"(max-width: 768px) 100vw, 768px\" src=\"http:\/\/noticiasbahia360.com.br\/wp-content\/uploads\/2025\/06\/UoTSdRNI-fiscalizacaodapm_divulgacao-1.webp\" alt=\"Opera\u00e7\u00e3o da Pol\u00edcia Militar\" class=\"wp-image-569245 not-transparent\" style=\"--dominant-color: #b6aa7d; width:840px;height:auto\" srcset=\"https:\/\/uploads.acordacidade.com.br\/2025\/06\/UoTSdRNI-fiscalizacaodapm_divulgacao-1-648x357.webp 648w, https:\/\/uploads.acordacidade.com.br\/2025\/06\/UoTSdRNI-fiscalizacaodapm_divulgacao-1-150x83.webp 150w, http:\/\/noticiasbahia360.com.br\/wp-content\/uploads\/2025\/06\/UoTSdRNI-fiscalizacaodapm_divulgacao-1.webp 768w\"><figcaption class=\"wp-element-caption\">Foto: Divulga\u00e7\u00e3o\/PM<\/figcaption><\/figure>\n<p>Durante a Opera\u00e7\u00e3o S\u00e3o Jo\u00e3o, at\u00e9 a madrugada desta quarta-feira (25) foram realizadas 18 pris\u00f5es por reconhecimento facial (com a participa\u00e7\u00e3o de policiais militares), registradas 39 ocorr\u00eancias com drogas, 49 pris\u00f5es em flagrante e 163 pessoas conduzidas \u00e0 delegacias. Os dados foram contabilizados pelo Centro Integrado de Informa\u00e7\u00f5es para Decis\u00f5es Estrat\u00e9gicas (CIDE), do Comando de Opera\u00e7\u00f5es Policiais Militares (COPPM).<\/p>\n<p>Rodovias Estaduais \u2013 Por meio do Comando Especializado de Policiamento Rodovi\u00e1rio (CEPRv), a PMBA tamb\u00e9m intensificou o policiamento ostensivo e, as quatro unidades de policiamento rodovi\u00e1rio \u2013 sendo elas o Batalh\u00e3o de Pol\u00edcia Rodovi\u00e1ria (BPRv) e as Companhias Independentes de Pol\u00edcia Rodovi\u00e1ria de Itabuna, Barreiras e Brumado \u2014 atuaram com efetivo extraordin\u00e1rio. Esse refor\u00e7o foi direcionado para cobrir o policiamento di\u00e1rio e tamb\u00e9m para realocar policiais militares para as localidades com maior demanda devido \u00e0 realiza\u00e7\u00e3o de grandes eventos.<\/p>\n<p>Do dia 20 ao dia 25 de junho, foram abordados nas rodovias 15.370 ve\u00edculos, cinco pessoas foram presas em flagrante, duas armas de fogo foram apreendidas e 19 ve\u00edculos foram recuperados. Foram registrados 23 acidentes de tr\u00e2nsito com v\u00edtimas, sendo 10 fatais, seis graves e 24 com ferimentos leves; e 19 acidentes sem v\u00edtimas.<\/p>\n<p>Neste ano, houve um aumento de 156% das fiscaliza\u00e7\u00f5es com a utiliza\u00e7\u00e3o etil\u00f4metro para coibir o uso de bebidas alco\u00f3licas pelos condutores ao volante. Como resultado, houve uma redu\u00e7\u00e3o de 23% de pessoas vitimadas fatalmente e 57% de v\u00edtimas graves em acidentes, num comparativo com o mesmo per\u00edodo do ano passado.<\/p>\n<p>\u201c\u00c9 importante destacar que, em algumas cidades, os eventos de S\u00e3o Pedro s\u00e3o o ponto alto das celebra\u00e7\u00f5es. Por isso, o policiamento ser\u00e1 intensificado at\u00e9 o dia 30 de junho, permanecendo com os esfor\u00e7os para o feriado de 2 de Julho. Al\u00e9m do per\u00edodo junino, as unidades tamb\u00e9m refor\u00e7aram o policiamento rodovi\u00e1rio em fun\u00e7\u00e3o do feriado de Corpus Christi, entre os dias 18 e 19 de junho, explica o comandante do CEPRv, coronel Sampaio.<\/p>\n<p><em>Siga o Acorda Cidade no<\/em><a href=\"https:\/\/news.google.com\/search?q=acorda%20cidade&amp;hl=pt-BR&amp;gl=BR&amp;ceid=BR%3Apt-419\"><strong><em> Google Not\u00edcias<\/em><\/strong><\/a><em> e receba os principais destaques do dia. Participe tamb\u00e9m dos nossos canais no <\/em><a href=\"https:\/\/whatsapp.com\/channel\/0029Va6Rb4v3WHTNnsh8WI3N\"><strong><em>WhatsApp<\/em><\/strong><\/a><em> e <\/em><a href=\"https:\/\/www.youtube.com\/@acordacidadenoticias\/videos\"><strong>Youtube<\/strong><\/a><em> e grupo de <\/em><a href=\"https:\/\/t.me\/+sSz0khrgARA0ZmRh\"><strong><em>Telegram<\/em><\/strong><\/a><em>.<\/em><\/p>\n<\/div>\n","protected":false},"excerpt":{"rendered":"<div>\n<div>\n<figure><img decoding=\"async\" src=\"https:\/\/uploads.acordacidade.com.br\/2025\/06\/fiscalizacaodapm_divulgacao-2.jpg\" alt=\"Opera\u00e7\u00e3o da Pol\u00edcia Militar\"><figcaption>Foto: Divulga\u00e7\u00e3o\/PM<\/figcaption><\/figure>\n<\/div>\n<p>PM aumentou as fiscaliza\u00e7\u00f5es nas rodovias da Bahia e registrou redu\u00e7\u00e3o de v\u00edtimas fatais e graves em acidentes.<\/p><\/div>\n","protected":false},"author":1,"featured_media":91126,"comment_status":"closed","ping_status":"closed","sticky":false,"template":"","format":"gallery","meta":{"footnotes":""},"categories":[8,9,6,57,56,10],"tags":[],"class_list":["post-91125","post","type-post","status-publish","format-gallery","has-post-thumbnail","hentry","category-bahia","category-brasil","category-feira-de-santana","category-mundo","category-policia","category-politica","post_format-post-format-gallery"],"featured_image_urls":{"full":["https:\/\/noticiasbahia360.com.br\/wp-content\/uploads\/2025\/06\/fiscalizacaodapm_divulgacao-2.jpg",768,576,false],"thumbnail":["https:\/\/noticiasbahia360.com.br\/wp-content\/uploads\/2025\/06\/fiscalizacaodapm_divulgacao-2-150x150.jpg",150,150,true],"medium":["https:\/\/noticiasbahia360.com.br\/wp-content\/uploads\/2025\/06\/fiscalizacaodapm_divulgacao-2-300x225.jpg",300,225,true],"medium_large":["https:\/\/noticiasbahia360.com.br\/wp-content\/uploads\/2025\/06\/fiscalizacaodapm_divulgacao-2.jpg",640,480,false],"large":["https:\/\/noticiasbahia360.com.br\/wp-content\/uploads\/2025\/06\/fiscalizacaodapm_divulgacao-2.jpg",640,480,false],"1536x1536":["https:\/\/noticiasbahia360.com.br\/wp-content\/uploads\/2025\/06\/fiscalizacaodapm_divulgacao-2.jpg",768,576,false],"2048x2048":["https:\/\/noticiasbahia360.com.br\/wp-content\/uploads\/2025\/06\/fiscalizacaodapm_divulgacao-2.jpg",768,576,false],"chromenews-featured":["https:\/\/noticiasbahia360.com.br\/wp-content\/uploads\/2025\/06\/fiscalizacaodapm_divulgacao-2.jpg",768,576,false],"chromenews-large":["https:\/\/noticiasbahia360.com.br\/wp-content\/uploads\/2025\/06\/fiscalizacaodapm_divulgacao-2.jpg",767,575,false],"chromenews-medium":["https:\/\/noticiasbahia360.com.br\/wp-content\/uploads\/2025\/06\/fiscalizacaodapm_divulgacao-2-590x410.jpg",590,410,true]},"author_info":{"display_name":"noticiasbahia360.com.br","author_link":"https:\/\/noticiasbahia360.com.br\/?author=1"},"category_info":"<a href=\"https:\/\/noticiasbahia360.com.br\/?cat=8\" rel=\"category\">Bahia<\/a> <a href=\"https:\/\/noticiasbahia360.com.br\/?cat=9\" rel=\"category\">Brasil<\/a> <a href=\"https:\/\/noticiasbahia360.com.br\/?cat=6\" rel=\"category\">Feira de Santana<\/a> <a href=\"https:\/\/noticiasbahia360.com.br\/?cat=57\" rel=\"category\">Mundo<\/a> <a href=\"https:\/\/noticiasbahia360.com.br\/?cat=56\" rel=\"category\">Pol\u00edcia<\/a> <a href=\"https:\/\/noticiasbahia360.com.br\/?cat=10\" rel=\"category\">Pol\u00edtica<\/a>","tag_info":"Pol\u00edtica","comment_count":"0","_links":{"self":[{"href":"https:\/\/noticiasbahia360.com.br\/index.php?rest_route=\/wp\/v2\/posts\/91125","targetHints":{"allow":["GET"]}}],"collection":[{"href":"https:\/\/noticiasbahia360.com.br\/index.php?rest_route=\/wp\/v2\/posts"}],"about":[{"href":"https:\/\/noticiasbahia360.com.br\/index.php?rest_route=\/wp\/v2\/types\/post"}],"author":[{"embeddable":true,"href":"https:\/\/noticiasbahia360.com.br\/index.php?rest_route=\/wp\/v2\/users\/1"}],"replies":[{"embeddable":true,"href":"https:\/\/noticiasbahia360.com.br\/index.php?rest_route=%2Fwp%2Fv2%2Fcomments&post=91125"}],"version-history":[{"count":0,"href":"https:\/\/noticiasbahia360.com.br\/index.php?rest_route=\/wp\/v2\/posts\/91125\/revisions"}],"wp:featuredmedia":[{"embeddable":true,"href":"https:\/\/noticiasbahia360.com.br\/index.php?rest_route=\/wp\/v2\/media\/91126"}],"wp:attachment":[{"href":"https:\/\/noticiasbahia360.com.br\/index.php?rest_route=%2Fwp%2Fv2%2Fmedia&parent=91125"}],"wp:term":[{"taxonomy":"category","embeddable":true,"href":"https:\/\/noticiasbahia360.com.br\/index.php?rest_route=%2Fwp%2Fv2%2Fcategories&post=91125"},{"taxonomy":"post_tag","embeddable":true,"href":"https:\/\/noticiasbahia360.com.br\/index.php?rest_route=%2Fwp%2Fv2%2Ftags&post=91125"}],"curies":[{"name":"wp","href":"https:\/\/api.w.org\/{rel}","templated":true}]}}