{"id":91132,"date":"2025-06-26T08:29:26","date_gmt":"2025-06-26T11:29:26","guid":{"rendered":"https:\/\/noticiasbahia360.com.br\/?p=91132"},"modified":"2025-06-26T08:29:26","modified_gmt":"2025-06-26T11:29:26","slug":"sinais-do-diabetes-que-voce-pode-estar-ignorando","status":"publish","type":"post","link":"https:\/\/noticiasbahia360.com.br\/?p=91132","title":{"rendered":"Sinais do diabetes que voc\u00ea pode estar ignorando"},"content":{"rendered":"<div>\n<div>\n<figure><img decoding=\"async\" src=\"http:\/\/noticiasbahia360.com.br\/wp-content\/uploads\/2025\/06\/diabetes-foto-freepik.jpg\" alt=\"Diabetes\"><figcaption>Foto: Freepik<\/figcaption><\/figure>\n<\/div>\n<p>O Dia Nacional de Combate ao Diabetes, celebrado nesta quinta-feira, dia 26 de junho, chama a aten\u00e7\u00e3o para uma realidade preocupante: aproximadamente 20 milh\u00f5es de brasileiros vivem com a doen\u00e7a, de acordo com estimativa da Sociedade Brasileira de Diabetes. <strong>Silencioso e muitas vezes subestimado, o diabetes tipo 2 pode evoluir por anos sem apresentar sintomas evidentes, o que dificulta o diagn\u00f3stico e favorece complica\u00e7\u00f5es graves.<\/strong><\/p>\n<p>A doen\u00e7a ocorre quando h\u00e1 excesso de glicose no sangue devido \u00e0 produ\u00e7\u00e3o insuficiente ou \u00e0 m\u00e1 utiliza\u00e7\u00e3o da insulina, horm\u00f4nio respons\u00e1vel por transformar o a\u00e7\u00facar em energia. O sobrepeso, presente em 7 a cada 10 brasileiros, somado ao consumo de alimentos ultraprocessados, \u00e9 um dos principais fatores de risco.<\/p>\n<p><strong>\u201cVoc\u00ea pode estar com diabetes e nem desconfiar, principalmente se n\u00e3o conhece seu hist\u00f3rico familiar. Os sinais iniciais s\u00e3o sutis e facilmente confundidos com estresse ou h\u00e1bitos do dia a dia. Quando o paciente procura ajuda, muitas vezes o corpo j\u00e1 est\u00e1 comprometido\u201d, explica o endocrinologista M\u00e1rcio S. Roberto, coordenador de endocrinologia do Hospital S\u00e3o Luiz Jabaquara, da Rede D\u2019Or.<\/strong><\/p>\n<h2 class=\"wp-block-heading\" id=\"h-confira-os-9-sintomas-mais-comuns-que-podem-indicar-a-presenca-do-diabetes\">Confira os 9 sintomas mais comuns que podem indicar a presen\u00e7a do diabetes:<\/h2>\n<ul class=\"wp-block-list\">\n<li><strong>Sede constante<\/strong> \u2013 Mesmo bebendo bastante \u00e1gua, a sensa\u00e7\u00e3o de boca seca n\u00e3o passa.<br \/>Vontade frequente de urinar \u2013 Voc\u00ea acorda v\u00e1rias vezes \u00e0 noite para ir ao banheiro? Pode ser um alerta.<\/li>\n<li><strong>Cansa\u00e7o sem motivo aparente <\/strong>\u2013 Sensa\u00e7\u00e3o de exaust\u00e3o mesmo ap\u00f3s uma boa noite de sono.<\/li>\n<li><strong>Fome exagerada<\/strong> \u2013 Comer muito e n\u00e3o se sentir saciado.<\/li>\n<li><strong>Perda (ou ganho) de peso sem explica\u00e7\u00e3o<\/strong> \u2013 Mesmo sem dieta ou mudan\u00e7a na rotina.<br \/>Vis\u00e3o emba\u00e7ada ou turva \u2013 Dificuldade para focar ou enxergar nitidamente.<\/li>\n<li><strong>Formigamento nos p\u00e9s e m\u00e3os<\/strong> \u2013 Altera\u00e7\u00f5es na sensibilidade perif\u00e9rica.<\/li>\n<li><strong>Infec\u00e7\u00f5es de repeti\u00e7\u00e3o<\/strong> \u2013 Candid\u00edase, <a href=\"https:\/\/www.acordacidade.com.br\/tag\/infeccao-urinaria\/\">infec\u00e7\u00f5es urin\u00e1rias<\/a> ou de pele que voltam com frequ\u00eancia.<\/li>\n<li><strong>Feridas que demoram a cicatrizar <\/strong>\u2013 Pequenos machucados que levam semanas para fechar.<\/li>\n<\/ul>\n<p>\u201cCom a rotina acelerada, sedentarismo e maus h\u00e1bitos alimentares, as pessoas tendem a normalizar sinais do corpo. Se tem algo que pode fazer a diferen\u00e7a \u00e9 prestar aten\u00e7\u00e3o nos \u2018recados\u2019 do organismo. Ele costuma avisar, mesmo que discretamente\u201d, destaca Roberto.<\/p>\n<p>Quando n\u00e3o tratado, o diabetes pode causar infartos, AVCs, insufici\u00eancia renal, cegueira e at\u00e9 amputa\u00e7\u00f5es, consequ\u00eancias da deteriora\u00e7\u00e3o dos vasos sangu\u00edneos e da m\u00e1 circula\u00e7\u00e3o.<\/p>\n<h2 class=\"wp-block-heading\" id=\"h-avancos-no-tratamento\"><strong>Avan\u00e7os no tratamento<\/strong><\/h2>\n<p>Apesar de incur\u00e1vel, o diabetes passou a contar com tratamentos cada vez mais eficazes. Medicamentos modernos ajudam a controlar a glicemia, promovem perda de peso e protegem \u00f3rg\u00e3os como cora\u00e7\u00e3o e rins.<\/p>\n<p>Entre as novidades, est\u00e3o os medicamentos que agem no receptor GLP-1, como o Ozempic, que regula o apetite e os n\u00edveis de a\u00e7\u00facar no sangue, e o Mounjaro, de aplica\u00e7\u00e3o semanal, que tamb\u00e9m contribui para o controle metab\u00f3lico.<\/p>\n<p>\u201cO diabetes \u00e9 trai\u00e7oeiro, mas n\u00e3o \u00e9 imbat\u00edvel. Quanto antes for identificado, maiores as chances de manter uma vida saud\u00e1vel. Mudan\u00e7as na alimenta\u00e7\u00e3o, pr\u00e1tica de exerc\u00edcios, boa qualidade do sono e acompanhamento m\u00e9dico fazem toda a diferen\u00e7a\u201d, refor\u00e7a o m\u00e9dico do S\u00e3o Luiz Jabaquara.<\/p>\n<p><em>Siga o Acorda Cidade no<\/em><a href=\"https:\/\/news.google.com\/search?q=acorda%20cidade&amp;hl=pt-BR&amp;gl=BR&amp;ceid=BR%3Apt-419\"><strong><em>\u00a0Google Not\u00edcias<\/em><\/strong><\/a><em>\u00a0e receba os principais destaques do dia. Participe tamb\u00e9m dos nossos canais no\u00a0<\/em><a href=\"https:\/\/www.whatsapp.com\/channel\/0029Va6Rb4v3WHTNnsh8WI3N\"><strong><em>WhatsApp<\/em><\/strong><\/a><em>\u00a0e\u00a0<\/em><a href=\"https:\/\/www.youtube.com\/@acordacidadenoticias\/videos\"><strong>YouTube<\/strong><\/a><em>\u00a0e grupo de\u00a0<\/em><a href=\"https:\/\/t.me\/+sSz0khrgARA0ZmRh\"><strong><em>Telegram<\/em><\/strong><\/a><em>.<\/em><\/p>\n<\/div>\n","protected":false},"excerpt":{"rendered":"<div>\n<div>\n<figure><img decoding=\"async\" src=\"https:\/\/uploads.acordacidade.com.br\/2025\/06\/diabetes-foto-freepik.jpg\" alt=\"Diabetes\"><figcaption>Foto: Freepik<\/figcaption><\/figure>\n<\/div>\n<p>Sobrepeso, somado ao consumo de alimentos ultraprocessados, \u00e9 um dos principais fatores de risco; sintomas podem parecer parte da rotina, mas exigem aten\u00e7\u00e3o<\/p><\/div>\n","protected":false},"author":1,"featured_media":91133,"comment_status":"closed","ping_status":"closed","sticky":false,"template":"","format":"gallery","meta":{"footnotes":""},"categories":[8,9,6,57,56,10],"tags":[],"class_list":["post-91132","post","type-post","status-publish","format-gallery","has-post-thumbnail","hentry","category-bahia","category-brasil","category-feira-de-santana","category-mundo","category-policia","category-politica","post_format-post-format-gallery"],"featured_image_urls":{"full":["https:\/\/noticiasbahia360.com.br\/wp-content\/uploads\/2025\/06\/diabetes-foto-freepik.jpg",1300,865,false],"thumbnail":["https:\/\/noticiasbahia360.com.br\/wp-content\/uploads\/2025\/06\/diabetes-foto-freepik-150x150.jpg",150,150,true],"medium":["https:\/\/noticiasbahia360.com.br\/wp-content\/uploads\/2025\/06\/diabetes-foto-freepik-300x200.jpg",300,200,true],"medium_large":["https:\/\/noticiasbahia360.com.br\/wp-content\/uploads\/2025\/06\/diabetes-foto-freepik-768x511.jpg",640,426,true],"large":["https:\/\/noticiasbahia360.com.br\/wp-content\/uploads\/2025\/06\/diabetes-foto-freepik-1024x681.jpg",640,426,true],"1536x1536":["https:\/\/noticiasbahia360.com.br\/wp-content\/uploads\/2025\/06\/diabetes-foto-freepik.jpg",1300,865,false],"2048x2048":["https:\/\/noticiasbahia360.com.br\/wp-content\/uploads\/2025\/06\/diabetes-foto-freepik.jpg",1300,865,false],"chromenews-featured":["https:\/\/noticiasbahia360.com.br\/wp-content\/uploads\/2025\/06\/diabetes-foto-freepik-1024x681.jpg",1024,681,true],"chromenews-large":["https:\/\/noticiasbahia360.com.br\/wp-content\/uploads\/2025\/06\/diabetes-foto-freepik-825x575.jpg",825,575,true],"chromenews-medium":["https:\/\/noticiasbahia360.com.br\/wp-content\/uploads\/2025\/06\/diabetes-foto-freepik-590x410.jpg",590,410,true]},"author_info":{"display_name":"noticiasbahia360.com.br","author_link":"https:\/\/noticiasbahia360.com.br\/?author=1"},"category_info":"<a href=\"https:\/\/noticiasbahia360.com.br\/?cat=8\" rel=\"category\">Bahia<\/a> <a href=\"https:\/\/noticiasbahia360.com.br\/?cat=9\" rel=\"category\">Brasil<\/a> <a href=\"https:\/\/noticiasbahia360.com.br\/?cat=6\" rel=\"category\">Feira de Santana<\/a> <a href=\"https:\/\/noticiasbahia360.com.br\/?cat=57\" rel=\"category\">Mundo<\/a> <a href=\"https:\/\/noticiasbahia360.com.br\/?cat=56\" rel=\"category\">Pol\u00edcia<\/a> <a href=\"https:\/\/noticiasbahia360.com.br\/?cat=10\" rel=\"category\">Pol\u00edtica<\/a>","tag_info":"Pol\u00edtica","comment_count":"0","_links":{"self":[{"href":"https:\/\/noticiasbahia360.com.br\/index.php?rest_route=\/wp\/v2\/posts\/91132","targetHints":{"allow":["GET"]}}],"collection":[{"href":"https:\/\/noticiasbahia360.com.br\/index.php?rest_route=\/wp\/v2\/posts"}],"about":[{"href":"https:\/\/noticiasbahia360.com.br\/index.php?rest_route=\/wp\/v2\/types\/post"}],"author":[{"embeddable":true,"href":"https:\/\/noticiasbahia360.com.br\/index.php?rest_route=\/wp\/v2\/users\/1"}],"replies":[{"embeddable":true,"href":"https:\/\/noticiasbahia360.com.br\/index.php?rest_route=%2Fwp%2Fv2%2Fcomments&post=91132"}],"version-history":[{"count":0,"href":"https:\/\/noticiasbahia360.com.br\/index.php?rest_route=\/wp\/v2\/posts\/91132\/revisions"}],"wp:featuredmedia":[{"embeddable":true,"href":"https:\/\/noticiasbahia360.com.br\/index.php?rest_route=\/wp\/v2\/media\/91133"}],"wp:attachment":[{"href":"https:\/\/noticiasbahia360.com.br\/index.php?rest_route=%2Fwp%2Fv2%2Fmedia&parent=91132"}],"wp:term":[{"taxonomy":"category","embeddable":true,"href":"https:\/\/noticiasbahia360.com.br\/index.php?rest_route=%2Fwp%2Fv2%2Fcategories&post=91132"},{"taxonomy":"post_tag","embeddable":true,"href":"https:\/\/noticiasbahia360.com.br\/index.php?rest_route=%2Fwp%2Fv2%2Ftags&post=91132"}],"curies":[{"name":"wp","href":"https:\/\/api.w.org\/{rel}","templated":true}]}}